{"id":22878,"date":"2025-09-03T07:01:11","date_gmt":"2025-09-03T07:01:11","guid":{"rendered":"https:\/\/unser-quartier.de\/hagelkreuz\/?p=22878"},"modified":"2025-09-03T08:03:29","modified_gmt":"2025-09-03T08:03:29","slug":"erster-platz-fuer-das-team-hagelkreuz-kommunaler-klimaschutz","status":"publish","type":"post","link":"https:\/\/unser-quartier.de\/hagelkreuz\/2025\/09\/erster-platz-fuer-das-team-hagelkreuz-kommunaler-klimaschutz\/","title":{"rendered":"Erster Platz f\u00fcr das Team Hagelkreuz \u2013 Kommunaler Klimaschutz"},"content":{"rendered":"<figure id=\"attachment_22882\" aria-describedby=\"caption-attachment-22882\" style=\"width: 290px\" class=\"wp-caption alignleft\"><a href=\"https:\/\/unser-quartier.de\/hagelkreuz\/files\/2025\/09\/Klima-Taler-Team-Hagelkreuz-Ergebnisse-August-2025.png\" data-wpel-link=\"internal\"><img loading=\"lazy\" decoding=\"async\" class=\"size-medium wp-image-22882\" src=\"https:\/\/unser-quartier.de\/hagelkreuz\/files\/2025\/09\/Klima-Taler-Team-Hagelkreuz-Ergebnisse-August-2025-300x300.png\" alt=\"Ergebnisse Klima-Taler Team Hagelkreuz\" width=\"300\" height=\"300\" srcset=\"https:\/\/unser-quartier.de\/hagelkreuz\/files\/2025\/09\/Klima-Taler-Team-Hagelkreuz-Ergebnisse-August-2025-300x300.png 300w, https:\/\/unser-quartier.de\/hagelkreuz\/files\/2025\/09\/Klima-Taler-Team-Hagelkreuz-Ergebnisse-August-2025-1024x1024.png 1024w, https:\/\/unser-quartier.de\/hagelkreuz\/files\/2025\/09\/Klima-Taler-Team-Hagelkreuz-Ergebnisse-August-2025-150x150.png 150w, https:\/\/unser-quartier.de\/hagelkreuz\/files\/2025\/09\/Klima-Taler-Team-Hagelkreuz-Ergebnisse-August-2025-768x768.png 768w, https:\/\/unser-quartier.de\/hagelkreuz\/files\/2025\/09\/Klima-Taler-Team-Hagelkreuz-Ergebnisse-August-2025.png 1200w\" sizes=\"auto, (max-width: 300px) 100vw, 300px\" \/><\/a><figcaption id=\"caption-attachment-22882\" class=\"wp-caption-text\">Klima-Taler Team Hagelkreuz Ergebnisse August 2025<\/figcaption><\/figure>\n<p style=\"font-weight: 400;\">Wir sind so stolz auf die BewohnerInnen im Hagelkreuz: In der Kategorie &#8222;Freie Teams&#8220; der Klima-Taler Initiative des Umweltreferates der Thomasstadt ist das Team Hagelkreuz auf dem ersten Platz! Herzlichen Gl\u00fcckwunsch an alle, die mitmachen und helfen, unseren CO\u2082-Abdruck zu verkleinern. Die Stadt Kempen motiviert mit der Teilnahme und der Klima-Taler App die B\u00fcrgerinnen und B\u00fcrger der Thomasstadt mit cleveren Elementen zu klimafreundlichem Verhalten.<\/p>\n<p><!--more--><\/p>\n<h3 style=\"font-weight: 400;\"><strong>Spiel, Spa\u00df &amp; Belohnung<\/strong><\/h3>\n<p style=\"font-weight: 400;\">Aus vielen kleinen individuellen Schritten \u2013 so die Idee \u2013 werden gro\u00dfe gemeinsame Erfolge und das Ganze macht noch viel Spa\u00df. Wer sich die App herunterl\u00e4dt, nimmt teil und kann mit seinem individuellen klimafreundlichen Verhalten digitale Klima-Taler sammeln; es kostet nix und sorgt f\u00fcr bewusste B\u00fcrgerbeteiligung, um gemeinsam mehr im kommunalen Klimaschutz zu erreichen.<\/p>\n<p style=\"font-weight: 400;\">Ob zu Fu\u00df gehen, mit dem Fahrrad und im \u00d6PNV unterwegs sein, Energie und Wasser sparen und bewusster einkaufen: Die App erkennt automatisch, wie man unterwegs ist \u2013 zu Fu\u00df, mit dem Rad, Bus, Bahn oder doch mit dem Auto. Mit seinen individuellen Einstellungen in der App werden Durchschnittswerte zur pers\u00f6nlichen CO\u2082 -Bilanz errechnet und wer klimafreundlich unterwegs ist, sammelt dabei Taler.<\/p>\n<p style=\"font-weight: 400;\">Ein Klima-Taler besteht aus 5\u202fkg eingespartem CO\u2082. In der App wird er Segment f\u00fcr Segment sichtbar gef\u00fcllt \u2013 wie ein Fortschrittsbalken, der f\u00fcr Bewegung belohnt. Ist er voll, wandert der Taler in die digitale Geldb\u00f6rse und kann eingel\u00f6st werden.<\/p>\n<h3 style=\"font-weight: 400;\"><strong>Mit Klima-Taler bares Geld verdienen<\/strong><\/h3>\n<p style=\"font-weight: 400;\">Durch die gesammelten Klima-Taler wird man beispielsweise bei den Kempener Lichtspielen an der Kinokasse mit einem Rabatt von 1 \u20ac (2 Klimathaler) belohnt oder kann mit 8 Talern sie im Sylter Eiscaf\u00e9 f\u00fcr einen Kaffee to go eintauschen. Der Genuss-Laden von Herrn Faruk gew\u00e4hrt mit 3 Talern 10 % Rabatt auf den gesamten Einkauf. Wer will, kann auch Klimataler digital verschenken. Mehr Einzelheiten dazu unter <a href=\"https:\/\/klima-taler.com\/de\/home-de\/\" data-wpel-link=\"external\" target=\"_self\" rel=\"nofollow external noopener noreferrer\" title=\"Externer Link: \" class=\"ext-link wpel-icon-right\">https:\/\/klima-taler.com\/de\/home-de\/<span class=\"wpel-icon wpel-image wpel-icon-6\"><\/span><\/a>.<\/p>\n<h3 style=\"font-weight: 400;\"><strong>Nachbargemeinden sind auch dabei<\/strong><\/h3>\n<p style=\"font-weight: 400;\">Neben den genannten H\u00e4ndlern aus Kempen gibt es auf dem Marktplatz in der App weitere Angebote in Kempen und seit einigen Monaten auch attraktive Angebote aus den Nachbarkommunen im Kreis Viersen (z.B. Freilichtmuseum Grefrath, Sauna in Nettetal etc.).<\/p>\n<h3 style=\"font-weight: 400;\"><strong>Kempen schon bis 2040 klimaneutral<\/strong><\/h3>\n<p style=\"font-weight: 400;\">Bis 2045 soll die Klimaneutralit\u00e4t in Deutschland erreicht werden und dies geht nur, wenn viele \u2013 ganz viele \u2013 kleine Schnitte zu einem gro\u00dfen Ganzen verschmelzen. Und dazu m\u00f6chte die Stadt Kempen mit einem ehrgeizigen Ziel ihren Beitrag leisten und bereits 2040 klimaneutral sein. \u00a0\/rs<\/p>\n","protected":false},"excerpt":{"rendered":"<p>Wir sind so stolz auf die BewohnerInnen im Hagelkreuz: In der Kategorie &#8222;Freie Teams&#8220; der Klima-Taler Initiative des Umweltreferates der Thomasstadt ist das Team Hagelkreuz auf dem ersten Platz! Herzlichen Gl\u00fcckwunsch an alle, die mitmachen und helfen, unseren CO\u2082-Abdruck zu verkleinern. Die Stadt Kempen motiviert mit der Teilnahme und der Klima-Taler App die B\u00fcrgerinnen und&hellip; <a class=\"continue\" href=\"https:\/\/unser-quartier.de\/hagelkreuz\/2025\/09\/erster-platz-fuer-das-team-hagelkreuz-kommunaler-klimaschutz\/\" data-wpel-link=\"internal\"> \u00bb weiterlesen: <span> Erster Platz f\u00fcr das Team Hagelkreuz \u2013 Kommunaler Klimaschutz<\/span><\/a><\/p>\n","protected":false},"author":688,"featured_media":22877,"comment_status":"closed","ping_status":"closed","sticky":false,"template":"","format":"standard","meta":{"generate_page_header":"","footnotes":""},"categories":[55,260,259,279,261,274,268,235,266],"tags":[],"class_list":["post-22878","post","type-post","status-publish","format-standard","has-post-thumbnail","hentry","category-aktivitaeten-im-quartier","category-fahrradfahren","category-freizeit-2","category-kinder","category-mobileendgeraete","category-quartier","category-reisen-freizeit-2","category-veranstaltungshinweis","category-wandern"],"_links":{"self":[{"href":"https:\/\/unser-quartier.de\/hagelkreuz\/wp-json\/wp\/v2\/posts\/22878","targetHints":{"allow":["GET"]}}],"collection":[{"href":"https:\/\/unser-quartier.de\/hagelkreuz\/wp-json\/wp\/v2\/posts"}],"about":[{"href":"https:\/\/unser-quartier.de\/hagelkreuz\/wp-json\/wp\/v2\/types\/post"}],"author":[{"embeddable":true,"href":"https:\/\/unser-quartier.de\/hagelkreuz\/wp-json\/wp\/v2\/users\/688"}],"replies":[{"embeddable":true,"href":"https:\/\/unser-quartier.de\/hagelkreuz\/wp-json\/wp\/v2\/comments?post=22878"}],"version-history":[{"count":3,"href":"https:\/\/unser-quartier.de\/hagelkreuz\/wp-json\/wp\/v2\/posts\/22878\/revisions"}],"predecessor-version":[{"id":22885,"href":"https:\/\/unser-quartier.de\/hagelkreuz\/wp-json\/wp\/v2\/posts\/22878\/revisions\/22885"}],"wp:featuredmedia":[{"embeddable":true,"href":"https:\/\/unser-quartier.de\/hagelkreuz\/wp-json\/wp\/v2\/media\/22877"}],"wp:attachment":[{"href":"https:\/\/unser-quartier.de\/hagelkreuz\/wp-json\/wp\/v2\/media?parent=22878"}],"wp:term":[{"taxonomy":"category","embeddable":true,"href":"https:\/\/unser-quartier.de\/hagelkreuz\/wp-json\/wp\/v2\/categories?post=22878"},{"taxonomy":"post_tag","embeddable":true,"href":"https:\/\/unser-quartier.de\/hagelkreuz\/wp-json\/wp\/v2\/tags?post=22878"}],"curies":[{"name":"wp","href":"https:\/\/api.w.org\/{rel}","templated":true}]}}