{"id":23108,"date":"2025-11-21T11:26:25","date_gmt":"2025-11-21T11:26:25","guid":{"rendered":"https:\/\/unser-quartier.de\/hagelkreuz\/?p=23108"},"modified":"2025-11-24T10:40:39","modified_gmt":"2025-11-24T10:40:39","slug":"weihnachtsbaum-schmueckt-den-concordienplatz","status":"publish","type":"post","link":"https:\/\/unser-quartier.de\/hagelkreuz\/2025\/11\/weihnachtsbaum-schmueckt-den-concordienplatz\/","title":{"rendered":"Weihnachtsbaum schm\u00fcckt den Concordienplatz"},"content":{"rendered":"<h3>Kinder gestalten liebevollen Baumschmuck<\/h3>\n<p><img loading=\"lazy\" decoding=\"async\" class=\"size-medium wp-image-23112 alignleft\" src=\"https:\/\/unser-quartier.de\/hagelkreuz\/files\/2025\/11\/IMG_0565-300x200.jpg\" alt=\"Gruppenfoto Weihnachtsbaum schm\u00fccken\" width=\"300\" height=\"200\" srcset=\"https:\/\/unser-quartier.de\/hagelkreuz\/files\/2025\/11\/IMG_0565-300x200.jpg 300w, https:\/\/unser-quartier.de\/hagelkreuz\/files\/2025\/11\/IMG_0565-1024x683.jpg 1024w, https:\/\/unser-quartier.de\/hagelkreuz\/files\/2025\/11\/IMG_0565-150x100.jpg 150w, https:\/\/unser-quartier.de\/hagelkreuz\/files\/2025\/11\/IMG_0565-768x512.jpg 768w, https:\/\/unser-quartier.de\/hagelkreuz\/files\/2025\/11\/IMG_0565-272x182.jpg 272w, https:\/\/unser-quartier.de\/hagelkreuz\/files\/2025\/11\/IMG_0565.jpg 1200w\" sizes=\"auto, (max-width: 300px) 100vw, 300px\" \/> In diesem Jahr ziert eine besonders sch\u00f6ne Nordtanne den Concordienplatz \u2013 gestiftet von Alexander Jansen, der seinen Vorgarten umgestalten m\u00f6chte und dem Baum damit ein letztes strahlendes Kapitel erm\u00f6glicht.<!--more--><\/p>\n<p>F\u00fcr den passenden Weihnachtsschmuck sorgten die Kinder aus drei Kinderg\u00e4rten: den beiden st\u00e4dtischen Einrichtungen <strong>Paul und Pauline<\/strong> sowie <strong>Regenbogen<\/strong> und dem katholischen Kindergarten <strong>Christ-K\u00f6nig<\/strong>, gef\u00fchrt von Horizonte. Mit viel Kreativit\u00e4t und Begeisterung bastelten die Kinder farbenfrohen und individuellen Baumschmuck.<\/p>\n<p><img loading=\"lazy\" decoding=\"async\" class=\"size-medium wp-image-23107 alignleft\" src=\"https:\/\/unser-quartier.de\/hagelkreuz\/files\/2025\/11\/IMG_0580-300x200.jpg\" alt=\"Foto vom Hubleiterwagen den Weihnachtsbaum schm\u00fccken.\" width=\"300\" height=\"200\" srcset=\"https:\/\/unser-quartier.de\/hagelkreuz\/files\/2025\/11\/IMG_0580-300x200.jpg 300w, https:\/\/unser-quartier.de\/hagelkreuz\/files\/2025\/11\/IMG_0580-1024x683.jpg 1024w, https:\/\/unser-quartier.de\/hagelkreuz\/files\/2025\/11\/IMG_0580-150x100.jpg 150w, https:\/\/unser-quartier.de\/hagelkreuz\/files\/2025\/11\/IMG_0580-768x512.jpg 768w, https:\/\/unser-quartier.de\/hagelkreuz\/files\/2025\/11\/IMG_0580-272x182.jpg 272w, https:\/\/unser-quartier.de\/hagelkreuz\/files\/2025\/11\/IMG_0580.jpg 1200w\" sizes=\"auto, (max-width: 300px) 100vw, 300px\" \/>Trotz bereits winterlicher Temperaturen trafen sich die Gruppen auf dem Concordienplatz, um gemeinsam ihre Kunstwerke am Baum aufzuh\u00e4ngen. F\u00fcr die h\u00f6heren Stellen unterst\u00fctzten zwei Mitarbeiter des Bauhofs der Stadt Kempen das fr\u00f6hliche Treiben. Mit Hilfe eines Hubleiterwagens sorgten sie daf\u00fcr, dass auch die oberen Zweige festlich geschm\u00fcckt werden konnten.<\/p>\n<p>Als Dankesch\u00f6n f\u00fcr ihr Engagement erhielten die Kinder von den st\u00e4dtischen Organisatorinnen Ariane M\u00fcller und Lena Brauers eine s\u00fc\u00dfe Kleinigkeit \u2013 ein kleines Geschenk, das die Freude \u00fcber den wundersch\u00f6n geschm\u00fcckten Weihnachtsbaum noch abrundete.<\/p>\n<p>Der Concordienplatz zeigt sich nun erneut im weihnachtlichen Glanz und l\u00e4dt B\u00fcrgerinnen und B\u00fcrger dazu ein, die festliche Stimmung zu genie\u00dfen. ib<\/p>\n","protected":false},"excerpt":{"rendered":"<p>Kinder gestalten liebevollen Baumschmuck In diesem Jahr ziert eine besonders sch\u00f6ne Nordtanne den Concordienplatz \u2013 gestiftet von Alexander Jansen, der seinen Vorgarten umgestalten m\u00f6chte und dem Baum damit ein letztes strahlendes Kapitel erm\u00f6glicht.<\/p>\n","protected":false},"author":391,"featured_media":23106,"comment_status":"closed","ping_status":"closed","sticky":false,"template":"","format":"standard","meta":{"generate_page_header":"","footnotes":""},"categories":[55,279,274],"tags":[],"class_list":["post-23108","post","type-post","status-publish","format-standard","has-post-thumbnail","hentry","category-aktivitaeten-im-quartier","category-kinder","category-quartier"],"_links":{"self":[{"href":"https:\/\/unser-quartier.de\/hagelkreuz\/wp-json\/wp\/v2\/posts\/23108","targetHints":{"allow":["GET"]}}],"collection":[{"href":"https:\/\/unser-quartier.de\/hagelkreuz\/wp-json\/wp\/v2\/posts"}],"about":[{"href":"https:\/\/unser-quartier.de\/hagelkreuz\/wp-json\/wp\/v2\/types\/post"}],"author":[{"embeddable":true,"href":"https:\/\/unser-quartier.de\/hagelkreuz\/wp-json\/wp\/v2\/users\/391"}],"replies":[{"embeddable":true,"href":"https:\/\/unser-quartier.de\/hagelkreuz\/wp-json\/wp\/v2\/comments?post=23108"}],"version-history":[{"count":3,"href":"https:\/\/unser-quartier.de\/hagelkreuz\/wp-json\/wp\/v2\/posts\/23108\/revisions"}],"predecessor-version":[{"id":23116,"href":"https:\/\/unser-quartier.de\/hagelkreuz\/wp-json\/wp\/v2\/posts\/23108\/revisions\/23116"}],"wp:featuredmedia":[{"embeddable":true,"href":"https:\/\/unser-quartier.de\/hagelkreuz\/wp-json\/wp\/v2\/media\/23106"}],"wp:attachment":[{"href":"https:\/\/unser-quartier.de\/hagelkreuz\/wp-json\/wp\/v2\/media?parent=23108"}],"wp:term":[{"taxonomy":"category","embeddable":true,"href":"https:\/\/unser-quartier.de\/hagelkreuz\/wp-json\/wp\/v2\/categories?post=23108"},{"taxonomy":"post_tag","embeddable":true,"href":"https:\/\/unser-quartier.de\/hagelkreuz\/wp-json\/wp\/v2\/tags?post=23108"}],"curies":[{"name":"wp","href":"https:\/\/api.w.org\/{rel}","templated":true}]}}