{"id":25386,"date":"2026-09-05T14:34:19","date_gmt":"2026-09-05T14:34:19","guid":{"rendered":"https:\/\/unser-quartier.de\/hagelkreuz\/?p=25386"},"modified":"2026-09-05T14:34:19","modified_gmt":"2026-09-05T14:34:19","slug":"regelmaessige-sprechstunde-vom-sozialverband-vdk-jetzt-im-quartiersbuero","status":"publish","type":"post","link":"https:\/\/unser-quartier.de\/hagelkreuz\/2026\/09\/regelmaessige-sprechstunde-vom-sozialverband-vdk-jetzt-im-quartiersbuero\/","title":{"rendered":"Regelm\u00e4\u00dfige Sprechstunde vom Sozialverband VdK jetzt im Quartiersb\u00fcro"},"content":{"rendered":"<p style=\"font-weight: 400;\">Der\u00a0Sozialverband VdK\u00a0ist ein gro\u00dfer deutscher Sozialverband, der sich f\u00fcr die Rechte und Interessen von\u00a0Menschen mit Behinderungen, Rentnern, Pflegebed\u00fcrftigen und sozial Benachteiligten\u00a0einsetzt. Ab sofort k\u00f6nnen Mitglieder immer donnerstags von 10 bis 14 Uhr telefonisch Termine vereinbaren, die im Quartiersb\u00fcro auf dem Concordienplatz 7, Kempen, stattfinden.<!--more--><\/p>\n<h3 style=\"font-weight: 400;\"><strong>Offene Sprechstunde zum Kennenlernen<\/strong><\/h3>\n<p style=\"font-weight: 400;\">Um das neue Serviceangebot des VdK im Hagelkreuz bekannter zu machen und mit Rat und Tat Menschen zur Seite zu stehen, wird am<\/p>\n<p style=\"font-weight: 400; text-align: center;\"><strong>Donnerstag, 10. September 2026, von 10 bis 13.45 Uhr<\/strong><\/p>\n<p style=\"font-weight: 400;\">eine offene Sprechstunde angeboten. \u201eWir freuen uns sehr, dass das Quartiersb\u00fcro im Mittelpunkt des Hagelkeuzes jetzt zu einer Anlaufstelle f\u00fcr unser Leistungsangebot wird und hoffen sehr, dass viele Personen sich informieren. Oft kann gegen einen abgelehnten Bescheid einer Beh\u00f6rde &#8211; zum Beispiel bei Pflegegrad oder Pflegeleistungen, Krankengeld oder Schwerbehindertenausweis\/Grad der Behinderung Widerspruch &#8211; eingelegt werden: Der Kreisverband Viersen unterst\u00fctzt seine Mitglieder dabei. Als ehrenamtlicher Richter am Sozialgericht in D\u00fcsseldorf sind mir viele F\u00e4lle bekannt, die nach abgelehntem Widerspruch am Ende doch positiv f\u00fcr die Betroffenen ausgegangen sind\u201c, so Manfred Schmuck,Vorsitzender des Ortsverbandes Kempen und T\u00f6nisvorst.<\/p>\n<h3 style=\"font-weight: 400;\"><strong>Was bietet der Sozialverband?<\/strong><\/h3>\n<p style=\"font-weight: 400;\"><img loading=\"lazy\" decoding=\"async\" class=\"alignleft wp-image-25389\" src=\"https:\/\/unser-quartier.de\/hagelkreuz\/files\/2026\/09\/Ausfuellen-von-Formularen-300x200.jpg\" alt=\"\" width=\"329\" height=\"219\" srcset=\"https:\/\/unser-quartier.de\/hagelkreuz\/files\/2026\/09\/Ausfuellen-von-Formularen-300x200.jpg 300w, https:\/\/unser-quartier.de\/hagelkreuz\/files\/2026\/09\/Ausfuellen-von-Formularen-1024x683.jpg 1024w, https:\/\/unser-quartier.de\/hagelkreuz\/files\/2026\/09\/Ausfuellen-von-Formularen-150x100.jpg 150w, https:\/\/unser-quartier.de\/hagelkreuz\/files\/2026\/09\/Ausfuellen-von-Formularen-768x512.jpg 768w, https:\/\/unser-quartier.de\/hagelkreuz\/files\/2026\/09\/Ausfuellen-von-Formularen-272x182.jpg 272w, https:\/\/unser-quartier.de\/hagelkreuz\/files\/2026\/09\/Ausfuellen-von-Formularen.jpg 1200w\" sizes=\"auto, (max-width: 329px) 100vw, 329px\" \/>Kurz gesagt: Der VdK unterst\u00fctzt Menschen dabei, ihre sozialen Rechte durchzusetzen. Dabei bietet er<\/p>\n<ul style=\"font-weight: 400;\">\n<li>Beratung\u00a0zu Rente, Pflege, Behinderung und Sozialleistungen<\/li>\n<li>Unterst\u00fctzung bei Antr\u00e4gen und Widerspr\u00fcchen<\/li>\n<li>Hilfe bei\u00a0sozialrechtlichen Streitigkeiten<\/li>\n<li>politische Arbeit f\u00fcr mehr\u00a0soziale Gerechtigkeit<\/li>\n<\/ul>\n<p style=\"font-weight: 400;\">Wer bereits Mitglied im VdK ist (Jahresgeb\u00fchr aktuell 78 Euro) kann jederzeit f\u00fcr die neue Sprechstunde im Hagelkreuz einen Termin vereinbaren. \u201eWir nehmen uns dann Zeit f\u00fcr die Beratung\u201c, erkl\u00e4rt der ehrenamtliche Vorsitzende des Ortsverbandes aus St. Hubert.<\/p>\n<h3 style=\"font-weight: 400;\"><strong>Ortsverband Kempen und T\u00f6nisvorst <\/strong><\/h3>\n<p style=\"font-weight: 400;\">Manfred Schmuck ist selbst zum Sozialverband mit einem eigenen Widerspruchserlebnis gekommen. \u201eDabei habe ich die Kompetenz und fundierte Hilfe der engagierten Personen zu sch\u00e4tzen gelernt\u201c, berichtet der 68-J\u00e4hrige. \u201eLeider kommen Betroffene oft erst zu uns, wenn \u201edas Kind schon in den Brunnen gefallen\u201c ist\u201c.<\/p>\n<p style=\"font-weight: 400;\">Weitere Informationen und Terminabsprache f\u00fcr die Sprechstunde im Quartiersb\u00fcro beim:<\/p>\n<p style=\"font-weight: 400;\">Sozialverband\u00a0VdK\u00a0NRW e.V.\u00a0<\/p>\n<p style=\"font-weight: 400;\">Ortsverband Kempen und T\u00f6nisvorst<\/p>\n<p style=\"font-weight: 400;\">Telefon:\u00a0<a href=\"tel:+49(0)21629192745\" data-wpel-link=\"internal\">+49 (0) 2152 95 93 680<\/a><\/p>\n<p style=\"font-weight: 400;\">E-Mail:\u00a0<a href=\"mailto:ov-kempen-st-toenis@vdk.de\">ov-kempen-toenisvorst@vdk.de<\/a><\/p>\n<p style=\"font-weight: 400;\">Nat\u00fcrlich ist auch jeder willkommen, der sich \u00fcber den VdK informieren und vielleicht selbst als Ehrenamtlicher im sozialen Team des Verbandes aktiv werden m\u00f6chte.\u00a0 \/rs<\/p>\n","protected":false},"excerpt":{"rendered":"<p>Der\u00a0Sozialverband VdK\u00a0ist ein gro\u00dfer deutscher Sozialverband, der sich f\u00fcr die Rechte und Interessen von\u00a0Menschen mit Behinderungen, Rentnern, Pflegebed\u00fcrftigen und sozial Benachteiligten\u00a0einsetzt. Ab sofort k\u00f6nnen Mitglieder immer donnerstags von 10 bis 14 Uhr telefonisch Termine vereinbaren, die im Quartiersb\u00fcro auf dem Concordienplatz 7, Kempen, stattfinden.<\/p>\n","protected":false},"author":688,"featured_media":25388,"comment_status":"closed","ping_status":"closed","sticky":false,"template":"","format":"standard","meta":{"generate_page_header":"","footnotes":""},"categories":[55],"tags":[],"class_list":["post-25386","post","type-post","status-publish","format-standard","has-post-thumbnail","hentry","category-aktivitaeten-im-quartier"],"_links":{"self":[{"href":"https:\/\/unser-quartier.de\/hagelkreuz\/wp-json\/wp\/v2\/posts\/25386","targetHints":{"allow":["GET"]}}],"collection":[{"href":"https:\/\/unser-quartier.de\/hagelkreuz\/wp-json\/wp\/v2\/posts"}],"about":[{"href":"https:\/\/unser-quartier.de\/hagelkreuz\/wp-json\/wp\/v2\/types\/post"}],"author":[{"embeddable":true,"href":"https:\/\/unser-quartier.de\/hagelkreuz\/wp-json\/wp\/v2\/users\/688"}],"replies":[{"embeddable":true,"href":"https:\/\/unser-quartier.de\/hagelkreuz\/wp-json\/wp\/v2\/comments?post=25386"}],"version-history":[{"count":3,"href":"https:\/\/unser-quartier.de\/hagelkreuz\/wp-json\/wp\/v2\/posts\/25386\/revisions"}],"predecessor-version":[{"id":25392,"href":"https:\/\/unser-quartier.de\/hagelkreuz\/wp-json\/wp\/v2\/posts\/25386\/revisions\/25392"}],"wp:featuredmedia":[{"embeddable":true,"href":"https:\/\/unser-quartier.de\/hagelkreuz\/wp-json\/wp\/v2\/media\/25388"}],"wp:attachment":[{"href":"https:\/\/unser-quartier.de\/hagelkreuz\/wp-json\/wp\/v2\/media?parent=25386"}],"wp:term":[{"taxonomy":"category","embeddable":true,"href":"https:\/\/unser-quartier.de\/hagelkreuz\/wp-json\/wp\/v2\/categories?post=25386"},{"taxonomy":"post_tag","embeddable":true,"href":"https:\/\/unser-quartier.de\/hagelkreuz\/wp-json\/wp\/v2\/tags?post=25386"}],"curies":[{"name":"wp","href":"https:\/\/api.w.org\/{rel}","templated":true}]}}