{"id":5647,"date":"2018-03-10T09:01:27","date_gmt":"2018-03-10T08:01:27","guid":{"rendered":"https:\/\/unser-quartier.de\/hagelkreuz\/?p=5647"},"modified":"2020-07-14T13:36:09","modified_gmt":"2020-07-14T13:36:09","slug":"jubilaeumsjahr-in-christ-koenig","status":"publish","type":"post","link":"https:\/\/unser-quartier.de\/hagelkreuz\/2018\/03\/jubilaeumsjahr-in-christ-koenig\/","title":{"rendered":"Jubil\u00e4umsjahr in Christ-K\u00f6nig"},"content":{"rendered":"<div id=\"yui_3_17_2_1_1520668072151_99\" class=\"wiki_headingtitle\">\u00a0<\/div>\n<figure id=\"attachment_5642\" aria-describedby=\"caption-attachment-5642\" style=\"width: 290px\" class=\"wp-caption alignleft\"><a href=\"https:\/\/unser-quartier.de\/hagelkreuz\/files\/2018\/03\/Kempen-Christ-K\u00f6nig-Kirche.jpg\" data-wpel-link=\"internal\"><img loading=\"lazy\" decoding=\"async\" id=\"longdesc-return-5642\" class=\"wp-image-5642 size-medium\" src=\"https:\/\/unser-quartier.de\/hagelkreuz\/files\/2018\/03\/Kempen-Christ-K\u00f6nig-Kirche-300x200.jpg\" alt=\"Foto der Christ-K\u00f6nig Kirche vom 15.12.1968 bis 07.04.1991\" width=\"300\" height=\"200\" longdesc=\"https:\/\/unser-quartier.de\/hagelkreuz?longdesc=5642&amp;referrer=5647\" srcset=\"https:\/\/unser-quartier.de\/hagelkreuz\/files\/2018\/03\/Kempen-Christ-K\u00f6nig-Kirche-300x200.jpg 300w, https:\/\/unser-quartier.de\/hagelkreuz\/files\/2018\/03\/Kempen-Christ-K\u00f6nig-Kirche-150x100.jpg 150w, https:\/\/unser-quartier.de\/hagelkreuz\/files\/2018\/03\/Kempen-Christ-K\u00f6nig-Kirche-768x512.jpg 768w, https:\/\/unser-quartier.de\/hagelkreuz\/files\/2018\/03\/Kempen-Christ-K\u00f6nig-Kirche-1024x683.jpg 1024w, https:\/\/unser-quartier.de\/hagelkreuz\/files\/2018\/03\/Kempen-Christ-K\u00f6nig-Kirche-600x400.jpg 600w, https:\/\/unser-quartier.de\/hagelkreuz\/files\/2018\/03\/Kempen-Christ-K\u00f6nig-Kirche-272x182.jpg 272w, https:\/\/unser-quartier.de\/hagelkreuz\/files\/2018\/03\/Kempen-Christ-K\u00f6nig-Kirche.jpg 1200w\" sizes=\"auto, (max-width: 300px) 100vw, 300px\" \/><\/a><figcaption id=\"caption-attachment-5642\" class=\"wp-caption-text\">Die Christ-K\u00f6nig Kirche im Hagelkreuz vom 15.12.1968 bis 07.04.1991<\/figcaption><\/figure>\n<h3>\u201e50 Jahre Gemeinde\u201c und \u201e25 Jahre Kirche\u201c Christ-K\u00f6nig im Hagelkreuz<\/h3>\n<p>Im Jahr 2018 werden nicht nur \u201e50 Jahre Gemeinde\u201c sondern auch der 25. Jahrestag der Einweihung der neuen Kirche Christ-K\u00f6nig am Concordienplatz gefeiert. In diesem Rahmen werden von der katholischen Kirche besondere Veranstaltungen von Januar bis Dezember ausgerichtet. <!--more-->Von Gottesdiensten \u00fcber Kabarett bis zu Konzerten, bietet das Programm wohl f\u00fcr jeden Interessierten etwas. Mit der Feier dieses besonderen Jubil\u00e4umsjahres m\u00f6chte die katholische Kirche u.a. die Geschichte der Gemeinde und des Kirchbaus vergegenw\u00e4rtigen, die Gemeinschaft st\u00e4rken und zum Nachdenken anregen. Sie freut sich auf viele Besucher und helfende H\u00e4nde, die bei der Durchf\u00fchrung der Veranstaltungen unterst\u00fctzen!<\/p>\n<h3>Zahlreiche Besucher beim Neujahrskonzert<\/h3>\n<p>Mit einem erstklassigen Konzert er\u00f6ffnete die katholische Kirchengemeinde im Hagelkreuz am Sonntag, 14. Januar 2018, das Jubil\u00e4umsjahr. Im Mittelpunkt standen die Ch\u00f6re. Alle Ausf\u00fchrenden konnten sich, in der voll besetzten Kirche, sehen lassen. <br \/>\nMit dabei waren:<\/p>\n<p style=\"padding-left: 30px;\">Der Arnold-Chor 1902 Kempen unter der Leitung von Stefan Thomas, einer der gr\u00f6\u00dften M\u00e4nnerch\u00f6re am Niederrhein.<br \/>\nDer Kirchenchor Laudate, der jeden Donnerstag ab 20 Uhr im Pfarrheim Christ-K\u00f6nig probt. <br \/>\nDer Jugendchor Choram aus St. Marien, der freitags von 17 bis 19 Uhr im Pfarrheim Christ-K\u00f6nig flei\u00dfig \u00fcbt und <br \/>\nder Gospelchor Good\u00a0News, erkennbar an den blauen Halst\u00fcchern, alle unter der Leitung von Christian G\u00f6ssel.<br \/>\nDas Orchester KK Wood &amp; Brass, unter der Leitung von Christian Wilke, aus St. Marien.<br \/>\nDer Kirchenchor Cantabile- und der aktive Jugendchor aus Christ-K\u00f6nig, beide unter der Leitung von Ralph H\u00f6vel.<\/p>\n<p>Von 17:00 bis 19:30 Uhr begeisterten die verschiedenen Ch\u00f6re die ca. 400 Zuh\u00f6rer, die den Ohrenschmaus mit gro\u00dfem Beifall belohnten. Es herrschte eine fr\u00f6hlich-angeregte Stimmung, befl\u00fcgelt durch die gekonnte Moderation von Lothar Gr\u00fcnebaum, der auch intensiv Mitgliederwerbung f\u00fcr alle Ch\u00f6re betrieb. Weitere Informationen unter RP-Online: <a href=\"http:\/\/www.rp-online.de\/nrw\/staedte\/kempen\/wuerdevolle-klassiker-und-moderne-toene-aid-1.7325215\" data-wpel-link=\"external\" target=\"_self\" rel=\"nofollow external noopener noreferrer\" title=\"Externer Link: \" class=\"ext-link wpel-icon-right\">W\u00fcrdevolle Klassiker und moderne T\u00f6ne<span class=\"wpel-icon wpel-image wpel-icon-6\"><\/span><\/a><\/p>\n<h3>Festliche Geistliche Woche vom 11. bis 18. M\u00e4rz 2018<\/h3>\n<p>Diese soll gerade in der vor\u00f6sterlichen Zeit Gelegenheit bieten, Kirche ganz unterschiedlich zu erleben. Am Sonntag, 11. M\u00e4rz 2018, wird es um 11:30 Uhr, einen Er\u00f6ffnungsgottesdienst mit Propst Thomas Eicker in Christ-K\u00f6nig geben. Von Montag bis Freitag ist ein \u201eInteraktiver Gebetsweg&#8220;\u00a0 zur Selbsterfahrung unter dem Motto &#8222;Menschen.Wege &#8211; Das Abenteuer Beten&#8220; er\u00f6ffnet. Hierbei bewegt sich der Besucher zu 12 verschiedenen Stationen durch die Kirche. Texte und Aktionen bieten Gelegenheit sich in aller Stille mit dem Thema Beten, mit seiner Beziehung zu Gott und dem eigenen Leben auseinanderzusetzen. Ge\u00f6ffnet ist die Kirche Christ-K\u00f6nig vom 12. bis 18. M\u00e4rz, montags bis freitags, 10 bis 12:30 Uhr und 15:30 bis 17 Uhr.<br \/>\nDes Weiteren kann man sich auf das Kopf-Kino am Dienstagabend, 13. M\u00e4rz um 20 Uhr, in den Kempener Lichtspielen freuen. Es ist der Film \u201eErbarme dich! &#8211; Die Matth\u00e4us Passion\u201c zu sehen. Am Beispiel von Johann Sebastian Bachs \u201eMatth\u00e4us-Passion\u201c untersucht Filmemacher Ram\u00f3n Gieling die enorme Wirkung der Musik. Der rote Faden der Dokumentation sind die Proben zur Matth\u00e4us-Passion unter Leitung von Pieter Jan Leusink. Um 19:30 Uhr startet Kantor Christian G\u00f6ssel mit einer Einf\u00fchrung zu Bachs Matth\u00e4uspassion.<br \/>\nLesen Sie dazu den Zeitungsartikel in der Rheinischen Post: <a href=\"http:\/\/www.rp-online.de\/nrw\/staedte\/kempen\/propst-eicker-eroeffnet-die-geistliche-woche-aid-1.7448754\" data-wpel-link=\"external\" target=\"_self\" rel=\"nofollow external noopener noreferrer\" title=\"Externer Link: \" class=\"ext-link wpel-icon-right\">Propst Eicker er\u00f6ffnet die Geistliche Woche<span class=\"wpel-icon wpel-image wpel-icon-6\"><\/span><\/a><\/p>\n<h3>Kirchenkabarett mit Ulrike B\u00f6hmer<\/h3>\n<p>Einen lustigen Kabarettabend ab 19.30 Uhr mit Ulrike B\u00f6hmer findet am Mittwochabend 14. M\u00e4rz statt. Sie kommt mit ihrem neuen Programm \u201eHier stehe ich! Ich kann auch anders!\u201c \u00a0Sie\u00a0 verspricht\u00a0 einen\u00a0 Nachschlag\u00a0 zum\u00a0 Reformations-Jubil\u00e4umsjahr.\u00a0 Die\u00a0 Feierlichkeiten\u00a0 sind\u00a0 vorbei\u00a0 &#8211;\u00a0 und\u00a0 nun? Erna\u00a0 Schabiewsky\u00a0 macht\u00a0 sich\u00a0 noch\u00a0 immer\u00a0 ihre\u00a0 Gedanken\u00a0 \u00fcber\u00a0 Reformen\u00a0 und\u00a0 Ref\u00f6rmchen,\u00a0 \u00fcber\u00a0 Luther\u00a0 und\u00a0seine Thesen, \u00fcber katholische und evangelische Besonderheiten und die \u201e\u00d6kenemene\u201c.<\/p>\n<p>Ein Orgelkonzert \u201eDer Kreuzweg\u201c mit Improvisationen zu den 14 Kreuzwegstationen wird von Christian G\u00f6ssel und der Schlagzeugerin Salome Amend, am Freitag, 16. M\u00e4rz, um 20 Uhr, in St. Marien geboten. Die Kombination von Orgelkl\u00e4ngen mit unterschiedlichen Trommeln und anderen Perkussionsinstrumenten verspricht spannende H\u00f6rerfahrungen. Zu den Stationen wird Pfarrer Wolfgang Acht kurze textliche Impulse lesen.<\/p>\n<h3>Jubil\u00e4ums-Pfarrfest und Festgottesdienst am Christ-K\u00f6nigstag<\/h3>\n<p>Genau zur Jahresmitte im Sommer, am Samstag, 30. Juni und Sonntag, 1. Juli 2018, findet ein gro\u00dfes Jubil\u00e4ums-Pfarrfest in Christ-K\u00f6nig statt. Hier ist auch eine kleine Ausstellung in der Kirche zur Geschichte, zum Kirchbau und vom Gemeindeleben Christ-K\u00f6nig geplant. <br \/>\nEnde des Jubil\u00e4umsjahres, gleichzeitig auch der H\u00f6hepunkt, ist der Festgottesdienst am Christ-K\u00f6nigstag am 25. November 2018. ad<\/p>\n<h3>Fotogalerie: Viele gute Ch\u00f6re beim Neujahrskonzert<\/h3>\n<div id='gallery-1' class='gallery galleryid-5647 gallery-columns-3 gallery-size-medium'><figure class='gallery-item'>\n\t\t\t<div class='gallery-icon landscape'>\n\t\t\t\t<a href=\"https:\/\/unser-quartier.de\/hagelkreuz\/files\/2018\/03\/1.-Moderator-Lothar-Gr\u00fcnebaum.jpg\" data-wpel-link=\"internal\"><img loading=\"lazy\" decoding=\"async\" width=\"300\" height=\"225\" src=\"https:\/\/unser-quartier.de\/hagelkreuz\/files\/2018\/03\/1.-Moderator-Lothar-Gr\u00fcnebaum-300x225.jpg\" class=\"attachment-medium size-medium\" alt=\"Foto von dem Moderator Lothar Gr\u00fcnebaum\" aria-describedby=\"gallery-1-5658\" srcset=\"https:\/\/unser-quartier.de\/hagelkreuz\/files\/2018\/03\/1.-Moderator-Lothar-Gr\u00fcnebaum-300x225.jpg 300w, https:\/\/unser-quartier.de\/hagelkreuz\/files\/2018\/03\/1.-Moderator-Lothar-Gr\u00fcnebaum-150x113.jpg 150w, https:\/\/unser-quartier.de\/hagelkreuz\/files\/2018\/03\/1.-Moderator-Lothar-Gr\u00fcnebaum-768x576.jpg 768w, https:\/\/unser-quartier.de\/hagelkreuz\/files\/2018\/03\/1.-Moderator-Lothar-Gr\u00fcnebaum-1024x768.jpg 1024w, https:\/\/unser-quartier.de\/hagelkreuz\/files\/2018\/03\/1.-Moderator-Lothar-Gr\u00fcnebaum.jpg 1200w\" sizes=\"auto, (max-width: 300px) 100vw, 300px\" \/><\/a>\n\t\t\t<\/div>\n\t\t\t\t<figcaption class='wp-caption-text gallery-caption' id='gallery-1-5658'>\n\t\t\t\t1. Moderator Lothar Gr\u00fcnebaum\n\t\t\t\t<\/figcaption><\/figure><figure class='gallery-item'>\n\t\t\t<div class='gallery-icon landscape'>\n\t\t\t\t<a href=\"https:\/\/unser-quartier.de\/hagelkreuz\/files\/2018\/03\/2.-KK-Wood-Brass-Ltg-Christian-Wilke.jpg\" data-wpel-link=\"internal\"><img loading=\"lazy\" decoding=\"async\" width=\"300\" height=\"225\" src=\"https:\/\/unser-quartier.de\/hagelkreuz\/files\/2018\/03\/2.-KK-Wood-Brass-Ltg-Christian-Wilke-300x225.jpg\" class=\"attachment-medium size-medium\" alt=\"Foto der Big Band KK Wood &amp; Brass unter der Leitung von Christian Wilke\" aria-describedby=\"gallery-1-5659\" srcset=\"https:\/\/unser-quartier.de\/hagelkreuz\/files\/2018\/03\/2.-KK-Wood-Brass-Ltg-Christian-Wilke-300x225.jpg 300w, https:\/\/unser-quartier.de\/hagelkreuz\/files\/2018\/03\/2.-KK-Wood-Brass-Ltg-Christian-Wilke-150x113.jpg 150w, https:\/\/unser-quartier.de\/hagelkreuz\/files\/2018\/03\/2.-KK-Wood-Brass-Ltg-Christian-Wilke-768x576.jpg 768w, https:\/\/unser-quartier.de\/hagelkreuz\/files\/2018\/03\/2.-KK-Wood-Brass-Ltg-Christian-Wilke-1024x768.jpg 1024w, https:\/\/unser-quartier.de\/hagelkreuz\/files\/2018\/03\/2.-KK-Wood-Brass-Ltg-Christian-Wilke.jpg 1200w\" sizes=\"auto, (max-width: 300px) 100vw, 300px\" \/><\/a>\n\t\t\t<\/div>\n\t\t\t\t<figcaption class='wp-caption-text gallery-caption' id='gallery-1-5659'>\n\t\t\t\t2. Die Big Band  KK Wood &amp; Brass unter der Leitung von Christian Wilke\n\t\t\t\t<\/figcaption><\/figure><figure class='gallery-item'>\n\t\t\t<div class='gallery-icon landscape'>\n\t\t\t\t<a href=\"https:\/\/unser-quartier.de\/hagelkreuz\/files\/2018\/03\/3.-Arnold-Chor-1902-Kempen-e.V.-Ltg-Stefan-Thomas.jpg\" data-wpel-link=\"internal\"><img loading=\"lazy\" decoding=\"async\" width=\"300\" height=\"225\" src=\"https:\/\/unser-quartier.de\/hagelkreuz\/files\/2018\/03\/3.-Arnold-Chor-1902-Kempen-e.V.-Ltg-Stefan-Thomas-300x225.jpg\" class=\"attachment-medium size-medium\" alt=\"Gruppenfoto vom Arnoldchor 1902 Kempen e.V. unter der Leitung von Stefan Thomas\" aria-describedby=\"gallery-1-5660\" srcset=\"https:\/\/unser-quartier.de\/hagelkreuz\/files\/2018\/03\/3.-Arnold-Chor-1902-Kempen-e.V.-Ltg-Stefan-Thomas-300x225.jpg 300w, https:\/\/unser-quartier.de\/hagelkreuz\/files\/2018\/03\/3.-Arnold-Chor-1902-Kempen-e.V.-Ltg-Stefan-Thomas-150x113.jpg 150w, https:\/\/unser-quartier.de\/hagelkreuz\/files\/2018\/03\/3.-Arnold-Chor-1902-Kempen-e.V.-Ltg-Stefan-Thomas-768x576.jpg 768w, https:\/\/unser-quartier.de\/hagelkreuz\/files\/2018\/03\/3.-Arnold-Chor-1902-Kempen-e.V.-Ltg-Stefan-Thomas-1024x768.jpg 1024w, https:\/\/unser-quartier.de\/hagelkreuz\/files\/2018\/03\/3.-Arnold-Chor-1902-Kempen-e.V.-Ltg-Stefan-Thomas.jpg 1200w\" sizes=\"auto, (max-width: 300px) 100vw, 300px\" \/><\/a>\n\t\t\t<\/div>\n\t\t\t\t<figcaption class='wp-caption-text gallery-caption' id='gallery-1-5660'>\n\t\t\t\t3. Der Arnold-Chor 1902 Kempen e.V. unter der Leitung von Stefan Thomas\n\t\t\t\t<\/figcaption><\/figure><figure class='gallery-item'>\n\t\t\t<div class='gallery-icon landscape'>\n\t\t\t\t<a href=\"https:\/\/unser-quartier.de\/hagelkreuz\/files\/2018\/03\/4.-Chor-Coram-aus-St.-Marien-Ltg-Christian-G\u00f6ssel.jpg\" data-wpel-link=\"internal\"><img loading=\"lazy\" decoding=\"async\" width=\"300\" height=\"225\" src=\"https:\/\/unser-quartier.de\/hagelkreuz\/files\/2018\/03\/4.-Chor-Coram-aus-St.-Marien-Ltg-Christian-G\u00f6ssel-300x225.jpg\" class=\"attachment-medium size-medium\" alt=\"Gruppenfoto vom Jugendchor Choram aus St. Marien unter der Leitung von Christian G\u00f6ssel\" aria-describedby=\"gallery-1-5662\" srcset=\"https:\/\/unser-quartier.de\/hagelkreuz\/files\/2018\/03\/4.-Chor-Coram-aus-St.-Marien-Ltg-Christian-G\u00f6ssel-300x225.jpg 300w, https:\/\/unser-quartier.de\/hagelkreuz\/files\/2018\/03\/4.-Chor-Coram-aus-St.-Marien-Ltg-Christian-G\u00f6ssel-150x113.jpg 150w, https:\/\/unser-quartier.de\/hagelkreuz\/files\/2018\/03\/4.-Chor-Coram-aus-St.-Marien-Ltg-Christian-G\u00f6ssel-768x576.jpg 768w, https:\/\/unser-quartier.de\/hagelkreuz\/files\/2018\/03\/4.-Chor-Coram-aus-St.-Marien-Ltg-Christian-G\u00f6ssel-1024x768.jpg 1024w, https:\/\/unser-quartier.de\/hagelkreuz\/files\/2018\/03\/4.-Chor-Coram-aus-St.-Marien-Ltg-Christian-G\u00f6ssel.jpg 1200w\" sizes=\"auto, (max-width: 300px) 100vw, 300px\" \/><\/a>\n\t\t\t<\/div>\n\t\t\t\t<figcaption class='wp-caption-text gallery-caption' id='gallery-1-5662'>\n\t\t\t\t4. Der Jugendchor Choram aus St. Marien unter der Leitung von Christian G\u00f6ssel\n\t\t\t\t<\/figcaption><\/figure><figure class='gallery-item'>\n\t\t\t<div class='gallery-icon landscape'>\n\t\t\t\t<a href=\"https:\/\/unser-quartier.de\/hagelkreuz\/files\/2018\/03\/5.-Good-News-Ltg-Christian-G\u00f6ssel-1.jpg\" data-wpel-link=\"internal\"><img loading=\"lazy\" decoding=\"async\" width=\"300\" height=\"225\" src=\"https:\/\/unser-quartier.de\/hagelkreuz\/files\/2018\/03\/5.-Good-News-Ltg-Christian-G\u00f6ssel-1-300x225.jpg\" class=\"attachment-medium size-medium\" alt=\"Gruppenfoto des Chores Good News unter der Leitung von Christian G\u00f6ssel\" aria-describedby=\"gallery-1-5665\" srcset=\"https:\/\/unser-quartier.de\/hagelkreuz\/files\/2018\/03\/5.-Good-News-Ltg-Christian-G\u00f6ssel-1-300x225.jpg 300w, https:\/\/unser-quartier.de\/hagelkreuz\/files\/2018\/03\/5.-Good-News-Ltg-Christian-G\u00f6ssel-1-150x113.jpg 150w, https:\/\/unser-quartier.de\/hagelkreuz\/files\/2018\/03\/5.-Good-News-Ltg-Christian-G\u00f6ssel-1-768x576.jpg 768w, https:\/\/unser-quartier.de\/hagelkreuz\/files\/2018\/03\/5.-Good-News-Ltg-Christian-G\u00f6ssel-1-1024x768.jpg 1024w, https:\/\/unser-quartier.de\/hagelkreuz\/files\/2018\/03\/5.-Good-News-Ltg-Christian-G\u00f6ssel-1.jpg 1200w\" sizes=\"auto, (max-width: 300px) 100vw, 300px\" \/><\/a>\n\t\t\t<\/div>\n\t\t\t\t<figcaption class='wp-caption-text gallery-caption' id='gallery-1-5665'>\n\t\t\t\t5. Good News unter der Leitung von Christian G\u00f6ssel\n\t\t\t\t<\/figcaption><\/figure><figure class='gallery-item'>\n\t\t\t<div class='gallery-icon landscape'>\n\t\t\t\t<a href=\"https:\/\/unser-quartier.de\/hagelkreuz\/files\/2018\/03\/6.-Jugendchor-Christ-K\u00f6nig-Ltg-Ralph-H\u00f6vel.jpg\" data-wpel-link=\"internal\"><img loading=\"lazy\" decoding=\"async\" width=\"300\" height=\"225\" src=\"https:\/\/unser-quartier.de\/hagelkreuz\/files\/2018\/03\/6.-Jugendchor-Christ-K\u00f6nig-Ltg-Ralph-H\u00f6vel-300x225.jpg\" class=\"attachment-medium size-medium\" alt=\"Gruppenfoto vom Jugendchor Christ-K\u00f6nig; unter der Leitung von Ralph H\u00f6vel\" aria-describedby=\"gallery-1-5672\" srcset=\"https:\/\/unser-quartier.de\/hagelkreuz\/files\/2018\/03\/6.-Jugendchor-Christ-K\u00f6nig-Ltg-Ralph-H\u00f6vel-300x225.jpg 300w, https:\/\/unser-quartier.de\/hagelkreuz\/files\/2018\/03\/6.-Jugendchor-Christ-K\u00f6nig-Ltg-Ralph-H\u00f6vel-150x113.jpg 150w, https:\/\/unser-quartier.de\/hagelkreuz\/files\/2018\/03\/6.-Jugendchor-Christ-K\u00f6nig-Ltg-Ralph-H\u00f6vel-768x576.jpg 768w, https:\/\/unser-quartier.de\/hagelkreuz\/files\/2018\/03\/6.-Jugendchor-Christ-K\u00f6nig-Ltg-Ralph-H\u00f6vel-1024x768.jpg 1024w, https:\/\/unser-quartier.de\/hagelkreuz\/files\/2018\/03\/6.-Jugendchor-Christ-K\u00f6nig-Ltg-Ralph-H\u00f6vel.jpg 1200w\" sizes=\"auto, (max-width: 300px) 100vw, 300px\" \/><\/a>\n\t\t\t<\/div>\n\t\t\t\t<figcaption class='wp-caption-text gallery-caption' id='gallery-1-5672'>\n\t\t\t\t6.0 Der Jugendchor Christ-K\u00f6nig; unter der Leitung von Ralph H\u00f6vel\n\t\t\t\t<\/figcaption><\/figure><figure class='gallery-item'>\n\t\t\t<div class='gallery-icon landscape'>\n\t\t\t\t<a href=\"https:\/\/unser-quartier.de\/hagelkreuz\/files\/2018\/03\/6.-Jugendchor-Christ-K\u00f6nig-Ltg-Ralph-H\u00f6vel.2.jpg\" data-wpel-link=\"internal\"><img loading=\"lazy\" decoding=\"async\" width=\"300\" height=\"225\" src=\"https:\/\/unser-quartier.de\/hagelkreuz\/files\/2018\/03\/6.-Jugendchor-Christ-K\u00f6nig-Ltg-Ralph-H\u00f6vel.2-300x225.jpg\" class=\"attachment-medium size-medium\" alt=\"Foto vom Jugendchor Christ-K\u00f6nig; unter der Leitung von Ralph H\u00f6vel\" aria-describedby=\"gallery-1-5666\" srcset=\"https:\/\/unser-quartier.de\/hagelkreuz\/files\/2018\/03\/6.-Jugendchor-Christ-K\u00f6nig-Ltg-Ralph-H\u00f6vel.2-300x225.jpg 300w, https:\/\/unser-quartier.de\/hagelkreuz\/files\/2018\/03\/6.-Jugendchor-Christ-K\u00f6nig-Ltg-Ralph-H\u00f6vel.2-150x113.jpg 150w, https:\/\/unser-quartier.de\/hagelkreuz\/files\/2018\/03\/6.-Jugendchor-Christ-K\u00f6nig-Ltg-Ralph-H\u00f6vel.2-768x576.jpg 768w, https:\/\/unser-quartier.de\/hagelkreuz\/files\/2018\/03\/6.-Jugendchor-Christ-K\u00f6nig-Ltg-Ralph-H\u00f6vel.2-1024x768.jpg 1024w, https:\/\/unser-quartier.de\/hagelkreuz\/files\/2018\/03\/6.-Jugendchor-Christ-K\u00f6nig-Ltg-Ralph-H\u00f6vel.2.jpg 1200w\" sizes=\"auto, (max-width: 300px) 100vw, 300px\" \/><\/a>\n\t\t\t<\/div>\n\t\t\t\t<figcaption class='wp-caption-text gallery-caption' id='gallery-1-5666'>\n\t\t\t\t6.1 Der Jugendchor Christ-K\u00f6nig; unter der Leitung von Ralph H\u00f6vel\n\t\t\t\t<\/figcaption><\/figure><figure class='gallery-item'>\n\t\t\t<div class='gallery-icon landscape'>\n\t\t\t\t<a href=\"https:\/\/unser-quartier.de\/hagelkreuz\/files\/2018\/03\/7.-Jugend-und-Kirchenchor-Cantabile-aus-Christ-K\u00f6nig-.jpg\" data-wpel-link=\"internal\"><img loading=\"lazy\" decoding=\"async\" width=\"300\" height=\"225\" src=\"https:\/\/unser-quartier.de\/hagelkreuz\/files\/2018\/03\/7.-Jugend-und-Kirchenchor-Cantabile-aus-Christ-K\u00f6nig--300x225.jpg\" class=\"attachment-medium size-medium\" alt=\"Gruppenfoto vom Jugend- und Kirchenchor Cantabile aus Christ-K\u00f6nig unter der Leitung von Ralph H\u00f6vel\" aria-describedby=\"gallery-1-5675\" srcset=\"https:\/\/unser-quartier.de\/hagelkreuz\/files\/2018\/03\/7.-Jugend-und-Kirchenchor-Cantabile-aus-Christ-K\u00f6nig--300x225.jpg 300w, https:\/\/unser-quartier.de\/hagelkreuz\/files\/2018\/03\/7.-Jugend-und-Kirchenchor-Cantabile-aus-Christ-K\u00f6nig--150x113.jpg 150w, https:\/\/unser-quartier.de\/hagelkreuz\/files\/2018\/03\/7.-Jugend-und-Kirchenchor-Cantabile-aus-Christ-K\u00f6nig--768x576.jpg 768w, https:\/\/unser-quartier.de\/hagelkreuz\/files\/2018\/03\/7.-Jugend-und-Kirchenchor-Cantabile-aus-Christ-K\u00f6nig--1024x768.jpg 1024w, https:\/\/unser-quartier.de\/hagelkreuz\/files\/2018\/03\/7.-Jugend-und-Kirchenchor-Cantabile-aus-Christ-K\u00f6nig-.jpg 1200w\" sizes=\"auto, (max-width: 300px) 100vw, 300px\" \/><\/a>\n\t\t\t<\/div>\n\t\t\t\t<figcaption class='wp-caption-text gallery-caption' id='gallery-1-5675'>\n\t\t\t\t7.0 Jugend- und Kirchenchor Cantabile aus Christ-K\u00f6nig unter der Leitung von Ralph H\u00f6vel\n\t\t\t\t<\/figcaption><\/figure><figure class='gallery-item'>\n\t\t\t<div class='gallery-icon landscape'>\n\t\t\t\t<a href=\"https:\/\/unser-quartier.de\/hagelkreuz\/files\/2018\/03\/8.-Kirchenchor-Cantabile-aus-Christ-K\u00f6nig-Ltg-Ralph-H\u00f6vel.jpg\" data-wpel-link=\"internal\"><img loading=\"lazy\" decoding=\"async\" width=\"300\" height=\"225\" src=\"https:\/\/unser-quartier.de\/hagelkreuz\/files\/2018\/03\/8.-Kirchenchor-Cantabile-aus-Christ-K\u00f6nig-Ltg-Ralph-H\u00f6vel-300x225.jpg\" class=\"attachment-medium size-medium\" alt=\"Gruppenfoto vom Kirchenchor Cantabile aus Christ-K\u00f6nig unter der leitung von Ralph H\u00f6vel\" aria-describedby=\"gallery-1-5681\" srcset=\"https:\/\/unser-quartier.de\/hagelkreuz\/files\/2018\/03\/8.-Kirchenchor-Cantabile-aus-Christ-K\u00f6nig-Ltg-Ralph-H\u00f6vel-300x225.jpg 300w, https:\/\/unser-quartier.de\/hagelkreuz\/files\/2018\/03\/8.-Kirchenchor-Cantabile-aus-Christ-K\u00f6nig-Ltg-Ralph-H\u00f6vel-150x113.jpg 150w, https:\/\/unser-quartier.de\/hagelkreuz\/files\/2018\/03\/8.-Kirchenchor-Cantabile-aus-Christ-K\u00f6nig-Ltg-Ralph-H\u00f6vel-768x576.jpg 768w, https:\/\/unser-quartier.de\/hagelkreuz\/files\/2018\/03\/8.-Kirchenchor-Cantabile-aus-Christ-K\u00f6nig-Ltg-Ralph-H\u00f6vel-1024x768.jpg 1024w, https:\/\/unser-quartier.de\/hagelkreuz\/files\/2018\/03\/8.-Kirchenchor-Cantabile-aus-Christ-K\u00f6nig-Ltg-Ralph-H\u00f6vel.jpg 1200w\" sizes=\"auto, (max-width: 300px) 100vw, 300px\" \/><\/a>\n\t\t\t<\/div>\n\t\t\t\t<figcaption class='wp-caption-text gallery-caption' id='gallery-1-5681'>\n\t\t\t\t8.0 Kirchenchor Cantabile aus Christ-K\u00f6nig unter der leitung von Ralph H\u00f6vel \n\t\t\t\t<\/figcaption><\/figure><figure class='gallery-item'>\n\t\t\t<div class='gallery-icon landscape'>\n\t\t\t\t<a href=\"https:\/\/unser-quartier.de\/hagelkreuz\/files\/2018\/03\/8.-Ausschnitt-vom-Kirchenchor-Cantabile-aus-Christ-K\u00f6nig-1.jpg\" data-wpel-link=\"internal\"><img loading=\"lazy\" decoding=\"async\" width=\"300\" height=\"225\" src=\"https:\/\/unser-quartier.de\/hagelkreuz\/files\/2018\/03\/8.-Ausschnitt-vom-Kirchenchor-Cantabile-aus-Christ-K\u00f6nig-1-300x225.jpg\" class=\"attachment-medium size-medium\" alt=\"Fotousschnitt vom Kirchenchor Cantabile aus Christ-K\u00f6nig unter der Leitung von Ralph H\u00f6vel\" aria-describedby=\"gallery-1-5677\" srcset=\"https:\/\/unser-quartier.de\/hagelkreuz\/files\/2018\/03\/8.-Ausschnitt-vom-Kirchenchor-Cantabile-aus-Christ-K\u00f6nig-1-300x225.jpg 300w, https:\/\/unser-quartier.de\/hagelkreuz\/files\/2018\/03\/8.-Ausschnitt-vom-Kirchenchor-Cantabile-aus-Christ-K\u00f6nig-1-150x113.jpg 150w, https:\/\/unser-quartier.de\/hagelkreuz\/files\/2018\/03\/8.-Ausschnitt-vom-Kirchenchor-Cantabile-aus-Christ-K\u00f6nig-1-768x576.jpg 768w, https:\/\/unser-quartier.de\/hagelkreuz\/files\/2018\/03\/8.-Ausschnitt-vom-Kirchenchor-Cantabile-aus-Christ-K\u00f6nig-1-1024x768.jpg 1024w, https:\/\/unser-quartier.de\/hagelkreuz\/files\/2018\/03\/8.-Ausschnitt-vom-Kirchenchor-Cantabile-aus-Christ-K\u00f6nig-1.jpg 1200w\" sizes=\"auto, (max-width: 300px) 100vw, 300px\" \/><\/a>\n\t\t\t<\/div>\n\t\t\t\t<figcaption class='wp-caption-text gallery-caption' id='gallery-1-5677'>\n\t\t\t\t8.1 Ausschnitt vom Kirchenchor Cantabile aus Christ-K\u00f6nig unter der Leitung von Ralph H\u00f6vel\n\t\t\t\t<\/figcaption><\/figure><figure class='gallery-item'>\n\t\t\t<div class='gallery-icon landscape'>\n\t\t\t\t<a href=\"https:\/\/unser-quartier.de\/hagelkreuz\/files\/2018\/03\/8.-Ausschnitt-vom-Kirchenchor-Cantabile-aus-Christ-K\u00f6nig-2.jpg\" data-wpel-link=\"internal\"><img loading=\"lazy\" decoding=\"async\" width=\"300\" height=\"225\" src=\"https:\/\/unser-quartier.de\/hagelkreuz\/files\/2018\/03\/8.-Ausschnitt-vom-Kirchenchor-Cantabile-aus-Christ-K\u00f6nig-2-300x225.jpg\" class=\"attachment-medium size-medium\" alt=\"Fotoausschnitt vom Kirchenchor Cantabile aus Christ-K\u00f6nig unter der Leitung von Ralph H\u00f6vel\" aria-describedby=\"gallery-1-5678\" srcset=\"https:\/\/unser-quartier.de\/hagelkreuz\/files\/2018\/03\/8.-Ausschnitt-vom-Kirchenchor-Cantabile-aus-Christ-K\u00f6nig-2-300x225.jpg 300w, https:\/\/unser-quartier.de\/hagelkreuz\/files\/2018\/03\/8.-Ausschnitt-vom-Kirchenchor-Cantabile-aus-Christ-K\u00f6nig-2-150x113.jpg 150w, https:\/\/unser-quartier.de\/hagelkreuz\/files\/2018\/03\/8.-Ausschnitt-vom-Kirchenchor-Cantabile-aus-Christ-K\u00f6nig-2-768x576.jpg 768w, https:\/\/unser-quartier.de\/hagelkreuz\/files\/2018\/03\/8.-Ausschnitt-vom-Kirchenchor-Cantabile-aus-Christ-K\u00f6nig-2-1024x768.jpg 1024w, https:\/\/unser-quartier.de\/hagelkreuz\/files\/2018\/03\/8.-Ausschnitt-vom-Kirchenchor-Cantabile-aus-Christ-K\u00f6nig-2.jpg 1200w\" sizes=\"auto, (max-width: 300px) 100vw, 300px\" \/><\/a>\n\t\t\t<\/div>\n\t\t\t\t<figcaption class='wp-caption-text gallery-caption' id='gallery-1-5678'>\n\t\t\t\t8.2 Ausschnitt vom Kirchenchor Cantabile aus Christ-K\u00f6nig unter der Leitung von Ralph H\u00f6vel\n\t\t\t\t<\/figcaption><\/figure><figure class='gallery-item'>\n\t\t\t<div class='gallery-icon landscape'>\n\t\t\t\t<a href=\"https:\/\/unser-quartier.de\/hagelkreuz\/files\/2018\/03\/8.-Ausschnitt-vom-Kirchenchor-Cantabile-aus-Christ-K\u00f6nig-3.jpg\" data-wpel-link=\"internal\"><img loading=\"lazy\" decoding=\"async\" width=\"300\" height=\"225\" src=\"https:\/\/unser-quartier.de\/hagelkreuz\/files\/2018\/03\/8.-Ausschnitt-vom-Kirchenchor-Cantabile-aus-Christ-K\u00f6nig-3-300x225.jpg\" class=\"attachment-medium size-medium\" alt=\"Fotoausschnitt vom Kirchenchor Cantabile aus Christ-K\u00f6nig unter der Leitung von Ralph H\u00f6vel\" aria-describedby=\"gallery-1-5679\" srcset=\"https:\/\/unser-quartier.de\/hagelkreuz\/files\/2018\/03\/8.-Ausschnitt-vom-Kirchenchor-Cantabile-aus-Christ-K\u00f6nig-3-300x225.jpg 300w, https:\/\/unser-quartier.de\/hagelkreuz\/files\/2018\/03\/8.-Ausschnitt-vom-Kirchenchor-Cantabile-aus-Christ-K\u00f6nig-3-150x113.jpg 150w, https:\/\/unser-quartier.de\/hagelkreuz\/files\/2018\/03\/8.-Ausschnitt-vom-Kirchenchor-Cantabile-aus-Christ-K\u00f6nig-3-768x576.jpg 768w, https:\/\/unser-quartier.de\/hagelkreuz\/files\/2018\/03\/8.-Ausschnitt-vom-Kirchenchor-Cantabile-aus-Christ-K\u00f6nig-3-1024x768.jpg 1024w, https:\/\/unser-quartier.de\/hagelkreuz\/files\/2018\/03\/8.-Ausschnitt-vom-Kirchenchor-Cantabile-aus-Christ-K\u00f6nig-3.jpg 1200w\" sizes=\"auto, (max-width: 300px) 100vw, 300px\" \/><\/a>\n\t\t\t<\/div>\n\t\t\t\t<figcaption class='wp-caption-text gallery-caption' id='gallery-1-5679'>\n\t\t\t\t8.3 Ausschnitt vom Kirchenchor Cantabile aus Christ-K\u00f6nig unter der Leitung von Ralph H\u00f6vel\n\t\t\t\t<\/figcaption><\/figure><figure class='gallery-item'>\n\t\t\t<div class='gallery-icon landscape'>\n\t\t\t\t<a href=\"https:\/\/unser-quartier.de\/hagelkreuz\/files\/2018\/03\/9.-Chor-Laudate-Ltg-Christian-G\u00f6ssel-1.jpg\" data-wpel-link=\"internal\"><img loading=\"lazy\" decoding=\"async\" width=\"300\" height=\"225\" src=\"https:\/\/unser-quartier.de\/hagelkreuz\/files\/2018\/03\/9.-Chor-Laudate-Ltg-Christian-G\u00f6ssel-1-300x225.jpg\" class=\"attachment-medium size-medium\" alt=\"Gruppenfoto vom Chor Laudate unter der Leitung von Christian G\u00f6ssel\" aria-describedby=\"gallery-1-5684\" srcset=\"https:\/\/unser-quartier.de\/hagelkreuz\/files\/2018\/03\/9.-Chor-Laudate-Ltg-Christian-G\u00f6ssel-1-300x225.jpg 300w, https:\/\/unser-quartier.de\/hagelkreuz\/files\/2018\/03\/9.-Chor-Laudate-Ltg-Christian-G\u00f6ssel-1-150x113.jpg 150w, https:\/\/unser-quartier.de\/hagelkreuz\/files\/2018\/03\/9.-Chor-Laudate-Ltg-Christian-G\u00f6ssel-1-768x576.jpg 768w, https:\/\/unser-quartier.de\/hagelkreuz\/files\/2018\/03\/9.-Chor-Laudate-Ltg-Christian-G\u00f6ssel-1-1024x768.jpg 1024w, https:\/\/unser-quartier.de\/hagelkreuz\/files\/2018\/03\/9.-Chor-Laudate-Ltg-Christian-G\u00f6ssel-1.jpg 1200w\" sizes=\"auto, (max-width: 300px) 100vw, 300px\" \/><\/a>\n\t\t\t<\/div>\n\t\t\t\t<figcaption class='wp-caption-text gallery-caption' id='gallery-1-5684'>\n\t\t\t\t9.0 Chor Laudate unter der Leitung von Christian G\u00f6ssel\n\t\t\t\t<\/figcaption><\/figure><figure class='gallery-item'>\n\t\t\t<div class='gallery-icon landscape'>\n\t\t\t\t<a href=\"https:\/\/unser-quartier.de\/hagelkreuz\/files\/2018\/03\/10.-Chor-Laudate-1-Ltg-Christian-G\u00f6ssel-1.jpg\" data-wpel-link=\"internal\"><img loading=\"lazy\" decoding=\"async\" width=\"300\" height=\"225\" src=\"https:\/\/unser-quartier.de\/hagelkreuz\/files\/2018\/03\/10.-Chor-Laudate-1-Ltg-Christian-G\u00f6ssel-1-300x225.jpg\" class=\"attachment-medium size-medium\" alt=\"Foto vom Chor Laudate unter der Leitung von Christian G\u00f6ssel\" aria-describedby=\"gallery-1-5685\" srcset=\"https:\/\/unser-quartier.de\/hagelkreuz\/files\/2018\/03\/10.-Chor-Laudate-1-Ltg-Christian-G\u00f6ssel-1-300x225.jpg 300w, https:\/\/unser-quartier.de\/hagelkreuz\/files\/2018\/03\/10.-Chor-Laudate-1-Ltg-Christian-G\u00f6ssel-1-150x113.jpg 150w, https:\/\/unser-quartier.de\/hagelkreuz\/files\/2018\/03\/10.-Chor-Laudate-1-Ltg-Christian-G\u00f6ssel-1-768x576.jpg 768w, https:\/\/unser-quartier.de\/hagelkreuz\/files\/2018\/03\/10.-Chor-Laudate-1-Ltg-Christian-G\u00f6ssel-1-1024x768.jpg 1024w, https:\/\/unser-quartier.de\/hagelkreuz\/files\/2018\/03\/10.-Chor-Laudate-1-Ltg-Christian-G\u00f6ssel-1.jpg 1200w\" sizes=\"auto, (max-width: 300px) 100vw, 300px\" \/><\/a>\n\t\t\t<\/div>\n\t\t\t\t<figcaption class='wp-caption-text gallery-caption' id='gallery-1-5685'>\n\t\t\t\t9.1 Chor Laudate unter der Leitung von Christian G\u00f6ssel \n\t\t\t\t<\/figcaption><\/figure><figure class='gallery-item'>\n\t\t\t<div class='gallery-icon landscape'>\n\t\t\t\t<a href=\"https:\/\/unser-quartier.de\/hagelkreuz\/files\/2018\/03\/10.-Chor-Laudate-2-Ltg-Christian-G\u00f6ssel.jpg\" data-wpel-link=\"internal\"><img loading=\"lazy\" decoding=\"async\" width=\"300\" height=\"225\" src=\"https:\/\/unser-quartier.de\/hagelkreuz\/files\/2018\/03\/10.-Chor-Laudate-2-Ltg-Christian-G\u00f6ssel-300x225.jpg\" class=\"attachment-medium size-medium\" alt=\"Foto vom Chor Laudate unter der Leitung von Christian G\u00f6ssel\" aria-describedby=\"gallery-1-5686\" srcset=\"https:\/\/unser-quartier.de\/hagelkreuz\/files\/2018\/03\/10.-Chor-Laudate-2-Ltg-Christian-G\u00f6ssel-300x225.jpg 300w, https:\/\/unser-quartier.de\/hagelkreuz\/files\/2018\/03\/10.-Chor-Laudate-2-Ltg-Christian-G\u00f6ssel-150x113.jpg 150w, https:\/\/unser-quartier.de\/hagelkreuz\/files\/2018\/03\/10.-Chor-Laudate-2-Ltg-Christian-G\u00f6ssel-768x576.jpg 768w, https:\/\/unser-quartier.de\/hagelkreuz\/files\/2018\/03\/10.-Chor-Laudate-2-Ltg-Christian-G\u00f6ssel-1024x768.jpg 1024w, https:\/\/unser-quartier.de\/hagelkreuz\/files\/2018\/03\/10.-Chor-Laudate-2-Ltg-Christian-G\u00f6ssel.jpg 1200w\" sizes=\"auto, (max-width: 300px) 100vw, 300px\" \/><\/a>\n\t\t\t<\/div>\n\t\t\t\t<figcaption class='wp-caption-text gallery-caption' id='gallery-1-5686'>\n\t\t\t\t9.2 Chor Laudate unter der Leitung von Christian G\u00f6ssel\n\t\t\t\t<\/figcaption><\/figure>\n\t\t<\/div>\n\n","protected":false},"excerpt":{"rendered":"<p>\u00a0 \u201e50 Jahre Gemeinde\u201c und \u201e25 Jahre Kirche\u201c Christ-K\u00f6nig im Hagelkreuz Im Jahr 2018 werden nicht nur \u201e50 Jahre Gemeinde\u201c sondern auch der 25. Jahrestag der Einweihung der neuen Kirche Christ-K\u00f6nig am Concordienplatz gefeiert. In diesem Rahmen werden von der katholischen Kirche besondere Veranstaltungen von Januar bis Dezember ausgerichtet.<\/p>\n","protected":false},"author":407,"featured_media":5643,"comment_status":"closed","ping_status":"closed","sticky":false,"template":"","format":"standard","meta":{"generate_page_header":"","footnotes":""},"categories":[277,274,235],"tags":[],"class_list":["post-5647","post","type-post","status-publish","format-standard","has-post-thumbnail","hentry","category-kultur","category-quartier","category-veranstaltungshinweis"],"_links":{"self":[{"href":"https:\/\/unser-quartier.de\/hagelkreuz\/wp-json\/wp\/v2\/posts\/5647","targetHints":{"allow":["GET"]}}],"collection":[{"href":"https:\/\/unser-quartier.de\/hagelkreuz\/wp-json\/wp\/v2\/posts"}],"about":[{"href":"https:\/\/unser-quartier.de\/hagelkreuz\/wp-json\/wp\/v2\/types\/post"}],"author":[{"embeddable":true,"href":"https:\/\/unser-quartier.de\/hagelkreuz\/wp-json\/wp\/v2\/users\/407"}],"replies":[{"embeddable":true,"href":"https:\/\/unser-quartier.de\/hagelkreuz\/wp-json\/wp\/v2\/comments?post=5647"}],"version-history":[{"count":0,"href":"https:\/\/unser-quartier.de\/hagelkreuz\/wp-json\/wp\/v2\/posts\/5647\/revisions"}],"wp:featuredmedia":[{"embeddable":true,"href":"https:\/\/unser-quartier.de\/hagelkreuz\/wp-json\/wp\/v2\/media\/5643"}],"wp:attachment":[{"href":"https:\/\/unser-quartier.de\/hagelkreuz\/wp-json\/wp\/v2\/media?parent=5647"}],"wp:term":[{"taxonomy":"category","embeddable":true,"href":"https:\/\/unser-quartier.de\/hagelkreuz\/wp-json\/wp\/v2\/categories?post=5647"},{"taxonomy":"post_tag","embeddable":true,"href":"https:\/\/unser-quartier.de\/hagelkreuz\/wp-json\/wp\/v2\/tags?post=5647"}],"curies":[{"name":"wp","href":"https:\/\/api.w.org\/{rel}","templated":true}]}}