{"id":5687,"date":"2018-03-12T14:17:09","date_gmt":"2018-03-12T13:17:09","guid":{"rendered":"https:\/\/unser-quartier.de\/hagelkreuz\/?p=5687"},"modified":"2020-07-14T13:35:15","modified_gmt":"2020-07-14T13:35:15","slug":"fruehjahrsputzaktion-im-hagelkreuz","status":"publish","type":"post","link":"https:\/\/unser-quartier.de\/hagelkreuz\/2018\/03\/fruehjahrsputzaktion-im-hagelkreuz\/","title":{"rendered":"Fr\u00fchjahrsputzaktion im Hagelkreuz"},"content":{"rendered":"<figure id=\"attachment_5693\" aria-describedby=\"caption-attachment-5693\" style=\"width: 290px\" class=\"wp-caption alignleft\"><a href=\"https:\/\/unser-quartier.de\/hagelkreuz\/files\/2018\/03\/IMG_0211.jpg\" data-wpel-link=\"internal\"><img loading=\"lazy\" decoding=\"async\" class=\"size-medium wp-image-5693\" src=\"https:\/\/unser-quartier.de\/hagelkreuz\/files\/2018\/03\/IMG_0211-300x450.jpg\" alt=\"Foto Schubkarre mit M\u00dcLL\" width=\"300\" height=\"450\" srcset=\"https:\/\/unser-quartier.de\/hagelkreuz\/files\/2018\/03\/IMG_0211-300x450.jpg 300w, https:\/\/unser-quartier.de\/hagelkreuz\/files\/2018\/03\/IMG_0211-150x225.jpg 150w, https:\/\/unser-quartier.de\/hagelkreuz\/files\/2018\/03\/IMG_0211-768x1152.jpg 768w, https:\/\/unser-quartier.de\/hagelkreuz\/files\/2018\/03\/IMG_0211-683x1024.jpg 683w, https:\/\/unser-quartier.de\/hagelkreuz\/files\/2018\/03\/IMG_0211.jpg 800w\" sizes=\"auto, (max-width: 300px) 100vw, 300px\" \/><\/a><figcaption id=\"caption-attachment-5693\" class=\"wp-caption-text\">Schubkarre voll mit M\u00fcll und Flaschen<\/figcaption><\/figure>\n<p>Wie schon in den letzten Jahren beteiligte sich der B\u00fcrgerverein Hagelkreuz und auch das Quartiersprojekt an der Fr\u00fchjahrsputzaktion der Rheinischen Post, der Recyclingfirma Sch\u00f6nmackers und der Stadt Kempen. Aufgeteilt in zwei Gruppen, durchstreiften sie am Samstagvormittag das Hagelkreuz nach achtlos weggeworfenen Gegenst\u00e4nden. <!--more-->Die Bewohner achten ganz unterschiedlich auf die Sauberkeit in ihren Stra\u00dfen. In einem Gr\u00fcnstreifen nahe der bft-Tankstelle wurden 21 kleine Sektflaschen gefunden, in einem Gr\u00fcnstreifen an der Kreuzung Kerkener Str.\/S\u00f6derblomstr. fand man 12 Flachm\u00e4nner und an der Tiefgarage an der Nansenstra\u00dfe entdeckte die Suchmannschaft 2 Pfannen.<\/p>\n<h3>Hundetoiletten &#8211; eklig und unhygienisch<\/h3>\n<p>Au\u00dferdem landen viele Hundekotbeutel nicht in Abfalleimern, sondern in den Gr\u00fcnanlagen und mussten mit den mitgebrachten Greifzangen ebenfalls entsorgt werden. Sehr eklig ist allerdings eine Stelle in der N\u00e4he des Hagelkreuzweges, wo ein Hundehalter ein Hundeklo eingerichtet hatte und rings um einen Baum die wenig appetitlichen Ausscheidungen hinterlie\u00df. Lieber Hundehalter, bitte nutze zuk\u00fcnftig einen Hundkotbeutel und erspare den Bewohnern diesen Anblick und den besonders f\u00fcr kleine Kinder unhygienischen Fleck. Dieser \u00dcbertragungsherd f\u00fcr Infektionen ist nicht nur f\u00fcr Menschen gesundheitssch\u00e4digend, auch Hunde k\u00f6nnen sich \u00fcber diesen Weg infizieren. Es sollte also im eigenen Interesse liegen, die Hinterlassenschaften direkt zu entsorgen.<\/p>\n<p>Insgesamt f\u00fcllten sich sechs gro\u00dfe M\u00fclls\u00e4cke, die dann von der Firma Sch\u00f6nmackers abgeholt wurden. Nach getaner Arbeit klang der Vormittag im Quartiersb\u00fcro in gem\u00fctlicher Runde bei einer k\u00f6stlichen Suppe aus. ib<\/p>\n<p>Die Rheinische Post schreibt \u00fcber den Fr\u00fchjahrsputz folgenden Artikel: <a href=\"http:\/\/www.rp-online.de\/nrw\/staedte\/kempen\/fruehjahrsputzer-leisten-wieder-ganze-arbeit-aid-1.7448743\" data-wpel-link=\"external\" target=\"_self\" rel=\"nofollow external noopener noreferrer\" title=\"Externer Link: \" class=\"ext-link wpel-icon-right\">Fr\u00fchjahrsputzer leisten wieder ganze Arbeit<span class=\"wpel-icon wpel-image wpel-icon-6\"><\/span><\/a><\/p>\n<h3>Impressionen von der Fr\u00fchjahrsputzaktion<\/h3>\n<div id='gallery-1' class='gallery galleryid-5687 gallery-columns-3 gallery-size-thumbnail'><figure class='gallery-item'>\n\t\t\t<div class='gallery-icon landscape'>\n\t\t\t\t<a href=\"https:\/\/unser-quartier.de\/hagelkreuz\/2018\/03\/fruehjahrsputzaktion-im-hagelkreuz\/img_0163\/#main\" data-wpel-link=\"internal\"><img loading=\"lazy\" decoding=\"async\" width=\"150\" height=\"100\" src=\"https:\/\/unser-quartier.de\/hagelkreuz\/files\/2018\/03\/IMG_0163-150x100.jpg\" class=\"attachment-thumbnail size-thumbnail\" alt=\"Gruppenfoto B\u00fcrgerverein Hagelkreuz\" aria-describedby=\"gallery-1-5706\" srcset=\"https:\/\/unser-quartier.de\/hagelkreuz\/files\/2018\/03\/IMG_0163-150x100.jpg 150w, https:\/\/unser-quartier.de\/hagelkreuz\/files\/2018\/03\/IMG_0163-300x200.jpg 300w, https:\/\/unser-quartier.de\/hagelkreuz\/files\/2018\/03\/IMG_0163-768x512.jpg 768w, https:\/\/unser-quartier.de\/hagelkreuz\/files\/2018\/03\/IMG_0163-1024x683.jpg 1024w, https:\/\/unser-quartier.de\/hagelkreuz\/files\/2018\/03\/IMG_0163-600x400.jpg 600w, https:\/\/unser-quartier.de\/hagelkreuz\/files\/2018\/03\/IMG_0163-272x182.jpg 272w, https:\/\/unser-quartier.de\/hagelkreuz\/files\/2018\/03\/IMG_0163.jpg 1200w\" sizes=\"auto, (max-width: 150px) 100vw, 150px\" \/><\/a>\n\t\t\t<\/div>\n\t\t\t\t<figcaption class='wp-caption-text gallery-caption' id='gallery-1-5706'>\n\t\t\t\tDer B\u00fcrgerverein Hagelkreuz formiert sich an der Volksbank zum Fr\u00fchjahrsputz\n\t\t\t\t<\/figcaption><\/figure><figure class='gallery-item'>\n\t\t\t<div class='gallery-icon landscape'>\n\t\t\t\t<a href=\"https:\/\/unser-quartier.de\/hagelkreuz\/2018\/03\/fruehjahrsputzaktion-im-hagelkreuz\/img_0168\/#main\" data-wpel-link=\"internal\"><img loading=\"lazy\" decoding=\"async\" width=\"150\" height=\"100\" src=\"https:\/\/unser-quartier.de\/hagelkreuz\/files\/2018\/03\/IMG_0168-150x100.jpg\" class=\"attachment-thumbnail size-thumbnail\" alt=\"Foto M\u00fcllsammlung\" aria-describedby=\"gallery-1-5702\" srcset=\"https:\/\/unser-quartier.de\/hagelkreuz\/files\/2018\/03\/IMG_0168-150x100.jpg 150w, https:\/\/unser-quartier.de\/hagelkreuz\/files\/2018\/03\/IMG_0168-300x200.jpg 300w, https:\/\/unser-quartier.de\/hagelkreuz\/files\/2018\/03\/IMG_0168-768x512.jpg 768w, https:\/\/unser-quartier.de\/hagelkreuz\/files\/2018\/03\/IMG_0168-1024x683.jpg 1024w, https:\/\/unser-quartier.de\/hagelkreuz\/files\/2018\/03\/IMG_0168-600x400.jpg 600w, https:\/\/unser-quartier.de\/hagelkreuz\/files\/2018\/03\/IMG_0168-272x182.jpg 272w, https:\/\/unser-quartier.de\/hagelkreuz\/files\/2018\/03\/IMG_0168.jpg 1200w\" sizes=\"auto, (max-width: 150px) 100vw, 150px\" \/><\/a>\n\t\t\t<\/div>\n\t\t\t\t<figcaption class='wp-caption-text gallery-caption' id='gallery-1-5702'>\n\t\t\t\tEinige Stra\u00dfenz\u00fcge sind fast ohne M\u00fcll\n\t\t\t\t<\/figcaption><\/figure><figure class='gallery-item'>\n\t\t\t<div class='gallery-icon portrait'>\n\t\t\t\t<a href=\"https:\/\/unser-quartier.de\/hagelkreuz\/2018\/03\/fruehjahrsputzaktion-im-hagelkreuz\/img_0166\/#main\" data-wpel-link=\"internal\"><img loading=\"lazy\" decoding=\"async\" width=\"150\" height=\"225\" src=\"https:\/\/unser-quartier.de\/hagelkreuz\/files\/2018\/03\/IMG_0166-150x225.jpg\" class=\"attachment-thumbnail size-thumbnail\" alt=\"Foto Baum am Stra\u00dfenrand\" aria-describedby=\"gallery-1-5704\" srcset=\"https:\/\/unser-quartier.de\/hagelkreuz\/files\/2018\/03\/IMG_0166-150x225.jpg 150w, https:\/\/unser-quartier.de\/hagelkreuz\/files\/2018\/03\/IMG_0166-300x450.jpg 300w, https:\/\/unser-quartier.de\/hagelkreuz\/files\/2018\/03\/IMG_0166-768x1152.jpg 768w, https:\/\/unser-quartier.de\/hagelkreuz\/files\/2018\/03\/IMG_0166-683x1024.jpg 683w, https:\/\/unser-quartier.de\/hagelkreuz\/files\/2018\/03\/IMG_0166.jpg 800w\" sizes=\"auto, (max-width: 150px) 100vw, 150px\" \/><\/a>\n\t\t\t<\/div>\n\t\t\t\t<figcaption class='wp-caption-text gallery-caption' id='gallery-1-5704'>\n\t\t\t\tEigentlich nur ein Baum am Stra\u00dfenrand der Otto-Hahn-Stra\u00dfe\n\t\t\t\t<\/figcaption><\/figure><figure class='gallery-item'>\n\t\t\t<div class='gallery-icon landscape'>\n\t\t\t\t<a href=\"https:\/\/unser-quartier.de\/hagelkreuz\/2018\/03\/fruehjahrsputzaktion-im-hagelkreuz\/img_0165\/#main\" data-wpel-link=\"internal\"><img loading=\"lazy\" decoding=\"async\" width=\"150\" height=\"100\" src=\"https:\/\/unser-quartier.de\/hagelkreuz\/files\/2018\/03\/IMG_0165-150x100.jpg\" class=\"attachment-thumbnail size-thumbnail\" alt=\"Foto Hundekacke\" aria-describedby=\"gallery-1-5705\" srcset=\"https:\/\/unser-quartier.de\/hagelkreuz\/files\/2018\/03\/IMG_0165-150x100.jpg 150w, https:\/\/unser-quartier.de\/hagelkreuz\/files\/2018\/03\/IMG_0165-300x200.jpg 300w, https:\/\/unser-quartier.de\/hagelkreuz\/files\/2018\/03\/IMG_0165-768x512.jpg 768w, https:\/\/unser-quartier.de\/hagelkreuz\/files\/2018\/03\/IMG_0165-1024x683.jpg 1024w, https:\/\/unser-quartier.de\/hagelkreuz\/files\/2018\/03\/IMG_0165-600x400.jpg 600w, https:\/\/unser-quartier.de\/hagelkreuz\/files\/2018\/03\/IMG_0165-272x182.jpg 272w, https:\/\/unser-quartier.de\/hagelkreuz\/files\/2018\/03\/IMG_0165.jpg 1200w\" sizes=\"auto, (max-width: 150px) 100vw, 150px\" \/><\/a>\n\t\t\t<\/div>\n\t\t\t\t<figcaption class='wp-caption-text gallery-caption' id='gallery-1-5705'>\n\t\t\t\tAber &#8211; ein\/e Hundehalter\/in hat ihn zur Hundetoilette umfunktioniert.\n\t\t\t\t<\/figcaption><\/figure><figure class='gallery-item'>\n\t\t\t<div class='gallery-icon portrait'>\n\t\t\t\t<a href=\"https:\/\/unser-quartier.de\/hagelkreuz\/2018\/03\/fruehjahrsputzaktion-im-hagelkreuz\/img_0167\/#main\" data-wpel-link=\"internal\"><img loading=\"lazy\" decoding=\"async\" width=\"150\" height=\"225\" src=\"https:\/\/unser-quartier.de\/hagelkreuz\/files\/2018\/03\/IMG_0167-150x225.jpg\" class=\"attachment-thumbnail size-thumbnail\" alt=\"Foto Hundetoilette\" aria-describedby=\"gallery-1-5703\" srcset=\"https:\/\/unser-quartier.de\/hagelkreuz\/files\/2018\/03\/IMG_0167-150x225.jpg 150w, https:\/\/unser-quartier.de\/hagelkreuz\/files\/2018\/03\/IMG_0167-300x450.jpg 300w, https:\/\/unser-quartier.de\/hagelkreuz\/files\/2018\/03\/IMG_0167-768x1152.jpg 768w, https:\/\/unser-quartier.de\/hagelkreuz\/files\/2018\/03\/IMG_0167-683x1024.jpg 683w, https:\/\/unser-quartier.de\/hagelkreuz\/files\/2018\/03\/IMG_0167.jpg 800w\" sizes=\"auto, (max-width: 150px) 100vw, 150px\" \/><\/a>\n\t\t\t<\/div>\n\t\t\t\t<figcaption class='wp-caption-text gallery-caption' id='gallery-1-5703'>\n\t\t\t\tHundetoilette &#8211; muss das sein?!\n\t\t\t\t<\/figcaption><\/figure><figure class='gallery-item'>\n\t\t\t<div class='gallery-icon landscape'>\n\t\t\t\t<a href=\"https:\/\/unser-quartier.de\/hagelkreuz\/2018\/03\/fruehjahrsputzaktion-im-hagelkreuz\/img_0173\/#main\" data-wpel-link=\"internal\"><img loading=\"lazy\" decoding=\"async\" width=\"150\" height=\"100\" src=\"https:\/\/unser-quartier.de\/hagelkreuz\/files\/2018\/03\/IMG_0173-150x100.jpg\" class=\"attachment-thumbnail size-thumbnail\" alt=\"Foto Gr\u00fcnstreifen werden entm\u00fcllt\" aria-describedby=\"gallery-1-5700\" srcset=\"https:\/\/unser-quartier.de\/hagelkreuz\/files\/2018\/03\/IMG_0173-150x100.jpg 150w, https:\/\/unser-quartier.de\/hagelkreuz\/files\/2018\/03\/IMG_0173-300x200.jpg 300w, https:\/\/unser-quartier.de\/hagelkreuz\/files\/2018\/03\/IMG_0173-768x512.jpg 768w, https:\/\/unser-quartier.de\/hagelkreuz\/files\/2018\/03\/IMG_0173-1024x683.jpg 1024w, https:\/\/unser-quartier.de\/hagelkreuz\/files\/2018\/03\/IMG_0173-600x400.jpg 600w, https:\/\/unser-quartier.de\/hagelkreuz\/files\/2018\/03\/IMG_0173-272x182.jpg 272w, https:\/\/unser-quartier.de\/hagelkreuz\/files\/2018\/03\/IMG_0173.jpg 1200w\" sizes=\"auto, (max-width: 150px) 100vw, 150px\" \/><\/a>\n\t\t\t<\/div>\n\t\t\t\t<figcaption class='wp-caption-text gallery-caption' id='gallery-1-5700'>\n\t\t\t\tMit vollem Einsatz gehts&#8230;\n\t\t\t\t<\/figcaption><\/figure><figure class='gallery-item'>\n\t\t\t<div class='gallery-icon landscape'>\n\t\t\t\t<a href=\"https:\/\/unser-quartier.de\/hagelkreuz\/2018\/03\/fruehjahrsputzaktion-im-hagelkreuz\/img_0172\/#main\" data-wpel-link=\"internal\"><img loading=\"lazy\" decoding=\"async\" width=\"150\" height=\"100\" src=\"https:\/\/unser-quartier.de\/hagelkreuz\/files\/2018\/03\/IMG_0172-150x100.jpg\" class=\"attachment-thumbnail size-thumbnail\" alt=\"Foto Gr\u00fcnstreifen wird entm\u00fcllt\" aria-describedby=\"gallery-1-5701\" srcset=\"https:\/\/unser-quartier.de\/hagelkreuz\/files\/2018\/03\/IMG_0172-150x100.jpg 150w, https:\/\/unser-quartier.de\/hagelkreuz\/files\/2018\/03\/IMG_0172-300x200.jpg 300w, https:\/\/unser-quartier.de\/hagelkreuz\/files\/2018\/03\/IMG_0172-768x512.jpg 768w, https:\/\/unser-quartier.de\/hagelkreuz\/files\/2018\/03\/IMG_0172-1024x683.jpg 1024w, https:\/\/unser-quartier.de\/hagelkreuz\/files\/2018\/03\/IMG_0172-600x400.jpg 600w, https:\/\/unser-quartier.de\/hagelkreuz\/files\/2018\/03\/IMG_0172-272x182.jpg 272w, https:\/\/unser-quartier.de\/hagelkreuz\/files\/2018\/03\/IMG_0172.jpg 1200w\" sizes=\"auto, (max-width: 150px) 100vw, 150px\" \/><\/a>\n\t\t\t<\/div>\n\t\t\t\t<figcaption class='wp-caption-text gallery-caption' id='gallery-1-5701'>\n\t\t\t\tin die Rabatten.\n\t\t\t\t<\/figcaption><\/figure><figure class='gallery-item'>\n\t\t\t<div class='gallery-icon landscape'>\n\t\t\t\t<a href=\"https:\/\/unser-quartier.de\/hagelkreuz\/2018\/03\/fruehjahrsputzaktion-im-hagelkreuz\/img_0184\/#main\" data-wpel-link=\"internal\"><img loading=\"lazy\" decoding=\"async\" width=\"150\" height=\"100\" src=\"https:\/\/unser-quartier.de\/hagelkreuz\/files\/2018\/03\/IMG_0184-150x100.jpg\" class=\"attachment-thumbnail size-thumbnail\" alt=\"Foto M\u00fcll wird aufgesammelt\" aria-describedby=\"gallery-1-5697\" srcset=\"https:\/\/unser-quartier.de\/hagelkreuz\/files\/2018\/03\/IMG_0184-150x100.jpg 150w, https:\/\/unser-quartier.de\/hagelkreuz\/files\/2018\/03\/IMG_0184-300x200.jpg 300w, https:\/\/unser-quartier.de\/hagelkreuz\/files\/2018\/03\/IMG_0184-768x512.jpg 768w, https:\/\/unser-quartier.de\/hagelkreuz\/files\/2018\/03\/IMG_0184-1024x683.jpg 1024w, https:\/\/unser-quartier.de\/hagelkreuz\/files\/2018\/03\/IMG_0184-600x400.jpg 600w, https:\/\/unser-quartier.de\/hagelkreuz\/files\/2018\/03\/IMG_0184-272x182.jpg 272w, https:\/\/unser-quartier.de\/hagelkreuz\/files\/2018\/03\/IMG_0184.jpg 1200w\" sizes=\"auto, (max-width: 150px) 100vw, 150px\" \/><\/a>\n\t\t\t<\/div>\n\t\t\t\t<figcaption class='wp-caption-text gallery-caption' id='gallery-1-5697'>\n\t\t\t\tTeamwork\n\t\t\t\t<\/figcaption><\/figure><figure class='gallery-item'>\n\t\t\t<div class='gallery-icon landscape'>\n\t\t\t\t<a href=\"https:\/\/unser-quartier.de\/hagelkreuz\/2018\/03\/fruehjahrsputzaktion-im-hagelkreuz\/img_0181\/#main\" data-wpel-link=\"internal\"><img loading=\"lazy\" decoding=\"async\" width=\"150\" height=\"100\" src=\"https:\/\/unser-quartier.de\/hagelkreuz\/files\/2018\/03\/IMG_0181-150x100.jpg\" class=\"attachment-thumbnail size-thumbnail\" alt=\"Foto mit Flachm\u00e4nnern\" srcset=\"https:\/\/unser-quartier.de\/hagelkreuz\/files\/2018\/03\/IMG_0181-150x100.jpg 150w, https:\/\/unser-quartier.de\/hagelkreuz\/files\/2018\/03\/IMG_0181-300x200.jpg 300w, https:\/\/unser-quartier.de\/hagelkreuz\/files\/2018\/03\/IMG_0181-768x512.jpg 768w, https:\/\/unser-quartier.de\/hagelkreuz\/files\/2018\/03\/IMG_0181-1024x683.jpg 1024w, https:\/\/unser-quartier.de\/hagelkreuz\/files\/2018\/03\/IMG_0181-600x400.jpg 600w, https:\/\/unser-quartier.de\/hagelkreuz\/files\/2018\/03\/IMG_0181-272x182.jpg 272w, https:\/\/unser-quartier.de\/hagelkreuz\/files\/2018\/03\/IMG_0181.jpg 1200w\" sizes=\"auto, (max-width: 150px) 100vw, 150px\" \/><\/a>\n\t\t\t<\/div><\/figure><figure class='gallery-item'>\n\t\t\t<div class='gallery-icon landscape'>\n\t\t\t\t<a href=\"https:\/\/unser-quartier.de\/hagelkreuz\/2018\/03\/fruehjahrsputzaktion-im-hagelkreuz\/img_0180\/#main\" data-wpel-link=\"internal\"><img loading=\"lazy\" decoding=\"async\" width=\"150\" height=\"100\" src=\"https:\/\/unser-quartier.de\/hagelkreuz\/files\/2018\/03\/IMG_0180-150x100.jpg\" class=\"attachment-thumbnail size-thumbnail\" alt=\"Foto Flachm\u00e4nner werden pr\u00e4sentiert\" aria-describedby=\"gallery-1-5699\" srcset=\"https:\/\/unser-quartier.de\/hagelkreuz\/files\/2018\/03\/IMG_0180-150x100.jpg 150w, https:\/\/unser-quartier.de\/hagelkreuz\/files\/2018\/03\/IMG_0180-300x200.jpg 300w, https:\/\/unser-quartier.de\/hagelkreuz\/files\/2018\/03\/IMG_0180-768x512.jpg 768w, https:\/\/unser-quartier.de\/hagelkreuz\/files\/2018\/03\/IMG_0180-1024x683.jpg 1024w, https:\/\/unser-quartier.de\/hagelkreuz\/files\/2018\/03\/IMG_0180-600x400.jpg 600w, https:\/\/unser-quartier.de\/hagelkreuz\/files\/2018\/03\/IMG_0180-272x182.jpg 272w, https:\/\/unser-quartier.de\/hagelkreuz\/files\/2018\/03\/IMG_0180.jpg 1200w\" sizes=\"auto, (max-width: 150px) 100vw, 150px\" \/><\/a>\n\t\t\t<\/div>\n\t\t\t\t<figcaption class='wp-caption-text gallery-caption' id='gallery-1-5699'>\n\t\t\t\tVielleicht k\u00f6nnte der Verursacher die Flaschen zuhause entsorgen&#8230;\n\t\t\t\t<\/figcaption><\/figure><figure class='gallery-item'>\n\t\t\t<div class='gallery-icon portrait'>\n\t\t\t\t<a href=\"https:\/\/unser-quartier.de\/hagelkreuz\/2018\/03\/fruehjahrsputzaktion-im-hagelkreuz\/img_0200\/#main\" data-wpel-link=\"internal\"><img loading=\"lazy\" decoding=\"async\" width=\"150\" height=\"225\" src=\"https:\/\/unser-quartier.de\/hagelkreuz\/files\/2018\/03\/IMG_0200-150x225.jpg\" class=\"attachment-thumbnail size-thumbnail\" alt=\"Foto Eimer mit Greifzange\" aria-describedby=\"gallery-1-5695\" srcset=\"https:\/\/unser-quartier.de\/hagelkreuz\/files\/2018\/03\/IMG_0200-150x225.jpg 150w, https:\/\/unser-quartier.de\/hagelkreuz\/files\/2018\/03\/IMG_0200-300x450.jpg 300w, https:\/\/unser-quartier.de\/hagelkreuz\/files\/2018\/03\/IMG_0200-768x1152.jpg 768w, https:\/\/unser-quartier.de\/hagelkreuz\/files\/2018\/03\/IMG_0200-683x1024.jpg 683w, https:\/\/unser-quartier.de\/hagelkreuz\/files\/2018\/03\/IMG_0200.jpg 800w\" sizes=\"auto, (max-width: 150px) 100vw, 150px\" \/><\/a>\n\t\t\t<\/div>\n\t\t\t\t<figcaption class='wp-caption-text gallery-caption' id='gallery-1-5695'>\n\t\t\t\tViel achtlos weggeworfenes Kleinzeug\n\t\t\t\t<\/figcaption><\/figure><figure class='gallery-item'>\n\t\t\t<div class='gallery-icon landscape'>\n\t\t\t\t<a href=\"https:\/\/unser-quartier.de\/hagelkreuz\/2018\/03\/fruehjahrsputzaktion-im-hagelkreuz\/img_0198\/#main\" data-wpel-link=\"internal\"><img loading=\"lazy\" decoding=\"async\" width=\"150\" height=\"100\" src=\"https:\/\/unser-quartier.de\/hagelkreuz\/files\/2018\/03\/IMG_0198-150x100.jpg\" class=\"attachment-thumbnail size-thumbnail\" alt=\"Foto Gruppe macht Pause\" aria-describedby=\"gallery-1-5696\" srcset=\"https:\/\/unser-quartier.de\/hagelkreuz\/files\/2018\/03\/IMG_0198-150x100.jpg 150w, https:\/\/unser-quartier.de\/hagelkreuz\/files\/2018\/03\/IMG_0198-300x200.jpg 300w, https:\/\/unser-quartier.de\/hagelkreuz\/files\/2018\/03\/IMG_0198-768x512.jpg 768w, https:\/\/unser-quartier.de\/hagelkreuz\/files\/2018\/03\/IMG_0198-1024x683.jpg 1024w, https:\/\/unser-quartier.de\/hagelkreuz\/files\/2018\/03\/IMG_0198-600x400.jpg 600w, https:\/\/unser-quartier.de\/hagelkreuz\/files\/2018\/03\/IMG_0198-272x182.jpg 272w, https:\/\/unser-quartier.de\/hagelkreuz\/files\/2018\/03\/IMG_0198.jpg 1200w\" sizes=\"auto, (max-width: 150px) 100vw, 150px\" \/><\/a>\n\t\t\t<\/div>\n\t\t\t\t<figcaption class='wp-caption-text gallery-caption' id='gallery-1-5696'>\n\t\t\t\tKurze Rast, dann gehts weiter Richtung Conci\n\t\t\t\t<\/figcaption><\/figure><figure class='gallery-item'>\n\t\t\t<div class='gallery-icon portrait'>\n\t\t\t\t<a href=\"https:\/\/unser-quartier.de\/hagelkreuz\/2018\/03\/fruehjahrsputzaktion-im-hagelkreuz\/img_0211\/#main\" data-wpel-link=\"internal\"><img loading=\"lazy\" decoding=\"async\" width=\"150\" height=\"225\" src=\"https:\/\/unser-quartier.de\/hagelkreuz\/files\/2018\/03\/IMG_0211-150x225.jpg\" class=\"attachment-thumbnail size-thumbnail\" alt=\"Foto Schubkarre mit M\u00dcLL\" aria-describedby=\"gallery-1-5693\" srcset=\"https:\/\/unser-quartier.de\/hagelkreuz\/files\/2018\/03\/IMG_0211-150x225.jpg 150w, https:\/\/unser-quartier.de\/hagelkreuz\/files\/2018\/03\/IMG_0211-300x450.jpg 300w, https:\/\/unser-quartier.de\/hagelkreuz\/files\/2018\/03\/IMG_0211-768x1152.jpg 768w, https:\/\/unser-quartier.de\/hagelkreuz\/files\/2018\/03\/IMG_0211-683x1024.jpg 683w, https:\/\/unser-quartier.de\/hagelkreuz\/files\/2018\/03\/IMG_0211.jpg 800w\" sizes=\"auto, (max-width: 150px) 100vw, 150px\" \/><\/a>\n\t\t\t<\/div>\n\t\t\t\t<figcaption class='wp-caption-text gallery-caption' id='gallery-1-5693'>\n\t\t\t\tSchubkarre voll mit M\u00fcll und Flaschen\n\t\t\t\t<\/figcaption><\/figure><figure class='gallery-item'>\n\t\t\t<div class='gallery-icon landscape'>\n\t\t\t\t<a href=\"https:\/\/unser-quartier.de\/hagelkreuz\/2018\/03\/fruehjahrsputzaktion-im-hagelkreuz\/img_0212\/#main\" data-wpel-link=\"internal\"><img loading=\"lazy\" decoding=\"async\" width=\"150\" height=\"100\" src=\"https:\/\/unser-quartier.de\/hagelkreuz\/files\/2018\/03\/IMG_0212-150x100.jpg\" class=\"attachment-thumbnail size-thumbnail\" alt=\"Foto von einer Vielzahl gefundener Flaschen\" aria-describedby=\"gallery-1-5692\" srcset=\"https:\/\/unser-quartier.de\/hagelkreuz\/files\/2018\/03\/IMG_0212-150x100.jpg 150w, https:\/\/unser-quartier.de\/hagelkreuz\/files\/2018\/03\/IMG_0212-300x200.jpg 300w, https:\/\/unser-quartier.de\/hagelkreuz\/files\/2018\/03\/IMG_0212-768x512.jpg 768w, https:\/\/unser-quartier.de\/hagelkreuz\/files\/2018\/03\/IMG_0212-1024x683.jpg 1024w, https:\/\/unser-quartier.de\/hagelkreuz\/files\/2018\/03\/IMG_0212-600x400.jpg 600w, https:\/\/unser-quartier.de\/hagelkreuz\/files\/2018\/03\/IMG_0212-272x182.jpg 272w, https:\/\/unser-quartier.de\/hagelkreuz\/files\/2018\/03\/IMG_0212.jpg 1200w\" sizes=\"auto, (max-width: 150px) 100vw, 150px\" \/><\/a>\n\t\t\t<\/div>\n\t\t\t\t<figcaption class='wp-caption-text gallery-caption' id='gallery-1-5692'>\n\t\t\t\tFlaschen, Flaschen und noch mehr Flaschen\n\t\t\t\t<\/figcaption><\/figure><figure class='gallery-item'>\n\t\t\t<div class='gallery-icon portrait'>\n\t\t\t\t<a href=\"https:\/\/unser-quartier.de\/hagelkreuz\/2018\/03\/fruehjahrsputzaktion-im-hagelkreuz\/img_0202\/#main\" data-wpel-link=\"internal\"><img loading=\"lazy\" decoding=\"async\" width=\"150\" height=\"225\" src=\"https:\/\/unser-quartier.de\/hagelkreuz\/files\/2018\/03\/IMG_0202-150x225.jpg\" class=\"attachment-thumbnail size-thumbnail\" alt=\"\" aria-describedby=\"gallery-1-5694\" srcset=\"https:\/\/unser-quartier.de\/hagelkreuz\/files\/2018\/03\/IMG_0202-150x225.jpg 150w, https:\/\/unser-quartier.de\/hagelkreuz\/files\/2018\/03\/IMG_0202-300x450.jpg 300w, https:\/\/unser-quartier.de\/hagelkreuz\/files\/2018\/03\/IMG_0202-768x1152.jpg 768w, https:\/\/unser-quartier.de\/hagelkreuz\/files\/2018\/03\/IMG_0202-683x1024.jpg 683w, https:\/\/unser-quartier.de\/hagelkreuz\/files\/2018\/03\/IMG_0202.jpg 800w\" sizes=\"auto, (max-width: 150px) 100vw, 150px\" \/><\/a>\n\t\t\t<\/div>\n\t\t\t\t<figcaption class='wp-caption-text gallery-caption' id='gallery-1-5694'>\n\t\t\t\tWenn man jetzt noch einen Herd finden w\u00fcrde&#8230;\n\t\t\t\t<\/figcaption><\/figure><figure class='gallery-item'>\n\t\t\t<div class='gallery-icon portrait'>\n\t\t\t\t<a href=\"https:\/\/unser-quartier.de\/hagelkreuz\/2018\/03\/fruehjahrsputzaktion-im-hagelkreuz\/img_0214\/#main\" data-wpel-link=\"internal\"><img loading=\"lazy\" decoding=\"async\" width=\"150\" height=\"225\" src=\"https:\/\/unser-quartier.de\/hagelkreuz\/files\/2018\/03\/IMG_0214-150x225.jpg\" class=\"attachment-thumbnail size-thumbnail\" alt=\"Gruppenfoto Abladen der M\u00fclls\u00e4cke\" aria-describedby=\"gallery-1-5691\" srcset=\"https:\/\/unser-quartier.de\/hagelkreuz\/files\/2018\/03\/IMG_0214-150x225.jpg 150w, https:\/\/unser-quartier.de\/hagelkreuz\/files\/2018\/03\/IMG_0214-300x450.jpg 300w, https:\/\/unser-quartier.de\/hagelkreuz\/files\/2018\/03\/IMG_0214-768x1152.jpg 768w, https:\/\/unser-quartier.de\/hagelkreuz\/files\/2018\/03\/IMG_0214-683x1024.jpg 683w, https:\/\/unser-quartier.de\/hagelkreuz\/files\/2018\/03\/IMG_0214.jpg 800w\" sizes=\"auto, (max-width: 150px) 100vw, 150px\" \/><\/a>\n\t\t\t<\/div>\n\t\t\t\t<figcaption class='wp-caption-text gallery-caption' id='gallery-1-5691'>\n\t\t\t\tAbladen der prall gef\u00fcllten M\u00fclls\u00e4cke\n\t\t\t\t<\/figcaption><\/figure><figure class='gallery-item'>\n\t\t\t<div class='gallery-icon landscape'>\n\t\t\t\t<a href=\"https:\/\/unser-quartier.de\/hagelkreuz\/2018\/03\/fruehjahrsputzaktion-im-hagelkreuz\/img_0215\/#main\" data-wpel-link=\"internal\"><img loading=\"lazy\" decoding=\"async\" width=\"150\" height=\"100\" src=\"https:\/\/unser-quartier.de\/hagelkreuz\/files\/2018\/03\/IMG_0215-150x100.jpg\" class=\"attachment-thumbnail size-thumbnail\" alt=\"Gruppenfoto M\u00fcllsammler\" aria-describedby=\"gallery-1-5690\" srcset=\"https:\/\/unser-quartier.de\/hagelkreuz\/files\/2018\/03\/IMG_0215-150x100.jpg 150w, https:\/\/unser-quartier.de\/hagelkreuz\/files\/2018\/03\/IMG_0215-300x200.jpg 300w, https:\/\/unser-quartier.de\/hagelkreuz\/files\/2018\/03\/IMG_0215-768x512.jpg 768w, https:\/\/unser-quartier.de\/hagelkreuz\/files\/2018\/03\/IMG_0215-1024x683.jpg 1024w, https:\/\/unser-quartier.de\/hagelkreuz\/files\/2018\/03\/IMG_0215-600x400.jpg 600w, https:\/\/unser-quartier.de\/hagelkreuz\/files\/2018\/03\/IMG_0215-272x182.jpg 272w, https:\/\/unser-quartier.de\/hagelkreuz\/files\/2018\/03\/IMG_0215.jpg 1200w\" sizes=\"auto, (max-width: 150px) 100vw, 150px\" \/><\/a>\n\t\t\t<\/div>\n\t\t\t\t<figcaption class='wp-caption-text gallery-caption' id='gallery-1-5690'>\n\t\t\t\tNach getaner Tat&#8230;\n\t\t\t\t<\/figcaption><\/figure>\n\t\t<\/div>\n\n","protected":false},"excerpt":{"rendered":"<p>Wie schon in den letzten Jahren beteiligte sich der B\u00fcrgerverein Hagelkreuz und auch das Quartiersprojekt an der Fr\u00fchjahrsputzaktion der Rheinischen Post, der Recyclingfirma Sch\u00f6nmackers und der Stadt Kempen. Aufgeteilt in zwei Gruppen, durchstreiften sie am Samstagvormittag das Hagelkreuz nach achtlos weggeworfenen Gegenst\u00e4nden.<\/p>\n","protected":false},"author":391,"featured_media":5690,"comment_status":"closed","ping_status":"closed","sticky":false,"template":"","format":"standard","meta":{"generate_page_header":"","footnotes":""},"categories":[274,38],"tags":[],"class_list":["post-5687","post","type-post","status-publish","format-standard","has-post-thumbnail","hentry","category-quartier","category-wohnen"],"_links":{"self":[{"href":"https:\/\/unser-quartier.de\/hagelkreuz\/wp-json\/wp\/v2\/posts\/5687","targetHints":{"allow":["GET"]}}],"collection":[{"href":"https:\/\/unser-quartier.de\/hagelkreuz\/wp-json\/wp\/v2\/posts"}],"about":[{"href":"https:\/\/unser-quartier.de\/hagelkreuz\/wp-json\/wp\/v2\/types\/post"}],"author":[{"embeddable":true,"href":"https:\/\/unser-quartier.de\/hagelkreuz\/wp-json\/wp\/v2\/users\/391"}],"replies":[{"embeddable":true,"href":"https:\/\/unser-quartier.de\/hagelkreuz\/wp-json\/wp\/v2\/comments?post=5687"}],"version-history":[{"count":0,"href":"https:\/\/unser-quartier.de\/hagelkreuz\/wp-json\/wp\/v2\/posts\/5687\/revisions"}],"wp:featuredmedia":[{"embeddable":true,"href":"https:\/\/unser-quartier.de\/hagelkreuz\/wp-json\/wp\/v2\/media\/5690"}],"wp:attachment":[{"href":"https:\/\/unser-quartier.de\/hagelkreuz\/wp-json\/wp\/v2\/media?parent=5687"}],"wp:term":[{"taxonomy":"category","embeddable":true,"href":"https:\/\/unser-quartier.de\/hagelkreuz\/wp-json\/wp\/v2\/categories?post=5687"},{"taxonomy":"post_tag","embeddable":true,"href":"https:\/\/unser-quartier.de\/hagelkreuz\/wp-json\/wp\/v2\/tags?post=5687"}],"curies":[{"name":"wp","href":"https:\/\/api.w.org\/{rel}","templated":true}]}}