{"id":5730,"date":"2018-03-20T11:39:20","date_gmt":"2018-03-20T10:39:20","guid":{"rendered":"https:\/\/unser-quartier.de\/hagelkreuz\/?p=5730"},"modified":"2020-07-14T13:34:27","modified_gmt":"2020-07-14T13:34:27","slug":"sonntagsdiebe-streifen-durch-kempens-cafes","status":"publish","type":"post","link":"https:\/\/unser-quartier.de\/hagelkreuz\/2018\/03\/sonntagsdiebe-streifen-durch-kempens-cafes\/","title":{"rendered":"Sonntagsdiebe streifen durch Kempen&#8217;s Caf\u00e9s"},"content":{"rendered":"<figure id=\"attachment_5735\" aria-describedby=\"caption-attachment-5735\" style=\"width: 290px\" class=\"wp-caption alignleft\"><a href=\"https:\/\/unser-quartier.de\/hagelkreuz\/files\/2018\/03\/IMG_0172-1.jpg\" data-wpel-link=\"internal\"><img loading=\"lazy\" decoding=\"async\" class=\"size-medium wp-image-5735\" src=\"https:\/\/unser-quartier.de\/hagelkreuz\/files\/2018\/03\/IMG_0172-1-300x200.jpg\" alt=\"Gruppenfoto Caf\u00e9 am Ring\" width=\"300\" height=\"200\" srcset=\"https:\/\/unser-quartier.de\/hagelkreuz\/files\/2018\/03\/IMG_0172-1-300x200.jpg 300w, https:\/\/unser-quartier.de\/hagelkreuz\/files\/2018\/03\/IMG_0172-1-150x100.jpg 150w, https:\/\/unser-quartier.de\/hagelkreuz\/files\/2018\/03\/IMG_0172-1-768x512.jpg 768w, https:\/\/unser-quartier.de\/hagelkreuz\/files\/2018\/03\/IMG_0172-1-1024x683.jpg 1024w, https:\/\/unser-quartier.de\/hagelkreuz\/files\/2018\/03\/IMG_0172-1-600x400.jpg 600w, https:\/\/unser-quartier.de\/hagelkreuz\/files\/2018\/03\/IMG_0172-1-272x182.jpg 272w, https:\/\/unser-quartier.de\/hagelkreuz\/files\/2018\/03\/IMG_0172-1.jpg 1200w\" sizes=\"auto, (max-width: 300px) 100vw, 300px\" \/><\/a><figcaption id=\"caption-attachment-5735\" class=\"wp-caption-text\">Petra Zahrt begr\u00fc\u00dft die Sonntagsdiebe zum einj\u00e4hrigen Jubil\u00e4um<\/figcaption><\/figure>\n<p>Schon seit einem Jahr treffen sich einmal monatlich, an jedem dritten Sonntag zwischen 20 und 30 alleinstehende Senioren in unterschiedlichen Caf\u00e9s in Kempen und freuen sich, der sonnt\u00e4glichen Langeweile entfliehen zu k\u00f6nnen. Wenn die Familien meist Hand in Hand unterwegs sind, f\u00fchlen viele Senioren den Verlust geliebter Menschen an ihrer Seite. <!--more-->Um dieses Gef\u00fchl gar nicht erst aufkommen zu lassen, bleiben sie lieber zuhause. Die Sonntagsdiebe erm\u00f6glichen es, der gef\u00fchlten Ausgangssperre etwas entgegenzusetzen und sich in gem\u00fctlicher Atmosph\u00e4re zu unterhalten, neue Kontakte zu kn\u00fcpfen und sich vielleicht sogar f\u00fcr gemeinsame Unternehmungen zu treffen.<\/p>\n<p>Die Idee f\u00fcr die Sonntagsdiebe hatte Petra Zahrt, deren Mutter \u00fcber Einsamkeit und Langeweile an den Sonntagen klagte. Im Gespr\u00e4ch mit dem Kempener Stadtmarketing, vertreten durch Christoph Dellmans und dem Quartiersentwickler Ingo Behr wurde das Projekt Sonntagsdiebe entwickelt und im letzten M\u00e4rz 2017 im nun geschlossenen Burg Caf\u00e9 gestartet. Seitdem finden immer wieder neue Gesichter den Weg zu den Sonntagsdieben, genie\u00dfen die gem\u00fctliche Atmosph\u00e4re und freuen sich \u00fcber neue Kontakte.<\/p>\n<p>Die n\u00e4chsten Termine sind am 15.4.2018, im Caf\u00e9 himmlisch, Judenstra\u00dfe 5 und am 20.5.2018, im Eiscaf\u00e9 Pattavino, Concordienplatz 6. Wir freuen uns mit Ihnen gemeinsam die Zeit zu stehlen&#8230; ib<\/p>\n<p>Eva Scheuss von der Rheinische Post schreibt: <a href=\"http:\/\/www.rp-online.de\/nrw\/staedte\/kempen\/sonntagsdiebe-stehlen-die-einsamkeit-aid-1.7465970\" data-wpel-link=\"external\" target=\"_self\" rel=\"nofollow external noopener noreferrer\" title=\"Externer Link: \" class=\"ext-link wpel-icon-right\">Sonntagsdiebe stehlen die Einsamkeit<span class=\"wpel-icon wpel-image wpel-icon-6\"><\/span><\/a><\/p>\n<h3>Impressionen<\/h3>\n<div id='gallery-1' class='gallery galleryid-5730 gallery-columns-3 gallery-size-medium'><figure class='gallery-item'>\n\t\t\t<div class='gallery-icon landscape'>\n\t\t\t\t<a href=\"https:\/\/unser-quartier.de\/hagelkreuz\/files\/2018\/03\/Pressefoto.jpg\" data-wpel-link=\"internal\"><img loading=\"lazy\" decoding=\"async\" width=\"300\" height=\"179\" src=\"https:\/\/unser-quartier.de\/hagelkreuz\/files\/2018\/03\/Pressefoto-300x179.jpg\" class=\"attachment-medium size-medium\" alt=\"Gruppenfoto im Burgcaf\u00e9\" aria-describedby=\"gallery-1-5742\" srcset=\"https:\/\/unser-quartier.de\/hagelkreuz\/files\/2018\/03\/Pressefoto-300x179.jpg 300w, https:\/\/unser-quartier.de\/hagelkreuz\/files\/2018\/03\/Pressefoto-150x90.jpg 150w, https:\/\/unser-quartier.de\/hagelkreuz\/files\/2018\/03\/Pressefoto-768x459.jpg 768w, https:\/\/unser-quartier.de\/hagelkreuz\/files\/2018\/03\/Pressefoto-1024x612.jpg 1024w, https:\/\/unser-quartier.de\/hagelkreuz\/files\/2018\/03\/Pressefoto.jpg 1273w\" sizes=\"auto, (max-width: 300px) 100vw, 300px\" \/><\/a>\n\t\t\t<\/div>\n\t\t\t\t<figcaption class='wp-caption-text gallery-caption' id='gallery-1-5742'>\n\t\t\t\tErstes Treffen der Sonntagsdiebe im Burg Caf\u00e9\n\t\t\t\t<\/figcaption><\/figure><figure class='gallery-item'>\n\t\t\t<div class='gallery-icon landscape'>\n\t\t\t\t<a href=\"https:\/\/unser-quartier.de\/hagelkreuz\/files\/2018\/03\/Sonntagsdiebe_Treffen2_160417_P1200878-e1521539241414.jpg\" data-wpel-link=\"internal\"><img loading=\"lazy\" decoding=\"async\" width=\"300\" height=\"295\" src=\"https:\/\/unser-quartier.de\/hagelkreuz\/files\/2018\/03\/Sonntagsdiebe_Treffen2_160417_P1200878-e1521539241414-300x295.jpg\" class=\"attachment-medium size-medium\" alt=\"Gruppenfoto im Caf\u00e9 Fiedler\" aria-describedby=\"gallery-1-5744\" srcset=\"https:\/\/unser-quartier.de\/hagelkreuz\/files\/2018\/03\/Sonntagsdiebe_Treffen2_160417_P1200878-e1521539241414-300x295.jpg 300w, https:\/\/unser-quartier.de\/hagelkreuz\/files\/2018\/03\/Sonntagsdiebe_Treffen2_160417_P1200878-e1521539241414-150x148.jpg 150w, https:\/\/unser-quartier.de\/hagelkreuz\/files\/2018\/03\/Sonntagsdiebe_Treffen2_160417_P1200878-e1521539241414-768x756.jpg 768w, https:\/\/unser-quartier.de\/hagelkreuz\/files\/2018\/03\/Sonntagsdiebe_Treffen2_160417_P1200878-e1521539241414-1024x1008.jpg 1024w, https:\/\/unser-quartier.de\/hagelkreuz\/files\/2018\/03\/Sonntagsdiebe_Treffen2_160417_P1200878-e1521539241414.jpg 1200w\" sizes=\"auto, (max-width: 300px) 100vw, 300px\" \/><\/a>\n\t\t\t<\/div>\n\t\t\t\t<figcaption class='wp-caption-text gallery-caption' id='gallery-1-5744'>\n\t\t\t\tSonntagsdeibe im Caf\u00e9 Fiedler\n\t\t\t\t<\/figcaption><\/figure><figure class='gallery-item'>\n\t\t\t<div class='gallery-icon landscape'>\n\t\t\t\t<a href=\"https:\/\/unser-quartier.de\/hagelkreuz\/files\/2018\/03\/Lieblingscafe-Perspektive-2.jpg\" data-wpel-link=\"internal\"><img loading=\"lazy\" decoding=\"async\" width=\"300\" height=\"146\" src=\"https:\/\/unser-quartier.de\/hagelkreuz\/files\/2018\/03\/Lieblingscafe-Perspektive-2-300x146.jpg\" class=\"attachment-medium size-medium\" alt=\"Gruppenfoto im Lieblingscaf\u00e9\" aria-describedby=\"gallery-1-5740\" srcset=\"https:\/\/unser-quartier.de\/hagelkreuz\/files\/2018\/03\/Lieblingscafe-Perspektive-2-300x146.jpg 300w, https:\/\/unser-quartier.de\/hagelkreuz\/files\/2018\/03\/Lieblingscafe-Perspektive-2-150x73.jpg 150w, https:\/\/unser-quartier.de\/hagelkreuz\/files\/2018\/03\/Lieblingscafe-Perspektive-2-768x373.jpg 768w, https:\/\/unser-quartier.de\/hagelkreuz\/files\/2018\/03\/Lieblingscafe-Perspektive-2-1024x497.jpg 1024w, https:\/\/unser-quartier.de\/hagelkreuz\/files\/2018\/03\/Lieblingscafe-Perspektive-2.jpg 1200w\" sizes=\"auto, (max-width: 300px) 100vw, 300px\" \/><\/a>\n\t\t\t<\/div>\n\t\t\t\t<figcaption class='wp-caption-text gallery-caption' id='gallery-1-5740'>\n\t\t\t\tSonntagsdiebe im Lieblingscaf\u00e9\n\t\t\t\t<\/figcaption><\/figure><figure class='gallery-item'>\n\t\t\t<div class='gallery-icon landscape'>\n\t\t\t\t<a href=\"https:\/\/unser-quartier.de\/hagelkreuz\/files\/2018\/03\/Gruppenfoto-Sonntagsdiebe-1.jpg\" data-wpel-link=\"internal\"><img loading=\"lazy\" decoding=\"async\" width=\"300\" height=\"164\" src=\"https:\/\/unser-quartier.de\/hagelkreuz\/files\/2018\/03\/Gruppenfoto-Sonntagsdiebe-1-300x164.jpg\" class=\"attachment-medium size-medium\" alt=\"Gruppenfoto im Lieblingscaf\u00e9\" aria-describedby=\"gallery-1-5737\" srcset=\"https:\/\/unser-quartier.de\/hagelkreuz\/files\/2018\/03\/Gruppenfoto-Sonntagsdiebe-1-300x164.jpg 300w, https:\/\/unser-quartier.de\/hagelkreuz\/files\/2018\/03\/Gruppenfoto-Sonntagsdiebe-1-150x82.jpg 150w, https:\/\/unser-quartier.de\/hagelkreuz\/files\/2018\/03\/Gruppenfoto-Sonntagsdiebe-1-768x419.jpg 768w, https:\/\/unser-quartier.de\/hagelkreuz\/files\/2018\/03\/Gruppenfoto-Sonntagsdiebe-1.jpg 1009w\" sizes=\"auto, (max-width: 300px) 100vw, 300px\" \/><\/a>\n\t\t\t<\/div>\n\t\t\t\t<figcaption class='wp-caption-text gallery-caption' id='gallery-1-5737'>\n\t\t\t\tSonntagsdiebe im Lieblingscaf\u00e9\n\t\t\t\t<\/figcaption><\/figure><figure class='gallery-item'>\n\t\t\t<div class='gallery-icon landscape'>\n\t\t\t\t<a href=\"https:\/\/unser-quartier.de\/hagelkreuz\/files\/2018\/03\/Many-Thron-Au\u00dfenansicht.jpg\" data-wpel-link=\"internal\"><img loading=\"lazy\" decoding=\"async\" width=\"300\" height=\"251\" src=\"https:\/\/unser-quartier.de\/hagelkreuz\/files\/2018\/03\/Many-Thron-Au\u00dfenansicht-300x251.jpg\" class=\"attachment-medium size-medium\" alt=\"Gruppenfoto im Many Thron\" aria-describedby=\"gallery-1-5741\" srcset=\"https:\/\/unser-quartier.de\/hagelkreuz\/files\/2018\/03\/Many-Thron-Au\u00dfenansicht-300x251.jpg 300w, https:\/\/unser-quartier.de\/hagelkreuz\/files\/2018\/03\/Many-Thron-Au\u00dfenansicht-150x125.jpg 150w, https:\/\/unser-quartier.de\/hagelkreuz\/files\/2018\/03\/Many-Thron-Au\u00dfenansicht-768x641.jpg 768w, https:\/\/unser-quartier.de\/hagelkreuz\/files\/2018\/03\/Many-Thron-Au\u00dfenansicht-1024x855.jpg 1024w, https:\/\/unser-quartier.de\/hagelkreuz\/files\/2018\/03\/Many-Thron-Au\u00dfenansicht.jpg 1200w\" sizes=\"auto, (max-width: 300px) 100vw, 300px\" \/><\/a>\n\t\t\t<\/div>\n\t\t\t\t<figcaption class='wp-caption-text gallery-caption' id='gallery-1-5741'>\n\t\t\t\tSonntagsdiebe im Many Thron\n\t\t\t\t<\/figcaption><\/figure><figure class='gallery-item'>\n\t\t\t<div class='gallery-icon landscape'>\n\t\t\t\t<a href=\"https:\/\/unser-quartier.de\/hagelkreuz\/files\/2018\/03\/IMG_0172-2.jpg\" data-wpel-link=\"internal\"><img loading=\"lazy\" decoding=\"async\" width=\"300\" height=\"200\" src=\"https:\/\/unser-quartier.de\/hagelkreuz\/files\/2018\/03\/IMG_0172-2-300x200.jpg\" class=\"attachment-medium size-medium\" alt=\"Portr\u00e4tfoto zweier Besucherinnen\" aria-describedby=\"gallery-1-5739\" srcset=\"https:\/\/unser-quartier.de\/hagelkreuz\/files\/2018\/03\/IMG_0172-2-300x200.jpg 300w, https:\/\/unser-quartier.de\/hagelkreuz\/files\/2018\/03\/IMG_0172-2-150x100.jpg 150w, https:\/\/unser-quartier.de\/hagelkreuz\/files\/2018\/03\/IMG_0172-2-768x512.jpg 768w, https:\/\/unser-quartier.de\/hagelkreuz\/files\/2018\/03\/IMG_0172-2-1024x683.jpg 1024w, https:\/\/unser-quartier.de\/hagelkreuz\/files\/2018\/03\/IMG_0172-2-600x400.jpg 600w, https:\/\/unser-quartier.de\/hagelkreuz\/files\/2018\/03\/IMG_0172-2-272x182.jpg 272w, https:\/\/unser-quartier.de\/hagelkreuz\/files\/2018\/03\/IMG_0172-2.jpg 1200w\" sizes=\"auto, (max-width: 300px) 100vw, 300px\" \/><\/a>\n\t\t\t<\/div>\n\t\t\t\t<figcaption class='wp-caption-text gallery-caption' id='gallery-1-5739'>\n\t\t\t\tMit Spa\u00df im Venga\n\t\t\t\t<\/figcaption><\/figure><figure class='gallery-item'>\n\t\t\t<div class='gallery-icon landscape'>\n\t\t\t\t<a href=\"https:\/\/unser-quartier.de\/hagelkreuz\/files\/2018\/03\/IMG_0172-1.jpg\" data-wpel-link=\"internal\"><img loading=\"lazy\" decoding=\"async\" width=\"300\" height=\"200\" src=\"https:\/\/unser-quartier.de\/hagelkreuz\/files\/2018\/03\/IMG_0172-1-300x200.jpg\" class=\"attachment-medium size-medium\" alt=\"Gruppenfoto Caf\u00e9 am Ring\" aria-describedby=\"gallery-1-5735\" srcset=\"https:\/\/unser-quartier.de\/hagelkreuz\/files\/2018\/03\/IMG_0172-1-300x200.jpg 300w, https:\/\/unser-quartier.de\/hagelkreuz\/files\/2018\/03\/IMG_0172-1-150x100.jpg 150w, https:\/\/unser-quartier.de\/hagelkreuz\/files\/2018\/03\/IMG_0172-1-768x512.jpg 768w, https:\/\/unser-quartier.de\/hagelkreuz\/files\/2018\/03\/IMG_0172-1-1024x683.jpg 1024w, https:\/\/unser-quartier.de\/hagelkreuz\/files\/2018\/03\/IMG_0172-1-600x400.jpg 600w, https:\/\/unser-quartier.de\/hagelkreuz\/files\/2018\/03\/IMG_0172-1-272x182.jpg 272w, https:\/\/unser-quartier.de\/hagelkreuz\/files\/2018\/03\/IMG_0172-1.jpg 1200w\" sizes=\"auto, (max-width: 300px) 100vw, 300px\" \/><\/a>\n\t\t\t<\/div>\n\t\t\t\t<figcaption class='wp-caption-text gallery-caption' id='gallery-1-5735'>\n\t\t\t\tPetra Zahrt begr\u00fc\u00dft die Sonntagsdiebe zum einj\u00e4hrigen Jubil\u00e4um\n\t\t\t\t<\/figcaption><\/figure><figure class='gallery-item'>\n\t\t\t<div class='gallery-icon landscape'>\n\t\t\t\t<a href=\"https:\/\/unser-quartier.de\/hagelkreuz\/files\/2018\/03\/IMG_0171.jpg\" data-wpel-link=\"internal\"><img loading=\"lazy\" decoding=\"async\" width=\"300\" height=\"200\" src=\"https:\/\/unser-quartier.de\/hagelkreuz\/files\/2018\/03\/IMG_0171-300x200.jpg\" class=\"attachment-medium size-medium\" alt=\"Gruppenfoto Caf\u00dfe am Ring\" aria-describedby=\"gallery-1-5734\" srcset=\"https:\/\/unser-quartier.de\/hagelkreuz\/files\/2018\/03\/IMG_0171-300x200.jpg 300w, https:\/\/unser-quartier.de\/hagelkreuz\/files\/2018\/03\/IMG_0171-150x100.jpg 150w, https:\/\/unser-quartier.de\/hagelkreuz\/files\/2018\/03\/IMG_0171-768x512.jpg 768w, https:\/\/unser-quartier.de\/hagelkreuz\/files\/2018\/03\/IMG_0171-1024x683.jpg 1024w, https:\/\/unser-quartier.de\/hagelkreuz\/files\/2018\/03\/IMG_0171-600x400.jpg 600w, https:\/\/unser-quartier.de\/hagelkreuz\/files\/2018\/03\/IMG_0171-272x182.jpg 272w, https:\/\/unser-quartier.de\/hagelkreuz\/files\/2018\/03\/IMG_0171.jpg 1200w\" sizes=\"auto, (max-width: 300px) 100vw, 300px\" \/><\/a>\n\t\t\t<\/div>\n\t\t\t\t<figcaption class='wp-caption-text gallery-caption' id='gallery-1-5734'>\n\t\t\t\tPetra Zahrt freut sich \u00fcber das Jubil\u00e4um\n\t\t\t\t<\/figcaption><\/figure>\n\t\t<\/div>\n\n","protected":false},"excerpt":{"rendered":"<p>Schon seit einem Jahr treffen sich einmal monatlich, an jedem dritten Sonntag zwischen 20 und 30 alleinstehende Senioren in unterschiedlichen Caf\u00e9s in Kempen und freuen sich, der sonnt\u00e4glichen Langeweile entfliehen zu k\u00f6nnen. Wenn die Familien meist Hand in Hand unterwegs sind, f\u00fchlen viele Senioren den Verlust geliebter Menschen an ihrer Seite.<\/p>\n","protected":false},"author":391,"featured_media":5742,"comment_status":"closed","ping_status":"closed","sticky":false,"template":"","format":"standard","meta":{"generate_page_header":"","footnotes":""},"categories":[265,235],"tags":[],"class_list":["post-5730","post","type-post","status-publish","format-standard","has-post-thumbnail","hentry","category-gemuetlichesbeisammensein","category-veranstaltungshinweis"],"_links":{"self":[{"href":"https:\/\/unser-quartier.de\/hagelkreuz\/wp-json\/wp\/v2\/posts\/5730","targetHints":{"allow":["GET"]}}],"collection":[{"href":"https:\/\/unser-quartier.de\/hagelkreuz\/wp-json\/wp\/v2\/posts"}],"about":[{"href":"https:\/\/unser-quartier.de\/hagelkreuz\/wp-json\/wp\/v2\/types\/post"}],"author":[{"embeddable":true,"href":"https:\/\/unser-quartier.de\/hagelkreuz\/wp-json\/wp\/v2\/users\/391"}],"replies":[{"embeddable":true,"href":"https:\/\/unser-quartier.de\/hagelkreuz\/wp-json\/wp\/v2\/comments?post=5730"}],"version-history":[{"count":0,"href":"https:\/\/unser-quartier.de\/hagelkreuz\/wp-json\/wp\/v2\/posts\/5730\/revisions"}],"wp:featuredmedia":[{"embeddable":true,"href":"https:\/\/unser-quartier.de\/hagelkreuz\/wp-json\/wp\/v2\/media\/5742"}],"wp:attachment":[{"href":"https:\/\/unser-quartier.de\/hagelkreuz\/wp-json\/wp\/v2\/media?parent=5730"}],"wp:term":[{"taxonomy":"category","embeddable":true,"href":"https:\/\/unser-quartier.de\/hagelkreuz\/wp-json\/wp\/v2\/categories?post=5730"},{"taxonomy":"post_tag","embeddable":true,"href":"https:\/\/unser-quartier.de\/hagelkreuz\/wp-json\/wp\/v2\/tags?post=5730"}],"curies":[{"name":"wp","href":"https:\/\/api.w.org\/{rel}","templated":true}]}}