{"id":5782,"date":"2018-04-05T08:47:45","date_gmt":"2018-04-05T06:47:45","guid":{"rendered":"https:\/\/unser-quartier.de\/hagelkreuz\/?p=5782"},"modified":"2020-07-14T13:32:42","modified_gmt":"2020-07-14T13:32:42","slug":"ein-dank-von-stifte-machen-maedchen-stark","status":"publish","type":"post","link":"https:\/\/unser-quartier.de\/hagelkreuz\/2018\/04\/ein-dank-von-stifte-machen-maedchen-stark\/","title":{"rendered":"Ein Dank von \u201e Stifte machen M\u00e4dchen stark\u201c"},"content":{"rendered":"<figure id=\"attachment_5778\" aria-describedby=\"caption-attachment-5778\" style=\"width: 290px\" class=\"wp-caption alignleft\"><a href=\"https:\/\/unser-quartier.de\/hagelkreuz\/gestapelte-kartons-mit-gesammelten-stiften\/\" data-wpel-link=\"internal\"><img loading=\"lazy\" decoding=\"async\" class=\"size-medium wp-image-5778\" src=\"https:\/\/unser-quartier.de\/hagelkreuz\/files\/2018\/04\/Gestapelte-Kartons-mit-gesammelten-Stiften-300x225.jpg\" alt=\"Foto von gestapelten Kartons mit gesammelten Stiften\" width=\"300\" height=\"225\" srcset=\"https:\/\/unser-quartier.de\/hagelkreuz\/files\/2018\/04\/Gestapelte-Kartons-mit-gesammelten-Stiften-300x225.jpg 300w, https:\/\/unser-quartier.de\/hagelkreuz\/files\/2018\/04\/Gestapelte-Kartons-mit-gesammelten-Stiften-150x113.jpg 150w, https:\/\/unser-quartier.de\/hagelkreuz\/files\/2018\/04\/Gestapelte-Kartons-mit-gesammelten-Stiften-768x576.jpg 768w, https:\/\/unser-quartier.de\/hagelkreuz\/files\/2018\/04\/Gestapelte-Kartons-mit-gesammelten-Stiften-1024x768.jpg 1024w, https:\/\/unser-quartier.de\/hagelkreuz\/files\/2018\/04\/Gestapelte-Kartons-mit-gesammelten-Stiften.jpg 1200w\" sizes=\"auto, (max-width: 300px) 100vw, 300px\" \/><\/a><figcaption id=\"caption-attachment-5778\" class=\"wp-caption-text\">Gestapelte Kartons mit gesammelten Stiften<\/figcaption><\/figure>\n<p>Dankesbrief vom 27.03.2018 von Wilma Ingendae:<\/p>\n<p>Eine starke Aktion f\u00fcr M\u00e4dchen, die in einem Fl\u00fcchtlingscamp nahe Beirut leben, wurde von vielen ehrenamtlichen Helferinnen durch das Projekt \u201eStifte machen M\u00e4dchen stark\u201c des Weltgebetstages (WGT) unterst\u00fctzt. <br \/>\nIm Oktober 2017 hat es mit Schuhkartons als Sammelboxen begonnen, die mit dem Aktionsfoto beklebt, an der Evangelischen Kirche, den drei Katholischen Kirchen Kempens, an Kinderg\u00e4rten, Schulen, Vereine, Firmen, Kempener Gesch\u00e4ftsleuten, im Rathaus und im Quartiersb\u00fcro Hagelkreuz ausgegeben wurden. Die Presse war uns wohlgesonnen. Der Stadtspiegel hat die Aktion mit innovativen Artikeln und augenf\u00e4lligen Fotos gef\u00f6rdert.\u00a0\u00a0\u00a0<!--more--><\/p>\n<h3>Ausgediente Stifte wurden eingesammelt<\/h3>\n<p>Durch das Recycling von Stiften unterst\u00fctzt der WGT ein Team aus Lehrerinnen und Psychologinnen, die 200 syrischen M\u00e4dchen in einem Fl\u00fcchtlingscamp im Libanon Schulunterricht erm\u00f6glichen. Sie erhalten Schulmaterial, lernen lesen und schreiben und bekommen psycho-soziale Unterst\u00fctzung, damit ihr Leben Zukunft hat. F\u00fcr 450 Stifte k\u00f6nnen wir zum Beispiel ein M\u00e4dchen mit Schulmaterial ausstatten. Weltweit sind von Finnland, Schweiz bis Polen, ca. 1000 Sammelstellen registriert. In Kempen und Umgebung traf die Nachfrage auf erfreulich gro\u00dfe Zustimmung.<\/p>\n<h3>Die Stifte werden in Stuttgart recycelt\u00a0<\/h3>\n<p>Nachhaltig werden aus den eingeschmolzenen Materialen neue Produkte wie Gie\u00dfkannen oder Stifte entstehen. Und die Weltgebetstags-Organisation erh\u00e4lt finanzielle Mittel, sozusagen aus Stiften gezaubert.<\/p>\n<p>174,2 kg Sammelgut, das nicht mehr in Schubladen schlummert, sondern Gutes bewirkt, konnten versandt werden. Das sind \u00fcbrigens 174 200 Stifte. Eine wirklich starke Aktion. \u00a0<\/p>\n<p>Im Namen der syrischen M\u00e4dchen danken wir vom \u00f6kumenischen Weltgebetstagkreis Kempen allen, die sich mit Tatkraft an der Aktion beteiligt haben. Ohne Ihre Mitwirkung w\u00e4re das Ganze nicht zustande gekommen. Danke!\u00a0 \u00a0 \u00a0 \u00a0 \u00a0 \u00a0 \u00a0 \u00a0 \u00a0 \u00a0 \u00a0 \u00a0 \u00a0 \u00a0 \u00a0 \u00a0 \u00a0 \u00a0 \u00a0 \u00a0 \u00a0 \u00a0 \u00a0 \u00a0 \u00a0 \u00a0 \u00a0 \u00a0 \u00a0 \u00a0 \u00a0 \u00a0 \u00a0 \u00a0 \u00a0\u00a0<\/p>\n<p>Mit lieben Gr\u00fc\u00dfen<\/p>\n<p>Wilma Ingendae<br \/>\n(Weltgebetstagkreis Kempen)<\/p>\n<p>P.S. Wir sammeln noch in der Region Kempen \u2013 Viersen weiter. Stifte k\u00f6nnen bei der Sammelstelle Kempen, Nansenstr. 29 in den Briefkasten gelegt oder abgegeben werden. (Tel.: 02152-53052)<\/p>\n<h3>Hintergrundinformationen zum Weltgebetstag<\/h3>\n<p>Der Weltgebetstag ist die gr\u00f6\u00dfte \u00f6kumenische Basisbewegung von Frauen. Zu diesem Tag am Freitag, 2. M\u00e4rz 2018 hatte der \u00f6kumenische Vorbereitungskreis des Weltgebetstages in Kempen alle Interessierten eingeladen. Zun\u00e4chst gab es um 14:30 Uhr eine Informationsveranstaltung \u00fcber das Weltgebetstagsland Surinam, das kleinste Land S\u00fcdamerikas. Die Einf\u00fchrungsveranstaltung gab an Hand von eindr\u00fccklichen Bildern und Informationen Einblick in die aktuelle Situation Surinams, seine Geschichte und Vielfalt. Und das Sahneh\u00e4ubchen, die Darstellerin von Maria Sibilla Merian berichtete aus ihrer Lebensbiographie und lie\u00df die Mode der damaligen Zeit hautnah erfahren.<\/p>\n<h3>Kollekte im Wortgottesdienst<\/h3>\n<p>Nach der Informationsveranstaltung fand um 17:00 Uhr ein \u00f6kumenischer Wortgottesdienst statt. Die Kollekte nimmt sich neuer Projekte f\u00fcr Frauen besonders in Surinam an. In diesem Jahr konnten 467,50 \u20ac an den Weltgebetstag \u00fcberweisen werden. In mehr als 170 L\u00e4ndern der Welt wird am ersten Freitag im M\u00e4rz ebenfalls der gleiche Gottesdienst gefeiert.<\/p>\n<h3>Unterst\u00fctzung des Weltgebetstages der Frauen<\/h3>\n<p>In Deutschland unterst\u00fctzen mehrere hunderttausend Menschen mit ihren Kollekten, Spenden sowie ihrem ehrenamtlichem Engagement den Weltgebetstag der Frauen \u2013 Deutsches Komitee e.V. (Weltgebetstag Deutschland). Viele davon sind der Bewegung des Weltgebetstags seit Jahrzehnten eng verbunden.\u00a0ad<\/p>\n","protected":false},"excerpt":{"rendered":"<p>Dankesbrief vom 27.03.2018 von Wilma Ingendae: Eine starke Aktion f\u00fcr M\u00e4dchen, die in einem Fl\u00fcchtlingscamp nahe Beirut leben, wurde von vielen ehrenamtlichen Helferinnen durch das Projekt \u201eStifte machen M\u00e4dchen stark\u201c des Weltgebetstages (WGT) unterst\u00fctzt. Im Oktober 2017 hat es mit Schuhkartons als Sammelboxen begonnen, die mit dem Aktionsfoto beklebt, an der Evangelischen Kirche, den drei&hellip; <a class=\"continue\" href=\"https:\/\/unser-quartier.de\/hagelkreuz\/2018\/04\/ein-dank-von-stifte-machen-maedchen-stark\/\" data-wpel-link=\"internal\"> \u00bb weiterlesen: <span> Ein Dank von \u201e Stifte machen M\u00e4dchen stark\u201c<\/span><\/a><\/p>\n","protected":false},"author":407,"featured_media":5781,"comment_status":"closed","ping_status":"closed","sticky":false,"template":"","format":"standard","meta":{"generate_page_header":"","footnotes":""},"categories":[279,277,276],"tags":[],"class_list":["post-5782","post","type-post","status-publish","format-standard","has-post-thumbnail","hentry","category-kinder","category-kultur","category-unterstuetzung-2"],"_links":{"self":[{"href":"https:\/\/unser-quartier.de\/hagelkreuz\/wp-json\/wp\/v2\/posts\/5782","targetHints":{"allow":["GET"]}}],"collection":[{"href":"https:\/\/unser-quartier.de\/hagelkreuz\/wp-json\/wp\/v2\/posts"}],"about":[{"href":"https:\/\/unser-quartier.de\/hagelkreuz\/wp-json\/wp\/v2\/types\/post"}],"author":[{"embeddable":true,"href":"https:\/\/unser-quartier.de\/hagelkreuz\/wp-json\/wp\/v2\/users\/407"}],"replies":[{"embeddable":true,"href":"https:\/\/unser-quartier.de\/hagelkreuz\/wp-json\/wp\/v2\/comments?post=5782"}],"version-history":[{"count":0,"href":"https:\/\/unser-quartier.de\/hagelkreuz\/wp-json\/wp\/v2\/posts\/5782\/revisions"}],"wp:featuredmedia":[{"embeddable":true,"href":"https:\/\/unser-quartier.de\/hagelkreuz\/wp-json\/wp\/v2\/media\/5781"}],"wp:attachment":[{"href":"https:\/\/unser-quartier.de\/hagelkreuz\/wp-json\/wp\/v2\/media?parent=5782"}],"wp:term":[{"taxonomy":"category","embeddable":true,"href":"https:\/\/unser-quartier.de\/hagelkreuz\/wp-json\/wp\/v2\/categories?post=5782"},{"taxonomy":"post_tag","embeddable":true,"href":"https:\/\/unser-quartier.de\/hagelkreuz\/wp-json\/wp\/v2\/tags?post=5782"}],"curies":[{"name":"wp","href":"https:\/\/api.w.org\/{rel}","templated":true}]}}