{"id":5864,"date":"2018-04-24T15:23:42","date_gmt":"2018-04-24T13:23:42","guid":{"rendered":"https:\/\/unser-quartier.de\/hagelkreuz\/?p=5864"},"modified":"2020-07-14T13:31:17","modified_gmt":"2020-07-14T13:31:17","slug":"von-fahrradfahrern-und-fussgaengern-am-conci","status":"publish","type":"post","link":"https:\/\/unser-quartier.de\/hagelkreuz\/2018\/04\/von-fahrradfahrern-und-fussgaengern-am-conci\/","title":{"rendered":"Von Fahrradfahrern und Fu\u00dfg\u00e4ngern am Conci"},"content":{"rendered":"<figure id=\"attachment_5858\" aria-describedby=\"caption-attachment-5858\" style=\"width: 290px\" class=\"wp-caption alignleft\"><a href=\"https:\/\/unser-quartier.de\/hagelkreuz\/files\/2018\/04\/IMG_0164.jpg\" data-wpel-link=\"internal\"><img loading=\"lazy\" decoding=\"async\" class=\"size-medium wp-image-5858\" src=\"https:\/\/unser-quartier.de\/hagelkreuz\/files\/2018\/04\/IMG_0164-300x200.jpg\" alt=\"Foto Schild wird in den Pflasterstein eingebaut\" width=\"300\" height=\"200\" srcset=\"https:\/\/unser-quartier.de\/hagelkreuz\/files\/2018\/04\/IMG_0164-300x200.jpg 300w, https:\/\/unser-quartier.de\/hagelkreuz\/files\/2018\/04\/IMG_0164-150x100.jpg 150w, https:\/\/unser-quartier.de\/hagelkreuz\/files\/2018\/04\/IMG_0164-768x512.jpg 768w, https:\/\/unser-quartier.de\/hagelkreuz\/files\/2018\/04\/IMG_0164-1024x683.jpg 1024w, https:\/\/unser-quartier.de\/hagelkreuz\/files\/2018\/04\/IMG_0164-600x400.jpg 600w, https:\/\/unser-quartier.de\/hagelkreuz\/files\/2018\/04\/IMG_0164-272x182.jpg 272w, https:\/\/unser-quartier.de\/hagelkreuz\/files\/2018\/04\/IMG_0164.jpg 1200w\" sizes=\"auto, (max-width: 300px) 100vw, 300px\" \/><\/a><figcaption id=\"caption-attachment-5858\" class=\"wp-caption-text\">Das Schild ist nun eingebaut&#8230;<\/figcaption><\/figure>\n<p>Am Concoridienplatz sind zwei neue Schilder aufgestellt worden, die, genau wie in der Innenstadt, darum bitten, dass Fahrradfahrer und Fu\u00dfg\u00e4nger gegenseitig aufeinander R\u00fccksicht nehmen. <!--more-->Gerade auf der Strecke an der Ladenzeile entlang ist es besonders im Sommer, wenn die Au\u00dfengastronomie stark frequentiert wird und dazu einl\u00e4dt, ein Eis, Pizza, einen D\u00f6ner oder auch Spie\u00dfbraten zu genie\u00dfen, zu Zusammenst\u00f6\u00dfen gekommen. Zum Gl\u00fcck wurde noch niemand ernsthaft verletzt.<\/p>\n<h3>Mit einer Pause R\u00fccksicht nehmen<\/h3>\n<p>Kleine Kinder, Kellner oder G\u00e4ste passieren den schmalen Streifen zwischen den einladenden Tischen und den Lokalen nicht immer mit der gebotenen Achtung, so dass die Fahrradfahrer gebeten werden, besonders dort ganz langsam zu fahren oder am besten sogar, das kurze St\u00fcck an der Ladenzeile entlang zu laufen. Vielleicht entsteht dabei sogar der Gedanke, eine kleine Pause einzulegen und bei einem Espresso oder einem Eis die freundliche Atmosph\u00e4re auf dem Concordienplatz zu genie\u00dfen.<\/p>\n<p>Die neu aufgestellten Schilder sollen die Fahrradfahrer aber auch die Fu\u00dfg\u00e4nger daran erinnern, sich verantwortungsvoll und mit dem gebotenen Respekt aller anderen &#8222;Verkehrsteilnehmer*innen&#8220; gegen\u00fcber, auf dem Concordienplatz zu bewegen. ib<\/p>\n<h3>Fotogallerie &#8222;Gegenseitige R\u00fccksichtnahme&#8220;<\/h3>\n<div id='gallery-1' class='gallery galleryid-5864 gallery-columns-3 gallery-size-thumbnail'><figure class='gallery-item'>\n\t\t\t<div class='gallery-icon landscape'>\n\t\t\t\t<a href=\"https:\/\/unser-quartier.de\/hagelkreuz\/img_0167-3\/\" data-wpel-link=\"internal\"><img loading=\"lazy\" decoding=\"async\" width=\"150\" height=\"100\" src=\"https:\/\/unser-quartier.de\/hagelkreuz\/files\/2018\/04\/IMG_0167-150x100.jpg\" class=\"attachment-thumbnail size-thumbnail\" alt=\"Foto Schild am Hagelkreuzweg\" aria-describedby=\"gallery-1-5862\" srcset=\"https:\/\/unser-quartier.de\/hagelkreuz\/files\/2018\/04\/IMG_0167-150x100.jpg 150w, https:\/\/unser-quartier.de\/hagelkreuz\/files\/2018\/04\/IMG_0167-300x200.jpg 300w, https:\/\/unser-quartier.de\/hagelkreuz\/files\/2018\/04\/IMG_0167-768x512.jpg 768w, https:\/\/unser-quartier.de\/hagelkreuz\/files\/2018\/04\/IMG_0167-1024x683.jpg 1024w, https:\/\/unser-quartier.de\/hagelkreuz\/files\/2018\/04\/IMG_0167-600x400.jpg 600w, https:\/\/unser-quartier.de\/hagelkreuz\/files\/2018\/04\/IMG_0167-272x182.jpg 272w, https:\/\/unser-quartier.de\/hagelkreuz\/files\/2018\/04\/IMG_0167.jpg 1200w\" sizes=\"auto, (max-width: 150px) 100vw, 150px\" \/><\/a>\n\t\t\t<\/div>\n\t\t\t\t<figcaption class='wp-caption-text gallery-caption' id='gallery-1-5862'>\n\t\t\t\tAuch zum Hagelkreuzweg steht ein Schild\n\t\t\t\t<\/figcaption><\/figure><figure class='gallery-item'>\n\t\t\t<div class='gallery-icon portrait'>\n\t\t\t\t<a href=\"https:\/\/unser-quartier.de\/hagelkreuz\/img_0166-3\/\" data-wpel-link=\"internal\"><img loading=\"lazy\" decoding=\"async\" width=\"150\" height=\"225\" src=\"https:\/\/unser-quartier.de\/hagelkreuz\/files\/2018\/04\/IMG_0166-150x225.jpg\" class=\"attachment-thumbnail size-thumbnail\" alt=\"Foto Schild wird am Conci aufgestellt\" aria-describedby=\"gallery-1-5863\" srcset=\"https:\/\/unser-quartier.de\/hagelkreuz\/files\/2018\/04\/IMG_0166-150x225.jpg 150w, https:\/\/unser-quartier.de\/hagelkreuz\/files\/2018\/04\/IMG_0166-300x450.jpg 300w, https:\/\/unser-quartier.de\/hagelkreuz\/files\/2018\/04\/IMG_0166-768x1152.jpg 768w, https:\/\/unser-quartier.de\/hagelkreuz\/files\/2018\/04\/IMG_0166-683x1024.jpg 683w, https:\/\/unser-quartier.de\/hagelkreuz\/files\/2018\/04\/IMG_0166.jpg 800w\" sizes=\"auto, (max-width: 150px) 100vw, 150px\" \/><\/a>\n\t\t\t<\/div>\n\t\t\t\t<figcaption class='wp-caption-text gallery-caption' id='gallery-1-5863'>\n\t\t\t\tDer Einbau in das Pflaster am Conci ist fast fertig\n\t\t\t\t<\/figcaption><\/figure><figure class='gallery-item'>\n\t\t\t<div class='gallery-icon landscape'>\n\t\t\t\t<a href=\"https:\/\/unser-quartier.de\/hagelkreuz\/2018\/04\/von-fahrradfahrern-und-fussgaengern-am-conci\/img_0298\/#main\" data-wpel-link=\"internal\"><img loading=\"lazy\" decoding=\"async\" width=\"150\" height=\"100\" src=\"https:\/\/unser-quartier.de\/hagelkreuz\/files\/2018\/04\/IMG_0298-150x100.jpg\" class=\"attachment-thumbnail size-thumbnail\" alt=\"Foto Schild am Conci\" aria-describedby=\"gallery-1-5860\" srcset=\"https:\/\/unser-quartier.de\/hagelkreuz\/files\/2018\/04\/IMG_0298-150x100.jpg 150w, https:\/\/unser-quartier.de\/hagelkreuz\/files\/2018\/04\/IMG_0298-300x200.jpg 300w, https:\/\/unser-quartier.de\/hagelkreuz\/files\/2018\/04\/IMG_0298-768x512.jpg 768w, https:\/\/unser-quartier.de\/hagelkreuz\/files\/2018\/04\/IMG_0298-1024x683.jpg 1024w, https:\/\/unser-quartier.de\/hagelkreuz\/files\/2018\/04\/IMG_0298-600x400.jpg 600w, https:\/\/unser-quartier.de\/hagelkreuz\/files\/2018\/04\/IMG_0298-272x182.jpg 272w, https:\/\/unser-quartier.de\/hagelkreuz\/files\/2018\/04\/IMG_0298.jpg 1200w\" sizes=\"auto, (max-width: 150px) 100vw, 150px\" \/><\/a>\n\t\t\t<\/div>\n\t\t\t\t<figcaption class='wp-caption-text gallery-caption' id='gallery-1-5860'>\n\t\t\t\tGegenseitige R\u00fccksichtnahme am Conci\n\t\t\t\t<\/figcaption><\/figure>\n\t\t<\/div>\n\n<p>&nbsp;<\/p>\n","protected":false},"excerpt":{"rendered":"<p>Am Concoridienplatz sind zwei neue Schilder aufgestellt worden, die, genau wie in der Innenstadt, darum bitten, dass Fahrradfahrer und Fu\u00dfg\u00e4nger gegenseitig aufeinander R\u00fccksicht nehmen.<\/p>\n","protected":false},"author":391,"featured_media":5860,"comment_status":"closed","ping_status":"closed","sticky":false,"template":"","format":"standard","meta":{"generate_page_header":"","footnotes":""},"categories":[260,274,38],"tags":[],"class_list":["post-5864","post","type-post","status-publish","format-standard","has-post-thumbnail","hentry","category-fahrradfahren","category-quartier","category-wohnen"],"_links":{"self":[{"href":"https:\/\/unser-quartier.de\/hagelkreuz\/wp-json\/wp\/v2\/posts\/5864","targetHints":{"allow":["GET"]}}],"collection":[{"href":"https:\/\/unser-quartier.de\/hagelkreuz\/wp-json\/wp\/v2\/posts"}],"about":[{"href":"https:\/\/unser-quartier.de\/hagelkreuz\/wp-json\/wp\/v2\/types\/post"}],"author":[{"embeddable":true,"href":"https:\/\/unser-quartier.de\/hagelkreuz\/wp-json\/wp\/v2\/users\/391"}],"replies":[{"embeddable":true,"href":"https:\/\/unser-quartier.de\/hagelkreuz\/wp-json\/wp\/v2\/comments?post=5864"}],"version-history":[{"count":0,"href":"https:\/\/unser-quartier.de\/hagelkreuz\/wp-json\/wp\/v2\/posts\/5864\/revisions"}],"wp:featuredmedia":[{"embeddable":true,"href":"https:\/\/unser-quartier.de\/hagelkreuz\/wp-json\/wp\/v2\/media\/5860"}],"wp:attachment":[{"href":"https:\/\/unser-quartier.de\/hagelkreuz\/wp-json\/wp\/v2\/media?parent=5864"}],"wp:term":[{"taxonomy":"category","embeddable":true,"href":"https:\/\/unser-quartier.de\/hagelkreuz\/wp-json\/wp\/v2\/categories?post=5864"},{"taxonomy":"post_tag","embeddable":true,"href":"https:\/\/unser-quartier.de\/hagelkreuz\/wp-json\/wp\/v2\/tags?post=5864"}],"curies":[{"name":"wp","href":"https:\/\/api.w.org\/{rel}","templated":true}]}}