{"id":5921,"date":"2018-05-22T11:56:21","date_gmt":"2018-05-22T09:56:21","guid":{"rendered":"https:\/\/unser-quartier.de\/hagelkreuz\/?p=5921"},"modified":"2020-07-14T13:27:54","modified_gmt":"2020-07-14T13:27:54","slug":"lesung-und-schmoekerbude-im-hagelkreuz","status":"publish","type":"post","link":"https:\/\/unser-quartier.de\/hagelkreuz\/2018\/05\/lesung-und-schmoekerbude-im-hagelkreuz\/","title":{"rendered":"Lesung und Schm\u00f6kerbude im Hagelkreuz"},"content":{"rendered":"<figure id=\"attachment_5944\" aria-describedby=\"caption-attachment-5944\" style=\"width: 290px\" class=\"wp-caption alignleft\"><a href=\"https:\/\/unser-quartier.de\/hagelkreuz\/files\/2018\/05\/IMG_20180523_0002.jpg\" data-wpel-link=\"internal\"><img loading=\"lazy\" decoding=\"async\" class=\"size-medium wp-image-5944\" src=\"https:\/\/unser-quartier.de\/hagelkreuz\/files\/2018\/05\/IMG_20180523_0002-300x428.jpg\" alt=\"Foto Buchtitel\" width=\"300\" height=\"428\" srcset=\"https:\/\/unser-quartier.de\/hagelkreuz\/files\/2018\/05\/IMG_20180523_0002-300x428.jpg 300w, https:\/\/unser-quartier.de\/hagelkreuz\/files\/2018\/05\/IMG_20180523_0002-150x214.jpg 150w, https:\/\/unser-quartier.de\/hagelkreuz\/files\/2018\/05\/IMG_20180523_0002-768x1095.jpg 768w, https:\/\/unser-quartier.de\/hagelkreuz\/files\/2018\/05\/IMG_20180523_0002-719x1024.jpg 719w, https:\/\/unser-quartier.de\/hagelkreuz\/files\/2018\/05\/IMG_20180523_0002.jpg 842w\" sizes=\"auto, (max-width: 300px) 100vw, 300px\" \/><\/a><figcaption id=\"caption-attachment-5944\" class=\"wp-caption-text\">Geschichten aus Kindheit und Jugend<\/figcaption><\/figure>\n<h3>Geschichten aus Kindheit und Jugend<\/h3>\n<p>Die Kempener Autorin Gerdi Borgartz liest am 29. Mai 2018, um 17.30 Uhr, im Quartiersb\u00fcro Hagelkreuz, Concordienplatz 7 aus ihrem Buch &#8222;Ich war stets ein ernstes Kind&#8220;. Als Kind der Nachkriegsgeneration beschreibt sie ihre Erlebnisse, eine Zeitreise von der Geburt (Jahrgang 1945) bis ins junge Erwachsenenalter. <!--more-->Wie hat die Schulzeit ihr Leben gepr\u00e4gt, aber auch wie die Festtage gefeiert wurden und was man als Hausmittel bei Erkrankungen einnehmen durfte&#8230;<\/p>\n<p>Ihre ersten Lebensjahre verbrachte sie in Vorst und verlegte ihren Lebensmittelpunkt 1963 nach Kempen. In einer Notariatskanzlei wurde sie zur Notariatsgehilfin ausgebildet, arbeitete danach in der Sparkasse, f\u00fcr die Stadt Kempen und im Heilig-Geist-Hospital. Im Austausch mit Gerdi Borgartz k\u00f6nnen im Anschluss gerne auch Geschichten und Erlebnisse der BesucherInnen aus der eigenen Kindheit und Jugend erz\u00e4hlt werden.<\/p>\n<h3>B\u00fccher f\u00fcr &#8222;Schm\u00f6kerbude&#8220; gesucht<\/h3>\n<p>B\u00fccher werden im Hagelkreuz bald einen noch gr\u00f6\u00dferen Raum einnehmen, obwohl die geplante &#8222;Schm\u00f6kerbude&#8220; eher klein ist, genauer gesagt, exakt so gro\u00df wie eine Telefonzelle. Ende Juni soll sie am Concordienplatz aufgestellt werden und dazu animieren, gut erhaltene B\u00fccher auszutauschen.<\/p>\n<figure id=\"attachment_5928\" aria-describedby=\"caption-attachment-5928\" style=\"width: 290px\" class=\"wp-caption alignleft\"><a href=\"https:\/\/unser-quartier.de\/hagelkreuz\/files\/2018\/05\/IMG_0185.jpg\" data-wpel-link=\"internal\"><img loading=\"lazy\" decoding=\"async\" class=\"size-medium wp-image-5928\" src=\"https:\/\/unser-quartier.de\/hagelkreuz\/files\/2018\/05\/IMG_0185-300x450.jpg\" alt=\"Foto Telefonzelle\" width=\"300\" height=\"450\" srcset=\"https:\/\/unser-quartier.de\/hagelkreuz\/files\/2018\/05\/IMG_0185-300x450.jpg 300w, https:\/\/unser-quartier.de\/hagelkreuz\/files\/2018\/05\/IMG_0185-150x225.jpg 150w, https:\/\/unser-quartier.de\/hagelkreuz\/files\/2018\/05\/IMG_0185-768x1152.jpg 768w, https:\/\/unser-quartier.de\/hagelkreuz\/files\/2018\/05\/IMG_0185-683x1024.jpg 683w, https:\/\/unser-quartier.de\/hagelkreuz\/files\/2018\/05\/IMG_0185.jpg 800w\" sizes=\"auto, (max-width: 300px) 100vw, 300px\" \/><\/a><figcaption id=\"caption-attachment-5928\" class=\"wp-caption-text\">Aus Telefonzelle wird Schm\u00f6kerbude<\/figcaption><\/figure>\n<p>Damit die \u00f6ffentliche Bibliothek gut gef\u00fcllt ist, k\u00f6nnen am 26.5.2018 und dann jeden zweiten und vierten Samstag, jeweils um 10 &#8211; 12 Uhr, im Quartiersb\u00fcro am Concordienplatz 7 gut erhaltene B\u00fccher in den Genres Krimi, (historische) Romane, Science Fiktion, Fantasy und Kinderb\u00fccher abgegeben werden. Andere B\u00fccher k\u00f6nnen aufgrund der geringen r\u00e4umlichen Kapazit\u00e4ten leider nicht angenommen werden. Weitere Informationen erhalten Sie bei Ingo Behr unter Telefon 02152 4201 oder unter www.hagelkreuz-kempen.de. ib<\/p>\n","protected":false},"excerpt":{"rendered":"<p>Geschichten aus Kindheit und Jugend Die Kempener Autorin Gerdi Borgartz liest am 29. Mai 2018, um 17.30 Uhr, im Quartiersb\u00fcro Hagelkreuz, Concordienplatz 7 aus ihrem Buch &#8222;Ich war stets ein ernstes Kind&#8220;. Als Kind der Nachkriegsgeneration beschreibt sie ihre Erlebnisse, eine Zeitreise von der Geburt (Jahrgang 1945) bis ins junge Erwachsenenalter.<\/p>\n","protected":false},"author":391,"featured_media":5924,"comment_status":"closed","ping_status":"closed","sticky":false,"template":"","format":"standard","meta":{"generate_page_header":"","footnotes":""},"categories":[277,280,274],"tags":[],"class_list":["post-5921","post","type-post","status-publish","format-standard","has-post-thumbnail","hentry","category-kultur","category-lesen","category-quartier"],"_links":{"self":[{"href":"https:\/\/unser-quartier.de\/hagelkreuz\/wp-json\/wp\/v2\/posts\/5921","targetHints":{"allow":["GET"]}}],"collection":[{"href":"https:\/\/unser-quartier.de\/hagelkreuz\/wp-json\/wp\/v2\/posts"}],"about":[{"href":"https:\/\/unser-quartier.de\/hagelkreuz\/wp-json\/wp\/v2\/types\/post"}],"author":[{"embeddable":true,"href":"https:\/\/unser-quartier.de\/hagelkreuz\/wp-json\/wp\/v2\/users\/391"}],"replies":[{"embeddable":true,"href":"https:\/\/unser-quartier.de\/hagelkreuz\/wp-json\/wp\/v2\/comments?post=5921"}],"version-history":[{"count":0,"href":"https:\/\/unser-quartier.de\/hagelkreuz\/wp-json\/wp\/v2\/posts\/5921\/revisions"}],"wp:featuredmedia":[{"embeddable":true,"href":"https:\/\/unser-quartier.de\/hagelkreuz\/wp-json\/wp\/v2\/media\/5924"}],"wp:attachment":[{"href":"https:\/\/unser-quartier.de\/hagelkreuz\/wp-json\/wp\/v2\/media?parent=5921"}],"wp:term":[{"taxonomy":"category","embeddable":true,"href":"https:\/\/unser-quartier.de\/hagelkreuz\/wp-json\/wp\/v2\/categories?post=5921"},{"taxonomy":"post_tag","embeddable":true,"href":"https:\/\/unser-quartier.de\/hagelkreuz\/wp-json\/wp\/v2\/tags?post=5921"}],"curies":[{"name":"wp","href":"https:\/\/api.w.org\/{rel}","templated":true}]}}