{"id":6520,"date":"2018-11-15T17:11:43","date_gmt":"2018-11-15T16:11:43","guid":{"rendered":"https:\/\/unser-quartier.de\/hagelkreuz\/?p=6520"},"modified":"2020-07-14T13:05:04","modified_gmt":"2020-07-14T13:05:04","slug":"die-schoensten-laternen-praemiert","status":"publish","type":"post","link":"https:\/\/unser-quartier.de\/hagelkreuz\/2018\/11\/die-schoensten-laternen-praemiert\/","title":{"rendered":"Die sch\u00f6nsten Laternen pr\u00e4miert"},"content":{"rendered":"<figure id=\"attachment_6522\" aria-describedby=\"caption-attachment-6522\" style=\"width: 290px\" class=\"wp-caption alignleft\"><a href=\"https:\/\/unser-quartier.de\/hagelkreuz\/files\/2018\/11\/20181102_104629.jpg\" data-wpel-link=\"internal\"><img loading=\"lazy\" decoding=\"async\" class=\"size-medium wp-image-6522\" src=\"https:\/\/unser-quartier.de\/hagelkreuz\/files\/2018\/11\/20181102_104629-300x400.jpg\" alt=\"Foto Laterne Pferd\" width=\"300\" height=\"400\" srcset=\"https:\/\/unser-quartier.de\/hagelkreuz\/files\/2018\/11\/20181102_104629-300x400.jpg 300w, https:\/\/unser-quartier.de\/hagelkreuz\/files\/2018\/11\/20181102_104629-150x200.jpg 150w, https:\/\/unser-quartier.de\/hagelkreuz\/files\/2018\/11\/20181102_104629-768x1024.jpg 768w, https:\/\/unser-quartier.de\/hagelkreuz\/files\/2018\/11\/20181102_104629.jpg 900w\" sizes=\"auto, (max-width: 300px) 100vw, 300px\" \/><\/a><figcaption id=\"caption-attachment-6522\" class=\"wp-caption-text\">Die Pferdelaterne der Kita Regenbogen landete auf Platz zwei<\/figcaption><\/figure>\n<p>Die Fackelausstellung in der Sparkassenfiliale Hagelkreuz ist vorbei, die sch\u00f6nsten Fackeln mit einer Abstimmung ausgew\u00e4hlt. Welcher Kindergarten das sch\u00f6ne Eisb\u00e4r-Kuscheltier bekommt ist nun gekl\u00e4rt. <!--more-->Die Kinder aus dem Kindergarten Pusteblume sind die gl\u00fccklichen Gewinner. Das Einhorn entstand im Kindergarten Pusteblume und brachte die meisten Stimmen. Sie erhalten neben dem Kuscheltier auch noch einen kleinen Geldpreis. Annette Feykes, Leiterin der Sparkassenfiliale, findet: &#8222;In den Einrichtungen wei\u00df man selbst am Besten, was gerade gebraucht wird und so kann das Preisgeld gezielt eingesetzt werden.&#8220; Die Pl\u00e4tze zwei bis f\u00fcnf erhalten ebenfalls einen kleinen Geldbetrag zur Verwendung in der Einrichtung. ib<\/p>\n<div id='gallery-1' class='gallery galleryid-6520 gallery-columns-3 gallery-size-thumbnail'><figure class='gallery-item'>\n\t\t\t<div class='gallery-icon landscape'>\n\t\t\t\t<a href=\"https:\/\/unser-quartier.de\/hagelkreuz\/2018\/11\/die-schoensten-laternen-praemiert\/20181102_104440\/#main\" data-wpel-link=\"internal\"><img loading=\"lazy\" decoding=\"async\" width=\"150\" height=\"113\" src=\"https:\/\/unser-quartier.de\/hagelkreuz\/files\/2018\/11\/20181102_104440-150x113.jpg\" class=\"attachment-thumbnail size-thumbnail\" alt=\"Foto Laterne Fisch\" aria-describedby=\"gallery-1-6525\" srcset=\"https:\/\/unser-quartier.de\/hagelkreuz\/files\/2018\/11\/20181102_104440-150x113.jpg 150w, https:\/\/unser-quartier.de\/hagelkreuz\/files\/2018\/11\/20181102_104440-300x225.jpg 300w, https:\/\/unser-quartier.de\/hagelkreuz\/files\/2018\/11\/20181102_104440-768x576.jpg 768w, https:\/\/unser-quartier.de\/hagelkreuz\/files\/2018\/11\/20181102_104440-1024x768.jpg 1024w, https:\/\/unser-quartier.de\/hagelkreuz\/files\/2018\/11\/20181102_104440.jpg 1200w\" sizes=\"auto, (max-width: 150px) 100vw, 150px\" \/><\/a>\n\t\t\t<\/div>\n\t\t\t\t<figcaption class='wp-caption-text gallery-caption' id='gallery-1-6525'>\n\t\t\t\tDer Fisch vom Kindergarten Kleine H\u00e4nde ist auf den dritten Platz geschwommen\n\t\t\t\t<\/figcaption><\/figure><figure class='gallery-item'>\n\t\t\t<div class='gallery-icon portrait'>\n\t\t\t\t<a href=\"https:\/\/unser-quartier.de\/hagelkreuz\/2018\/11\/die-schoensten-laternen-praemiert\/20181102_104552\/#main\" data-wpel-link=\"internal\"><img loading=\"lazy\" decoding=\"async\" width=\"150\" height=\"200\" src=\"https:\/\/unser-quartier.de\/hagelkreuz\/files\/2018\/11\/20181102_104552-150x200.jpg\" class=\"attachment-thumbnail size-thumbnail\" alt=\"Foto Laterne Fackel\" aria-describedby=\"gallery-1-6524\" srcset=\"https:\/\/unser-quartier.de\/hagelkreuz\/files\/2018\/11\/20181102_104552-150x200.jpg 150w, https:\/\/unser-quartier.de\/hagelkreuz\/files\/2018\/11\/20181102_104552-300x400.jpg 300w, https:\/\/unser-quartier.de\/hagelkreuz\/files\/2018\/11\/20181102_104552-768x1024.jpg 768w, https:\/\/unser-quartier.de\/hagelkreuz\/files\/2018\/11\/20181102_104552.jpg 900w\" sizes=\"auto, (max-width: 150px) 100vw, 150px\" \/><\/a>\n\t\t\t<\/div>\n\t\t\t\t<figcaption class='wp-caption-text gallery-caption' id='gallery-1-6524'>\n\t\t\t\tChrist-K\u00f6nigs Fackellaterne kam auf den vierten Platz\n\t\t\t\t<\/figcaption><\/figure><figure class='gallery-item'>\n\t\t\t<div class='gallery-icon portrait'>\n\t\t\t\t<a href=\"https:\/\/unser-quartier.de\/hagelkreuz\/2018\/11\/die-schoensten-laternen-praemiert\/20181102_104657\/#main\" data-wpel-link=\"internal\"><img loading=\"lazy\" decoding=\"async\" width=\"150\" height=\"200\" src=\"https:\/\/unser-quartier.de\/hagelkreuz\/files\/2018\/11\/20181102_104657-150x200.jpg\" class=\"attachment-thumbnail size-thumbnail\" alt=\"Foto Laterne Fantasiegesicht\" aria-describedby=\"gallery-1-6526\" srcset=\"https:\/\/unser-quartier.de\/hagelkreuz\/files\/2018\/11\/20181102_104657-150x200.jpg 150w, https:\/\/unser-quartier.de\/hagelkreuz\/files\/2018\/11\/20181102_104657-300x400.jpg 300w, https:\/\/unser-quartier.de\/hagelkreuz\/files\/2018\/11\/20181102_104657-768x1024.jpg 768w, https:\/\/unser-quartier.de\/hagelkreuz\/files\/2018\/11\/20181102_104657.jpg 900w\" sizes=\"auto, (max-width: 150px) 100vw, 150px\" \/><\/a>\n\t\t\t<\/div>\n\t\t\t\t<figcaption class='wp-caption-text gallery-caption' id='gallery-1-6526'>\n\t\t\t\tDiese lustige Fantasiegestalt kommt auf den f\u00fcnften Platz und ist im Kindergarten PaulundPauline entstanden\n\t\t\t\t<\/figcaption><\/figure>\n\t\t<\/div>\n\n","protected":false},"excerpt":{"rendered":"<p>Die Fackelausstellung in der Sparkassenfiliale Hagelkreuz ist vorbei, die sch\u00f6nsten Fackeln mit einer Abstimmung ausgew\u00e4hlt. Welcher Kindergarten das sch\u00f6ne Eisb\u00e4r-Kuscheltier bekommt ist nun gekl\u00e4rt.<\/p>\n","protected":false},"author":391,"featured_media":6523,"comment_status":"closed","ping_status":"closed","sticky":false,"template":"","format":"standard","meta":{"generate_page_header":"","footnotes":""},"categories":[279,277],"tags":[],"class_list":["post-6520","post","type-post","status-publish","format-standard","has-post-thumbnail","hentry","category-kinder","category-kultur"],"_links":{"self":[{"href":"https:\/\/unser-quartier.de\/hagelkreuz\/wp-json\/wp\/v2\/posts\/6520","targetHints":{"allow":["GET"]}}],"collection":[{"href":"https:\/\/unser-quartier.de\/hagelkreuz\/wp-json\/wp\/v2\/posts"}],"about":[{"href":"https:\/\/unser-quartier.de\/hagelkreuz\/wp-json\/wp\/v2\/types\/post"}],"author":[{"embeddable":true,"href":"https:\/\/unser-quartier.de\/hagelkreuz\/wp-json\/wp\/v2\/users\/391"}],"replies":[{"embeddable":true,"href":"https:\/\/unser-quartier.de\/hagelkreuz\/wp-json\/wp\/v2\/comments?post=6520"}],"version-history":[{"count":0,"href":"https:\/\/unser-quartier.de\/hagelkreuz\/wp-json\/wp\/v2\/posts\/6520\/revisions"}],"wp:featuredmedia":[{"embeddable":true,"href":"https:\/\/unser-quartier.de\/hagelkreuz\/wp-json\/wp\/v2\/media\/6523"}],"wp:attachment":[{"href":"https:\/\/unser-quartier.de\/hagelkreuz\/wp-json\/wp\/v2\/media?parent=6520"}],"wp:term":[{"taxonomy":"category","embeddable":true,"href":"https:\/\/unser-quartier.de\/hagelkreuz\/wp-json\/wp\/v2\/categories?post=6520"},{"taxonomy":"post_tag","embeddable":true,"href":"https:\/\/unser-quartier.de\/hagelkreuz\/wp-json\/wp\/v2\/tags?post=6520"}],"curies":[{"name":"wp","href":"https:\/\/api.w.org\/{rel}","templated":true}]}}