{"id":6566,"date":"2018-11-21T15:57:22","date_gmt":"2018-11-21T14:57:22","guid":{"rendered":"https:\/\/unser-quartier.de\/hagelkreuz\/?p=6566"},"modified":"2020-07-14T13:04:17","modified_gmt":"2020-07-14T13:04:17","slug":"wanderfuehrer-in-gesucht","status":"publish","type":"post","link":"https:\/\/unser-quartier.de\/hagelkreuz\/2018\/11\/wanderfuehrer-in-gesucht\/","title":{"rendered":"Wanderf\u00fchrer\/in gesucht"},"content":{"rendered":"<figure id=\"attachment_6568\" aria-describedby=\"caption-attachment-6568\" style=\"width: 290px\" class=\"wp-caption alignleft\"><img loading=\"lazy\" decoding=\"async\" class=\"size-medium wp-image-6568\" src=\"https:\/\/unser-quartier.de\/hagelkreuz\/files\/2018\/11\/Wanderung20Moers20DSC08352-300x225.jpg\" alt=\"Wandern - Freizeit im Hagelkreuz\" width=\"300\" height=\"225\" srcset=\"https:\/\/unser-quartier.de\/hagelkreuz\/files\/2018\/11\/Wanderung20Moers20DSC08352-300x225.jpg 300w, https:\/\/unser-quartier.de\/hagelkreuz\/files\/2018\/11\/Wanderung20Moers20DSC08352-150x113.jpg 150w, https:\/\/unser-quartier.de\/hagelkreuz\/files\/2018\/11\/Wanderung20Moers20DSC08352-768x576.jpg 768w, https:\/\/unser-quartier.de\/hagelkreuz\/files\/2018\/11\/Wanderung20Moers20DSC08352-1024x768.jpg 1024w, https:\/\/unser-quartier.de\/hagelkreuz\/files\/2018\/11\/Wanderung20Moers20DSC08352.jpg 1200w\" sizes=\"auto, (max-width: 300px) 100vw, 300px\" \/><figcaption id=\"caption-attachment-6568\" class=\"wp-caption-text\">Wanderer aus dem Hagelkreuz &#8222;on Tour&#8220;<\/figcaption><\/figure>\n<div id=\"yui_3_17_2_1_1542810074390_85\" class=\"box generalbox\">\n<div id=\"yui_3_17_2_1_1542810074390_84\" class=\"no-overflow\">\n<h3>Ist die Lust am Wandern Ihre Lust?<br \/>\n\u201eFreizeit im Hagelkreuz\u201c sucht Wanderf\u00fchrer\/-in<\/h3>\n<p>Seit Dezember 2016 organisieren Andrea Duffhau\u00df und Jakob K\u00fcppers einmal im Monat immer am dritten Samstag mit einem L\u00e4cheln auf den Lippen eine f\u00fcnf bis zehn Kilometer lange Wandertour.<\/p>\n<p><!--more--><\/p>\n<p>Jetzt w\u00fcrde Jakob K\u00fcppers den Wanderstock gern an einen Nachfolger oder eine Nachfolgerin \u00fcbergeben, der\/die mit Leidenschaft und Begeisterung diesen Bewegungssport f\u00fcr Jung &amp; Alt unterst\u00fctzt. Ob es die Wanderwege rund um mittelalterliche St\u00e4dte oder die Spuren der r\u00f6mischen Vergangenheit mit Burgen und M\u00fchlen war: \u201eDer Kontakt mit den Menschen und die fr\u00f6hlichen Stunden werden mir fehlen\u201c, wehklagt K\u00fcppers etwas, doch als Teilnehmer wird er sicher auch in Zukunft immer mal wieder dabei sein. Los geht es jedes Mal um 11 Uhr am Concordienplatz mit privaten PKWs in Fahrgemeinschaften. Eine Einkehr zum gemeinsamen Mittagessen ist immer geplant und gegen 16 Uhr sind die Hagelkreuzer Wandergesellen in der Regel wieder Zuhause.<\/p>\n<h3>Zwischen Kopfweiden und Pappelalleen<\/h3>\n<p>Heideweiten, Zechengipfel oder einfach nur pure Natur &#8211; es gibt zahlreiche M\u00f6glichkeiten, die n\u00e4here Umgebung auf Schusters Rappen zu entdecken. Wer Lust versp\u00fcrt, sich als Wanderf\u00fchrer\/in f\u00fcr die Gemeinschaft rund um das Hagelkreuz und Kempen zu engagieren, kann sich gerne bei Andrea Duffhau\u00df, Telefon 0 21 52 \/ 42 15 oder im Quartiersb\u00fcro bei Ingo Behr, Telefon 0 21 52 \/ 42 01, jederzeit melden. rs<\/p>\n<\/div>\n<\/div>\n<p>&nbsp;<\/p>\n<p>&nbsp;<\/p>\n","protected":false},"excerpt":{"rendered":"<p>Ist die Lust am Wandern Ihre Lust? \u201eFreizeit im Hagelkreuz\u201c sucht Wanderf\u00fchrer\/-in Seit Dezember 2016 organisieren Andrea Duffhau\u00df und Jakob K\u00fcppers einmal im Monat immer am dritten Samstag mit einem L\u00e4cheln auf den Lippen eine f\u00fcnf bis zehn Kilometer lange Wandertour.<\/p>\n","protected":false},"author":688,"featured_media":6570,"comment_status":"closed","ping_status":"closed","sticky":false,"template":"","format":"standard","meta":{"generate_page_header":"","footnotes":""},"categories":[259,266],"tags":[],"class_list":["post-6566","post","type-post","status-publish","format-standard","has-post-thumbnail","hentry","category-freizeit-2","category-wandern"],"_links":{"self":[{"href":"https:\/\/unser-quartier.de\/hagelkreuz\/wp-json\/wp\/v2\/posts\/6566","targetHints":{"allow":["GET"]}}],"collection":[{"href":"https:\/\/unser-quartier.de\/hagelkreuz\/wp-json\/wp\/v2\/posts"}],"about":[{"href":"https:\/\/unser-quartier.de\/hagelkreuz\/wp-json\/wp\/v2\/types\/post"}],"author":[{"embeddable":true,"href":"https:\/\/unser-quartier.de\/hagelkreuz\/wp-json\/wp\/v2\/users\/688"}],"replies":[{"embeddable":true,"href":"https:\/\/unser-quartier.de\/hagelkreuz\/wp-json\/wp\/v2\/comments?post=6566"}],"version-history":[{"count":0,"href":"https:\/\/unser-quartier.de\/hagelkreuz\/wp-json\/wp\/v2\/posts\/6566\/revisions"}],"wp:featuredmedia":[{"embeddable":true,"href":"https:\/\/unser-quartier.de\/hagelkreuz\/wp-json\/wp\/v2\/media\/6570"}],"wp:attachment":[{"href":"https:\/\/unser-quartier.de\/hagelkreuz\/wp-json\/wp\/v2\/media?parent=6566"}],"wp:term":[{"taxonomy":"category","embeddable":true,"href":"https:\/\/unser-quartier.de\/hagelkreuz\/wp-json\/wp\/v2\/categories?post=6566"},{"taxonomy":"post_tag","embeddable":true,"href":"https:\/\/unser-quartier.de\/hagelkreuz\/wp-json\/wp\/v2\/tags?post=6566"}],"curies":[{"name":"wp","href":"https:\/\/api.w.org\/{rel}","templated":true}]}}