{"id":6585,"date":"2018-11-26T10:17:34","date_gmt":"2018-11-26T09:17:34","guid":{"rendered":"https:\/\/unser-quartier.de\/hagelkreuz\/?p=6585"},"modified":"2020-07-14T13:03:40","modified_gmt":"2020-07-14T13:03:40","slug":"dem-alltag-entfliehen-reisen-mit-der-senioren-initiative","status":"publish","type":"post","link":"https:\/\/unser-quartier.de\/hagelkreuz\/2018\/11\/dem-alltag-entfliehen-reisen-mit-der-senioren-initiative\/","title":{"rendered":"Dem Alltag entfliehen &#8211; reisen mit der Senioren-Initiative!"},"content":{"rendered":"<div>\n<figure id=\"attachment_6584\" aria-describedby=\"caption-attachment-6584\" style=\"width: 290px\" class=\"wp-caption alignleft\"><a href=\"https:\/\/unser-quartier.de\/hagelkreuz\/?attachment_id=6584#main\" data-wpel-link=\"internal\"><img loading=\"lazy\" decoding=\"async\" id=\"longdesc-return-6584\" class=\"wp-image-6584 size-medium\" src=\"https:\/\/unser-quartier.de\/hagelkreuz\/files\/2018\/11\/Teilnehmer-300x225.jpg\" alt=\"Foto Teilnehmer mit Reiseheft 2019 der Senioren-Initiative\" width=\"300\" height=\"225\" longdesc=\"https:\/\/unser-quartier.de\/hagelkreuz?longdesc=6584&amp;referrer=6585\" srcset=\"https:\/\/unser-quartier.de\/hagelkreuz\/files\/2018\/11\/Teilnehmer-300x225.jpg 300w, https:\/\/unser-quartier.de\/hagelkreuz\/files\/2018\/11\/Teilnehmer-150x113.jpg 150w, https:\/\/unser-quartier.de\/hagelkreuz\/files\/2018\/11\/Teilnehmer-768x576.jpg 768w, https:\/\/unser-quartier.de\/hagelkreuz\/files\/2018\/11\/Teilnehmer-1024x768.jpg 1024w, https:\/\/unser-quartier.de\/hagelkreuz\/files\/2018\/11\/Teilnehmer.jpg 1200w\" sizes=\"auto, (max-width: 300px) 100vw, 300px\" \/><\/a><figcaption id=\"caption-attachment-6584\" class=\"wp-caption-text\">Teilnehmer der Senioren-Initiative mit dem Reiseheft 2019<\/figcaption><\/figure><\/p>\n<h3>Das neue Reiseheft 2019 ist da!<\/h3>\n<\/div>\n<p>Gewissenhafte Reiseplanung, kompetente Reisebegleitung und partnerschaftliche Kooperation mit Reiseteilnehmern \u2013 das sind die Ziele der Senioren Initiative Kempen (SI). Auch im kommenden Jahr begleiten die oft\u00a0ehrenamtlichen Reiseleiter\u00a0mit viel Liebe, Freude und Engagement die reizvollen Ferienfahrten. <!--more-->Jetzt\u00a0wurden im Haus Wiesengrund die neuen Reiseziele f\u00fcr Erholungs-, St\u00e4dte- oder Landschaftsreisen\u00a0im Willi-Hartmann-Saal vorgestellt. Jede\/r Reiseinteressent*in konnte am Donnerstag, 15.11.18, im\u00a0Programm 2019 bl\u00e4ttern und\u00a0bei Kaffee &amp; Kuchen den individuellen Pr\u00e4sentationen der Mehrtagesreisen lauschen.<\/p>\n<p>Wer Lust hat, kann noch\u00a0die Adventsreise vom 29.11. bis 02.12.2018 ins Weserbergland buchen. F\u00fcr die Fahrt vom 22.12.2018 bis 02.01.2019 \u00fcber Weihnachten und Silvester sind einige Pl\u00e4tze nach Mittenwald frei geworden. Beide Reisen begleitet Rose Terheiden.<br \/>\nManfred Schenk zeigte Fotos von der beliebten Erholungsreise nach Borkum, die er vom 11. bis 25.05.2019 und Bernhard Ueberdick vom 12. bis 26.09.2019 durchf\u00fchren werden. Ein paar\u00a0Doppelzimmer sind noch frei..<br \/>\nSabine Amp\u00fctz stellte die Erholungsreise f\u00fcr Senioren nach Gem\u00fcnd, Eifel, vom 16. bis 23.06.2019 vor, die ohne Reisebegleitung erfolgt.<br \/>\nNordfrankreich mit einem Schuss Flandern, so pr\u00e4sentierte Rose Terheiden die Sommerreise vom 07. bis 14.07.2019. In Absprache mit der Stadt Kempen wird Wambrechies, die Partnerstadt Kempens, besucht.<br \/>\nIrene Wistuba informierte mit\u00a0einem Film \u00fcber die St\u00e4dtereise nach Weimar\/Th\u00fcringen vom 25.08. bis 01.09.2019, die sie begleiten wird.<br \/>\nSelbstverst\u00e4ndlich ist auch\u00a02019 wieder eine Adventreise im Programm. Rose Terheiden entf\u00fchrt die Reisenden nach Br\u00fcgge und Gent, um vom 28.11. bis 01.12.2019 die Romantik des Lichterscheins genie\u00dfen zu k\u00f6nnen.<\/p>\n<p>Das SI <a href=\"http:\/\/altenhilfe-kempen.de\/pdf\/reiseheft.pdf\" class=\"mtli_attachment mtli_pdf ext-link wpel-icon-right\" data-wpel-link=\"external\" target=\"_self\" rel=\"nofollow external noopener noreferrer\" title=\"Externer Link: \">Reiseheft 2019<span class=\"wpel-icon wpel-image wpel-icon-6\"><\/span><\/a> mit den Mehrtages- und Tagesfahrten, den jeweils aktuellen SeniorenSpiegel und weitere Informationen hat die\u00a0SI auf der der Internetseite <a href=\"http:\/\/www.si-kempen.de\" data-wpel-link=\"external\" target=\"_self\" rel=\"nofollow external noopener noreferrer\" title=\"Externer Link: \" class=\"ext-link wpel-icon-right\">www.si-kempen.de<span class=\"wpel-icon wpel-image wpel-icon-6\"><\/span><\/a>\u00a0zusammengestellt. An den Reisen kann jeder teilnehmen und es ist nicht notwendig, Mitglied der SI zu sein.<\/p>\n<p>Anmeldungen f\u00fcr die Mehrtagesreisen nimmt ab sofort Sabine Amp\u00fctz, B\u00fcro der SI, Wiesenstra\u00dfe 59, 47906 Kempen, Tel.: 02152 1494 13 oder die entsprechenden Reiseleiter entgegen, die gerne zur Reise informieren.<\/p>\n<p id=\"yui_3_17_2_1_1543220395511_102\">Am 17. Januar 2019\u00a0werden um 15 Uhr die <a href=\"http:\/\/altenhilfe-kempen.de\/sbub.html\" data-wpel-link=\"external\" target=\"_self\" rel=\"nofollow external noopener noreferrer\" title=\"Externer Link: \" class=\"ext-link wpel-icon-right\">Tagesfahrten 2019<span class=\"wpel-icon wpel-image wpel-icon-6\"><\/span><\/a> der Gruppe 50+ (Reisebegleitung: Rose Terheiden) und der Gruppe B &amp; B (Besuch und Besichtigung &#8211; Reisebegleitung: Udo Steinhauer) im Haus Wiesengrund pr\u00e4sentiert und k\u00f6nnen, wie im Reiseheft ver\u00f6ffentlicht, gebucht werden. ad<\/p>\n","protected":false},"excerpt":{"rendered":"<p>Das neue Reiseheft 2019 ist da! Gewissenhafte Reiseplanung, kompetente Reisebegleitung und partnerschaftliche Kooperation mit Reiseteilnehmern \u2013 das sind die Ziele der Senioren Initiative Kempen (SI). Auch im kommenden Jahr begleiten die oft\u00a0ehrenamtlichen Reiseleiter\u00a0mit viel Liebe, Freude und Engagement die reizvollen Ferienfahrten.<\/p>\n","protected":false},"author":407,"featured_media":6587,"comment_status":"closed","ping_status":"closed","sticky":false,"template":"","format":"standard","meta":{"generate_page_header":"","footnotes":""},"categories":[267,259,268],"tags":[114,113],"class_list":["post-6585","post","type-post","status-publish","format-standard","has-post-thumbnail","hentry","category-ausfluege","category-freizeit-2","category-reisen-freizeit-2","tag-reisen","tag-senioren-initiative"],"_links":{"self":[{"href":"https:\/\/unser-quartier.de\/hagelkreuz\/wp-json\/wp\/v2\/posts\/6585","targetHints":{"allow":["GET"]}}],"collection":[{"href":"https:\/\/unser-quartier.de\/hagelkreuz\/wp-json\/wp\/v2\/posts"}],"about":[{"href":"https:\/\/unser-quartier.de\/hagelkreuz\/wp-json\/wp\/v2\/types\/post"}],"author":[{"embeddable":true,"href":"https:\/\/unser-quartier.de\/hagelkreuz\/wp-json\/wp\/v2\/users\/407"}],"replies":[{"embeddable":true,"href":"https:\/\/unser-quartier.de\/hagelkreuz\/wp-json\/wp\/v2\/comments?post=6585"}],"version-history":[{"count":0,"href":"https:\/\/unser-quartier.de\/hagelkreuz\/wp-json\/wp\/v2\/posts\/6585\/revisions"}],"wp:featuredmedia":[{"embeddable":true,"href":"https:\/\/unser-quartier.de\/hagelkreuz\/wp-json\/wp\/v2\/media\/6587"}],"wp:attachment":[{"href":"https:\/\/unser-quartier.de\/hagelkreuz\/wp-json\/wp\/v2\/media?parent=6585"}],"wp:term":[{"taxonomy":"category","embeddable":true,"href":"https:\/\/unser-quartier.de\/hagelkreuz\/wp-json\/wp\/v2\/categories?post=6585"},{"taxonomy":"post_tag","embeddable":true,"href":"https:\/\/unser-quartier.de\/hagelkreuz\/wp-json\/wp\/v2\/tags?post=6585"}],"curies":[{"name":"wp","href":"https:\/\/api.w.org\/{rel}","templated":true}]}}