{"id":15327,"date":"2025-02-26T08:58:30","date_gmt":"2025-02-26T07:58:30","guid":{"rendered":"https:\/\/unser-quartier.de\/haus-herbstzeitlos-siegen\/?p=15327"},"modified":"2025-02-26T08:58:30","modified_gmt":"2025-02-26T07:58:30","slug":"n-e-u-e-s-a-n-g-e-b-o-t-f-ue-r-s-i-e","status":"publish","type":"post","link":"https:\/\/unser-quartier.de\/haus-herbstzeitlos-siegen\/2025\/02\/26\/n-e-u-e-s-a-n-g-e-b-o-t-f-ue-r-s-i-e\/","title":{"rendered":"N e u e s   A n g e b o t    f \u00fc r   S i e !"},"content":{"rendered":"<p><strong>Fr\u00fchst\u00fcckstreff f\u00fcr Senioren im Haus Herbstzeitlos am<br \/>\n<\/strong><strong>Freitag, den 14. M\u00e4rz 2025 zwischen 9.30 Uhr bis 12.00 Uhr<\/strong><\/p>\n<div class=\"wp-block-image\"><a href=\"https:\/\/unser-quartier.de\/haus-herbstzeitlos-siegen\/files\/2025\/02\/Fruehstueck.jpg\"><img loading=\"lazy\" decoding=\"async\" class=\"wpa-warning wpa-image-missing-alt  alignnone wp-image-15328\" src=\"https:\/\/unser-quartier.de\/haus-herbstzeitlos-siegen\/files\/2025\/02\/Fruehstueck-300x202.jpg\" alt=\"\" width=\"418\" height=\"287\" data-warning=\"Missing alt text\" \/><\/a><\/div>\n<p>Unter dem Motto: \u201eGemeinsam statt einsam\u201c l\u00e4dt der Seniorenbeirat der Universit\u00e4tsstadt Siegen erstmalig Siegens Mitb\u00fcrger ab 60+ zu einem Fr\u00fchst\u00fcckstreff\u00a0 in das Begegnungszentrum Haus Herbstzeitlos, Marienborner Str. 151, 57074 Siegen-Ost ein.<\/p>\n<p>Gemeinsam kl\u00f6nen mit leckerem Kaffee w\u00e4re das nicht der richtige Start ins Wochenenden! Dann Kommen Sie einfach vorbei. Das Fr\u00fchst\u00fccksteam des Seniorenbeirates freut sich, Sie begr\u00fc\u00dfen zu k\u00f6nnen.<\/p>\n<p><strong>Um kurze telefonische Anmeldung unter: (0271) 404-2202 oder per Mail: seniorenservice@siegen.de wird gebeten.\u00a0\u00a0 <\/strong><\/p>\n","protected":false},"excerpt":{"rendered":"<p>Fr\u00fchst\u00fcckstreff f\u00fcr Senioren im Haus Herbstzeitlos am Freitag, den 14. M\u00e4rz 2025 zwischen 9.30 Uhr bis 12.00 Uhr Unter dem Motto: \u201eGemeinsam statt einsam\u201c l\u00e4dt der Seniorenbeirat der Universit\u00e4tsstadt Siegen erstmalig Siegens Mitb\u00fcrger ab 60+ zu einem Fr\u00fchst\u00fcckstreff\u00a0 in das &hellip; <a href=\"https:\/\/unser-quartier.de\/haus-herbstzeitlos-siegen\/2025\/02\/26\/n-e-u-e-s-a-n-g-e-b-o-t-f-ue-r-s-i-e\/\">Weiterlesen <span class=\"meta-nav\">&rarr;<\/span><\/a><\/p>\n","protected":false},"author":66,"featured_media":0,"comment_status":"open","ping_status":"open","sticky":false,"template":"","format":"standard","meta":{"footnotes":""},"categories":[1],"tags":[],"class_list":["post-15327","post","type-post","status-publish","format-standard","hentry","category-allgemein"],"_links":{"self":[{"href":"https:\/\/unser-quartier.de\/haus-herbstzeitlos-siegen\/wp-json\/wp\/v2\/posts\/15327","targetHints":{"allow":["GET"]}}],"collection":[{"href":"https:\/\/unser-quartier.de\/haus-herbstzeitlos-siegen\/wp-json\/wp\/v2\/posts"}],"about":[{"href":"https:\/\/unser-quartier.de\/haus-herbstzeitlos-siegen\/wp-json\/wp\/v2\/types\/post"}],"author":[{"embeddable":true,"href":"https:\/\/unser-quartier.de\/haus-herbstzeitlos-siegen\/wp-json\/wp\/v2\/users\/66"}],"replies":[{"embeddable":true,"href":"https:\/\/unser-quartier.de\/haus-herbstzeitlos-siegen\/wp-json\/wp\/v2\/comments?post=15327"}],"version-history":[{"count":1,"href":"https:\/\/unser-quartier.de\/haus-herbstzeitlos-siegen\/wp-json\/wp\/v2\/posts\/15327\/revisions"}],"predecessor-version":[{"id":15329,"href":"https:\/\/unser-quartier.de\/haus-herbstzeitlos-siegen\/wp-json\/wp\/v2\/posts\/15327\/revisions\/15329"}],"wp:attachment":[{"href":"https:\/\/unser-quartier.de\/haus-herbstzeitlos-siegen\/wp-json\/wp\/v2\/media?parent=15327"}],"wp:term":[{"taxonomy":"category","embeddable":true,"href":"https:\/\/unser-quartier.de\/haus-herbstzeitlos-siegen\/wp-json\/wp\/v2\/categories?post=15327"},{"taxonomy":"post_tag","embeddable":true,"href":"https:\/\/unser-quartier.de\/haus-herbstzeitlos-siegen\/wp-json\/wp\/v2\/tags?post=15327"}],"curies":[{"name":"wp","href":"https:\/\/api.w.org\/{rel}","templated":true}]}}