{"id":15551,"date":"2025-07-02T09:55:37","date_gmt":"2025-07-02T07:55:37","guid":{"rendered":"https:\/\/unser-quartier.de\/haus-herbstzeitlos-siegen\/?p=15551"},"modified":"2025-07-03T13:17:54","modified_gmt":"2025-07-03T11:17:54","slug":"veranstaltungen-seniorenbeirat","status":"publish","type":"post","link":"https:\/\/unser-quartier.de\/haus-herbstzeitlos-siegen\/2025\/07\/02\/veranstaltungen-seniorenbeirat\/","title":{"rendered":"Veranstaltungen Seniorenbeirat"},"content":{"rendered":"<div><a href=\"https:\/\/unser-quartier.de\/haus-herbstzeitlos-siegen\/files\/2025\/07\/Seniorenbeiratflyer1.jpg\"><img loading=\"lazy\" decoding=\"async\" class=\"wpa-warning wpa-image-missing-alt alignnone wp-image-15552 size-large\" src=\"https:\/\/unser-quartier.de\/haus-herbstzeitlos-siegen\/files\/2025\/07\/Seniorenbeiratflyer1-1024x447.jpg\" alt=\"\" width=\"584\" height=\"255\" data-warning=\"Missing alt text\" srcset=\"https:\/\/unser-quartier.de\/haus-herbstzeitlos-siegen\/files\/2025\/07\/Seniorenbeiratflyer1-1024x447.jpg 1024w, https:\/\/unser-quartier.de\/haus-herbstzeitlos-siegen\/files\/2025\/07\/Seniorenbeiratflyer1-300x131.jpg 300w, https:\/\/unser-quartier.de\/haus-herbstzeitlos-siegen\/files\/2025\/07\/Seniorenbeiratflyer1-500x219.jpg 500w, https:\/\/unser-quartier.de\/haus-herbstzeitlos-siegen\/files\/2025\/07\/Seniorenbeiratflyer1.jpg 1270w\" sizes=\"auto, (max-width: 584px) 100vw, 584px\" \/><\/a><\/div>\n<div class=\"wp-block-image\"><a href=\"https:\/\/unser-quartier.de\/haus-herbstzeitlos-siegen\/files\/2025\/07\/Seniorenbeiratflyer2.jpg\"><img loading=\"lazy\" decoding=\"async\" class=\"wpa-warning wpa-image-missing-alt alignnone wp-image-15553 size-large\" src=\"https:\/\/unser-quartier.de\/haus-herbstzeitlos-siegen\/files\/2025\/07\/Seniorenbeiratflyer2-1024x462.jpg\" alt=\"\" width=\"584\" height=\"263\" data-warning=\"Missing alt text\" srcset=\"https:\/\/unser-quartier.de\/haus-herbstzeitlos-siegen\/files\/2025\/07\/Seniorenbeiratflyer2-1024x462.jpg 1024w, https:\/\/unser-quartier.de\/haus-herbstzeitlos-siegen\/files\/2025\/07\/Seniorenbeiratflyer2-300x135.jpg 300w, https:\/\/unser-quartier.de\/haus-herbstzeitlos-siegen\/files\/2025\/07\/Seniorenbeiratflyer2-500x226.jpg 500w, https:\/\/unser-quartier.de\/haus-herbstzeitlos-siegen\/files\/2025\/07\/Seniorenbeiratflyer2.jpg 1292w\" sizes=\"auto, (max-width: 584px) 100vw, 584px\" \/><\/a><\/div>\n<div>\n<div class=\"wp-block-image\">\n<div class=\"wp-block-image\"><\/div>\n<\/div>\n<\/div>\n<div>F\u00fcr gr\u00f6\u00dfere Ansicht bitte anklicken!<\/div>\n","protected":false},"excerpt":{"rendered":"<p>F\u00fcr gr\u00f6\u00dfere Ansicht bitte anklicken!<\/p>\n","protected":false},"author":66,"featured_media":0,"comment_status":"open","ping_status":"open","sticky":false,"template":"","format":"standard","meta":{"footnotes":""},"categories":[3],"tags":[],"class_list":["post-15551","post","type-post","status-publish","format-standard","hentry","category-info"],"_links":{"self":[{"href":"https:\/\/unser-quartier.de\/haus-herbstzeitlos-siegen\/wp-json\/wp\/v2\/posts\/15551","targetHints":{"allow":["GET"]}}],"collection":[{"href":"https:\/\/unser-quartier.de\/haus-herbstzeitlos-siegen\/wp-json\/wp\/v2\/posts"}],"about":[{"href":"https:\/\/unser-quartier.de\/haus-herbstzeitlos-siegen\/wp-json\/wp\/v2\/types\/post"}],"author":[{"embeddable":true,"href":"https:\/\/unser-quartier.de\/haus-herbstzeitlos-siegen\/wp-json\/wp\/v2\/users\/66"}],"replies":[{"embeddable":true,"href":"https:\/\/unser-quartier.de\/haus-herbstzeitlos-siegen\/wp-json\/wp\/v2\/comments?post=15551"}],"version-history":[{"count":3,"href":"https:\/\/unser-quartier.de\/haus-herbstzeitlos-siegen\/wp-json\/wp\/v2\/posts\/15551\/revisions"}],"predecessor-version":[{"id":15565,"href":"https:\/\/unser-quartier.de\/haus-herbstzeitlos-siegen\/wp-json\/wp\/v2\/posts\/15551\/revisions\/15565"}],"wp:attachment":[{"href":"https:\/\/unser-quartier.de\/haus-herbstzeitlos-siegen\/wp-json\/wp\/v2\/media?parent=15551"}],"wp:term":[{"taxonomy":"category","embeddable":true,"href":"https:\/\/unser-quartier.de\/haus-herbstzeitlos-siegen\/wp-json\/wp\/v2\/categories?post=15551"},{"taxonomy":"post_tag","embeddable":true,"href":"https:\/\/unser-quartier.de\/haus-herbstzeitlos-siegen\/wp-json\/wp\/v2\/tags?post=15551"}],"curies":[{"name":"wp","href":"https:\/\/api.w.org\/{rel}","templated":true}]}}