{"id":15940,"date":"2026-04-29T13:37:23","date_gmt":"2026-04-29T11:37:23","guid":{"rendered":"https:\/\/unser-quartier.de\/haus-herbstzeitlos-siegen\/?p=15940"},"modified":"2026-04-29T13:37:23","modified_gmt":"2026-04-29T11:37:23","slug":"innovation-im-senecafe-3d-druck-pioniere-laden-ein-zum-tag-der-offenen-tuer-am-4-mai-2026-ab-12-uhr","status":"publish","type":"post","link":"https:\/\/unser-quartier.de\/haus-herbstzeitlos-siegen\/2026\/04\/29\/innovation-im-senecafe-3d-druck-pioniere-laden-ein-zum-tag-der-offenen-tuer-am-4-mai-2026-ab-12-uhr\/","title":{"rendered":"Innovation im Senecaf\u00e9: 3D-Druck-Pioniere laden ein zum Tag der offenen T\u00fcr am 4. Mai 2026 ab 12 Uhr"},"content":{"rendered":"<div id=\"container\">\n<div id=\"content\">\n<div id=\"content-main\">\n<div id=\"post-9314\" class=\"post-9314 post type-post status-publish format-standard hentry category-advent\">\n<div class=\"entry\">\n<div id=\"9da3fec9-7a57-4b39-8632-8661225a6dd5\" class=\"postBody\" contenteditable=\"true\">\n<p>PRESSEMITTEILUNG<\/p>\n<p>Das Senec@f\u00e9, der renommierte \u201eTreffpunkt Neue Medien\u201c im Siegener Haus Herbstzeitlos, l\u00e4dt alle Technikinteressierten und Neugierigen zu einem besonderen Ereignis ein:<br \/>\nAm <strong>Montag, den 04. Mai 2026<\/strong>, \u00f6ffnet die <strong>Arbeitsgruppe 3D-Druck ab 12:00 Uhr<\/strong> ihre T\u00fcren, um die faszinierende Welt der additiven Fertigung vorzustellen.<br \/>\nBesucher erhalten an diesem Tag exklusive Einblicke in die Technik und die vielf\u00e4ltigen M\u00f6glichkeiten des 3D-Drucks. Die Seniorengruppe zeigt live, wie aus digitalen Entw\u00fcrfen greifbare Objekte entstehen. Das Senec@f\u00e9, ein Projekt des Vereins ALTERAktiv Siegen-Wittgenstein e.V., verfolgt seit jeher das Ziel, \u00e4lteren Menschen die Teilhabe an modernen Technologien zu erm\u00f6glichen und Ber\u00fchrungs\u00e4ngste abzubauen.<br \/>\nDas fundierte Wissen der 3D-Drucker-Seniorengruppe ist das Ergebnis eines monatelangen Trainings und der tatkr\u00e4ftigen Unterst\u00fctzung durch das FabLab der Universit\u00e4t Siegen und dem Lehrstuhl &#8222;IT f\u00fcr die alternde Gesellschaft&#8220;. Besonders hervorzuheben ist dabei die fachliche Begleitung durch die wissenschaftlichen Mitarbeiter Kyra Dunkel und Marios Mouratidis, die die Gruppe mit ihrem Know-how unterst\u00fctzen. Dies ist Teil der Bestrebungen, Wissenschaft an der Universit\u00e4t mehr an der Lebensrealit\u00e4t der Menschen zu orientieren.<br \/>\nInformationen f\u00fcr Besucher:<br \/>\n\u2022 <strong>Termin: 04. Mai 2026, ab 12:00 Uhr.<br \/>\n\u2022 Ort: Haus Herbstzeitlos (Pavillon), Marienborner Str. 151, 57074 Siegen. alten \u201eHainer Schule\u201c (Zufahrt \u00fcber die Blumenstra\u00dfe).<br \/>\n\u2022 Anfahrt: Mit dem Bus erreichen Sie uns \u00fcber die Haltestelle Blumenstra\u00dfe (Linien R 12, R 13, R 17, L 109).<\/strong><br \/>\nMit dem Auto: Kostenlose Parkpl\u00e4tze befinden sich auf dem Hof der alten \u201eHainer Schule\u201c (Zufahrt \u00fcber die Blumenstra\u00dfe)<\/p>\n<p>Anne Alh\u00e4user<br \/>\nALTERAktiv Siegen-Wittgenseiten e.V.<\/p>\n<\/div>\n<\/div>\n<\/div>\n<\/div>\n<\/div>\n<\/div>\n","protected":false},"excerpt":{"rendered":"<p>PRESSEMITTEILUNG Das Senec@f\u00e9, der renommierte \u201eTreffpunkt Neue Medien\u201c im Siegener Haus Herbstzeitlos, l\u00e4dt alle Technikinteressierten und Neugierigen zu einem besonderen Ereignis ein: Am Montag, den 04. Mai 2026, \u00f6ffnet die Arbeitsgruppe 3D-Druck ab 12:00 Uhr ihre T\u00fcren, um die faszinierende &hellip; <a href=\"https:\/\/unser-quartier.de\/haus-herbstzeitlos-siegen\/2026\/04\/29\/innovation-im-senecafe-3d-druck-pioniere-laden-ein-zum-tag-der-offenen-tuer-am-4-mai-2026-ab-12-uhr\/\">Weiterlesen <span class=\"meta-nav\">&rarr;<\/span><\/a><\/p>\n","protected":false},"author":66,"featured_media":0,"comment_status":"open","ping_status":"open","sticky":false,"template":"","format":"standard","meta":{"footnotes":""},"categories":[1],"tags":[],"class_list":["post-15940","post","type-post","status-publish","format-standard","hentry","category-allgemein"],"_links":{"self":[{"href":"https:\/\/unser-quartier.de\/haus-herbstzeitlos-siegen\/wp-json\/wp\/v2\/posts\/15940","targetHints":{"allow":["GET"]}}],"collection":[{"href":"https:\/\/unser-quartier.de\/haus-herbstzeitlos-siegen\/wp-json\/wp\/v2\/posts"}],"about":[{"href":"https:\/\/unser-quartier.de\/haus-herbstzeitlos-siegen\/wp-json\/wp\/v2\/types\/post"}],"author":[{"embeddable":true,"href":"https:\/\/unser-quartier.de\/haus-herbstzeitlos-siegen\/wp-json\/wp\/v2\/users\/66"}],"replies":[{"embeddable":true,"href":"https:\/\/unser-quartier.de\/haus-herbstzeitlos-siegen\/wp-json\/wp\/v2\/comments?post=15940"}],"version-history":[{"count":1,"href":"https:\/\/unser-quartier.de\/haus-herbstzeitlos-siegen\/wp-json\/wp\/v2\/posts\/15940\/revisions"}],"predecessor-version":[{"id":15941,"href":"https:\/\/unser-quartier.de\/haus-herbstzeitlos-siegen\/wp-json\/wp\/v2\/posts\/15940\/revisions\/15941"}],"wp:attachment":[{"href":"https:\/\/unser-quartier.de\/haus-herbstzeitlos-siegen\/wp-json\/wp\/v2\/media?parent=15940"}],"wp:term":[{"taxonomy":"category","embeddable":true,"href":"https:\/\/unser-quartier.de\/haus-herbstzeitlos-siegen\/wp-json\/wp\/v2\/categories?post=15940"},{"taxonomy":"post_tag","embeddable":true,"href":"https:\/\/unser-quartier.de\/haus-herbstzeitlos-siegen\/wp-json\/wp\/v2\/tags?post=15940"}],"curies":[{"name":"wp","href":"https:\/\/api.w.org\/{rel}","templated":true}]}}