{"id":3221,"date":"2016-10-08T09:49:00","date_gmt":"2016-10-08T07:49:00","guid":{"rendered":"https:\/\/unser-quartier.de\/haus-herbstzeitlos-siegen\/?p=3221"},"modified":"2016-10-03T09:57:24","modified_gmt":"2016-10-03T07:57:24","slug":"sonntagscaf-geffnet-am-16-10-2016","status":"publish","type":"post","link":"https:\/\/unser-quartier.de\/haus-herbstzeitlos-siegen\/2016\/10\/08\/sonntagscaf-geffnet-am-16-10-2016\/","title":{"rendered":"Sonntagscaf&eacute; ge&ouml;ffnet am 16.10.2016"},"content":{"rendered":"<p><a href=\"https:\/\/unser-quartier.de\/haus-herbstzeitlos-siegen\/files\/2016\/10\/Kaffee1a.jpg\"><img loading=\"lazy\" decoding=\"async\" title=\"Kaffee1a\" style=\"border-left-width: 0px;border-right-width: 0px;border-bottom-width: 0px;padding-top: 0px;padding-left: 0px;padding-right: 0px;border-top-width: 0px\" border=\"0\" alt=\"Kaffee1a\" src=\"https:\/\/unser-quartier.de\/haus-herbstzeitlos-siegen\/files\/2016\/10\/Kaffee1a_thumb.jpg\" width=\"455\" height=\"258\"><\/a><\/p>\n<p><font color=\"#000000\">Am Sonntag, dem 16.10.2016 ab 14.30 h k\u00f6nnen Sie wieder Kaffee und <br \/>leckeren Kuchen im Haus Herbstzeitlos genie\u00dfen.<\/font><\/p>\n<p><font color=\"#000000\">Die flei\u00dfigen Damen vom <\/font><a><font color=\"#000000\">Sonntagsc@f\u00e9<\/font><\/a><font color=\"#000000\"> freuen sich schon auf Ihren Besuch!<br \/><\/font><\/p>\n","protected":false},"excerpt":{"rendered":"<p>Am Sonntag, dem 16.10.2016 ab 14.30 h k\u00f6nnen Sie wieder Kaffee und leckeren Kuchen im Haus Herbstzeitlos genie\u00dfen. Die flei\u00dfigen Damen vom Sonntagsc@f\u00e9 freuen sich schon auf Ihren Besuch!<\/p>\n","protected":false},"author":66,"featured_media":0,"comment_status":"open","ping_status":"open","sticky":false,"template":"","format":"standard","meta":{"footnotes":""},"categories":[1],"tags":[],"class_list":["post-3221","post","type-post","status-publish","format-standard","hentry","category-allgemein"],"_links":{"self":[{"href":"https:\/\/unser-quartier.de\/haus-herbstzeitlos-siegen\/wp-json\/wp\/v2\/posts\/3221","targetHints":{"allow":["GET"]}}],"collection":[{"href":"https:\/\/unser-quartier.de\/haus-herbstzeitlos-siegen\/wp-json\/wp\/v2\/posts"}],"about":[{"href":"https:\/\/unser-quartier.de\/haus-herbstzeitlos-siegen\/wp-json\/wp\/v2\/types\/post"}],"author":[{"embeddable":true,"href":"https:\/\/unser-quartier.de\/haus-herbstzeitlos-siegen\/wp-json\/wp\/v2\/users\/66"}],"replies":[{"embeddable":true,"href":"https:\/\/unser-quartier.de\/haus-herbstzeitlos-siegen\/wp-json\/wp\/v2\/comments?post=3221"}],"version-history":[{"count":0,"href":"https:\/\/unser-quartier.de\/haus-herbstzeitlos-siegen\/wp-json\/wp\/v2\/posts\/3221\/revisions"}],"wp:attachment":[{"href":"https:\/\/unser-quartier.de\/haus-herbstzeitlos-siegen\/wp-json\/wp\/v2\/media?parent=3221"}],"wp:term":[{"taxonomy":"category","embeddable":true,"href":"https:\/\/unser-quartier.de\/haus-herbstzeitlos-siegen\/wp-json\/wp\/v2\/categories?post=3221"},{"taxonomy":"post_tag","embeddable":true,"href":"https:\/\/unser-quartier.de\/haus-herbstzeitlos-siegen\/wp-json\/wp\/v2\/tags?post=3221"}],"curies":[{"name":"wp","href":"https:\/\/api.w.org\/{rel}","templated":true}]}}