{"id":3225,"date":"2016-10-15T10:00:36","date_gmt":"2016-10-15T08:00:36","guid":{"rendered":"https:\/\/unser-quartier.de\/haus-herbstzeitlos-siegen\/?p=3225"},"modified":"2016-10-15T10:05:22","modified_gmt":"2016-10-15T08:05:22","slug":"tag-der-offenen-tre-im-senecf-am-31-10-2016-2","status":"publish","type":"post","link":"https:\/\/unser-quartier.de\/haus-herbstzeitlos-siegen\/2016\/10\/15\/tag-der-offenen-tre-im-senecf-am-31-10-2016-2\/","title":{"rendered":"Tag der Offenen T&uuml;re im Senec@f&eacute; am 31.10.2016"},"content":{"rendered":"<p><a href=\"https:\/\/unser-quartier.de\/haus-herbstzeitlos-siegen\/files\/2016\/10\/image.jpg\"><img loading=\"lazy\" decoding=\"async\" style=\"padding-top: 0px;padding-left: 0px;padding-right: 0px;border-width: 0px\" title=\"image\" src=\"https:\/\/unser-quartier.de\/haus-herbstzeitlos-siegen\/files\/2016\/10\/image_thumb.jpg\" alt=\"image\" width=\"504\" height=\"184\" border=\"0\" \/><\/a><\/p>\n<p><span style=\"color: #000000\">Das <\/span><a href=\"mailto:Senec@f\u00e9\"><span style=\"color: #000000\"><strong>Senec@f\u00e9<\/strong><\/span><\/a><span style=\"color: #000000\"> beteiligt sich auch in diesem Jahr wieder an der <strong>BAGSO Internetwoche<\/strong> und l\u00e4dt zu einem <\/span><\/p>\n<h2 align=\"center\"><strong><span style=\"color: #000000\">Tag der Offenen T\u00fcr am 31.10.2016<br \/>\nvon 9 \u2013 12.30 Uhr ein<\/span><\/strong><\/h2>\n<p style=\"text-align: left\" align=\"center\"><span style=\"color: #000000\">Unsere Mitarbeiter informieren Sie w\u00e4hrend dieser Zeit \u00fcber <strong>Navigation mit Smartphone und Tablet <\/strong>und stellen Ihnen entsprechende Programme vor.<\/span><\/p>\n<p align=\"left\"><span style=\"color: #000000\">Ab 14 Uhr k\u00f6nnen Sie w\u00e4hrend der normalen Betriebszeit weitere Fragen stellen und sich \u00fcber unsere Arbeit im Internetc@f\u00e9 informieren.<\/span><\/p>\n<p align=\"left\"><span style=\"color: #000000\">Wir freuen uns auf Ihren Besuch!<\/span><\/p>\n<p align=\"left\"><span style=\"color: #000000\">Das Senec@f\u00e9-Team<\/span><\/p>\n","protected":false},"excerpt":{"rendered":"<p>Das Senec@f\u00e9 beteiligt sich auch in diesem Jahr wieder an der BAGSO Internetwoche und l\u00e4dt zu einem Tag der Offenen T\u00fcr am 31.10.2016 von 9 \u2013 12.30 Uhr ein Unsere Mitarbeiter informieren Sie w\u00e4hrend dieser Zeit \u00fcber Navigation mit Smartphone &hellip; <a href=\"https:\/\/unser-quartier.de\/haus-herbstzeitlos-siegen\/2016\/10\/15\/tag-der-offenen-tre-im-senecf-am-31-10-2016-2\/\">Weiterlesen <span class=\"meta-nav\">&rarr;<\/span><\/a><\/p>\n","protected":false},"author":66,"featured_media":0,"comment_status":"open","ping_status":"closed","sticky":false,"template":"","format":"standard","meta":{"footnotes":""},"categories":[3,4],"tags":[],"class_list":["post-3225","post","type-post","status-publish","format-standard","hentry","category-info","category-veranstaltungen"],"_links":{"self":[{"href":"https:\/\/unser-quartier.de\/haus-herbstzeitlos-siegen\/wp-json\/wp\/v2\/posts\/3225","targetHints":{"allow":["GET"]}}],"collection":[{"href":"https:\/\/unser-quartier.de\/haus-herbstzeitlos-siegen\/wp-json\/wp\/v2\/posts"}],"about":[{"href":"https:\/\/unser-quartier.de\/haus-herbstzeitlos-siegen\/wp-json\/wp\/v2\/types\/post"}],"author":[{"embeddable":true,"href":"https:\/\/unser-quartier.de\/haus-herbstzeitlos-siegen\/wp-json\/wp\/v2\/users\/66"}],"replies":[{"embeddable":true,"href":"https:\/\/unser-quartier.de\/haus-herbstzeitlos-siegen\/wp-json\/wp\/v2\/comments?post=3225"}],"version-history":[{"count":0,"href":"https:\/\/unser-quartier.de\/haus-herbstzeitlos-siegen\/wp-json\/wp\/v2\/posts\/3225\/revisions"}],"wp:attachment":[{"href":"https:\/\/unser-quartier.de\/haus-herbstzeitlos-siegen\/wp-json\/wp\/v2\/media?parent=3225"}],"wp:term":[{"taxonomy":"category","embeddable":true,"href":"https:\/\/unser-quartier.de\/haus-herbstzeitlos-siegen\/wp-json\/wp\/v2\/categories?post=3225"},{"taxonomy":"post_tag","embeddable":true,"href":"https:\/\/unser-quartier.de\/haus-herbstzeitlos-siegen\/wp-json\/wp\/v2\/tags?post=3225"}],"curies":[{"name":"wp","href":"https:\/\/api.w.org\/{rel}","templated":true}]}}