{"id":5084,"date":"2017-06-15T11:35:00","date_gmt":"2017-06-15T09:35:00","guid":{"rendered":"https:\/\/unser-quartier.de\/haus-herbstzeitlos-siegen\/?p=5084"},"modified":"2017-06-14T11:38:13","modified_gmt":"2017-06-14T09:38:13","slug":"ausflug-nach-schlitz","status":"publish","type":"post","link":"https:\/\/unser-quartier.de\/haus-herbstzeitlos-siegen\/2017\/06\/15\/ausflug-nach-schlitz\/","title":{"rendered":"Ausflug nach Schlitz"},"content":{"rendered":"<p><a href=\"https:\/\/unser-quartier.de\/haus-herbstzeitlos-siegen\/files\/2017\/06\/image.jpg\"><img loading=\"lazy\" decoding=\"async\" title=\"image\" style=\"border-top: 0px;border-right: 0px;border-bottom: 0px;padding-top: 0px;padding-left: 0px;border-left: 0px;padding-right: 0px\" border=\"0\" alt=\"image\" src=\"https:\/\/unser-quartier.de\/haus-herbstzeitlos-siegen\/files\/2017\/06\/image_thumb.jpg\" width=\"517\" height=\"320\"><\/a><\/p>\n<p>Am Freitag, dem 9.6.2017 machte sich die Seniorenhilfe mit 45 Personen auf ins St\u00e4dtchen Schlitz im Vogelsbergkreis. Der Ort ist gepr\u00e4gt von 5 Burgen und vielen restaurierten Fachwerkgeb\u00e4uden. <\/p>\n<p>Mehr dazu auf dem <a href=\"https:\/\/seniorenhilfesiegen.wordpress.com\/\" target=\"_blank\" class=\"broken_link\"><strong>Blog der Seniorenhilfe Siegen<\/strong><\/a>.<\/p>\n","protected":false},"excerpt":{"rendered":"<p>Am Freitag, dem 9.6.2017 machte sich die Seniorenhilfe mit 45 Personen auf ins St\u00e4dtchen Schlitz im Vogelsbergkreis. Der Ort ist gepr\u00e4gt von 5 Burgen und vielen restaurierten Fachwerkgeb\u00e4uden. Mehr dazu auf dem Blog der Seniorenhilfe Siegen.<\/p>\n","protected":false},"author":66,"featured_media":0,"comment_status":"open","ping_status":"open","sticky":false,"template":"","format":"standard","meta":{"footnotes":""},"categories":[22,12],"tags":[],"class_list":["post-5084","post","type-post","status-publish","format-standard","hentry","category-ausfluege-seniorenhilfe","category-seniorenhilfe"],"_links":{"self":[{"href":"https:\/\/unser-quartier.de\/haus-herbstzeitlos-siegen\/wp-json\/wp\/v2\/posts\/5084","targetHints":{"allow":["GET"]}}],"collection":[{"href":"https:\/\/unser-quartier.de\/haus-herbstzeitlos-siegen\/wp-json\/wp\/v2\/posts"}],"about":[{"href":"https:\/\/unser-quartier.de\/haus-herbstzeitlos-siegen\/wp-json\/wp\/v2\/types\/post"}],"author":[{"embeddable":true,"href":"https:\/\/unser-quartier.de\/haus-herbstzeitlos-siegen\/wp-json\/wp\/v2\/users\/66"}],"replies":[{"embeddable":true,"href":"https:\/\/unser-quartier.de\/haus-herbstzeitlos-siegen\/wp-json\/wp\/v2\/comments?post=5084"}],"version-history":[{"count":0,"href":"https:\/\/unser-quartier.de\/haus-herbstzeitlos-siegen\/wp-json\/wp\/v2\/posts\/5084\/revisions"}],"wp:attachment":[{"href":"https:\/\/unser-quartier.de\/haus-herbstzeitlos-siegen\/wp-json\/wp\/v2\/media?parent=5084"}],"wp:term":[{"taxonomy":"category","embeddable":true,"href":"https:\/\/unser-quartier.de\/haus-herbstzeitlos-siegen\/wp-json\/wp\/v2\/categories?post=5084"},{"taxonomy":"post_tag","embeddable":true,"href":"https:\/\/unser-quartier.de\/haus-herbstzeitlos-siegen\/wp-json\/wp\/v2\/tags?post=5084"}],"curies":[{"name":"wp","href":"https:\/\/api.w.org\/{rel}","templated":true}]}}