{"id":5166,"date":"2017-09-07T10:24:00","date_gmt":"2017-09-07T08:24:00","guid":{"rendered":"https:\/\/unser-quartier.de\/haus-herbstzeitlos-siegen\/?p=5166"},"modified":"2017-09-07T10:28:10","modified_gmt":"2017-09-07T08:28:10","slug":"die-vom-krieg-verschont-gebliebene-stadt-siegen","status":"publish","type":"post","link":"https:\/\/unser-quartier.de\/haus-herbstzeitlos-siegen\/2017\/09\/07\/die-vom-krieg-verschont-gebliebene-stadt-siegen\/","title":{"rendered":"Die vom Krieg verschont gebliebene Stadt Siegen"},"content":{"rendered":"<p>[youtube https:\/\/www.youtube.com\/watch?v=lM5ixrsVobk] <\/p>\n<p><strong>Ver\u00f6ffentlicht am 03.07.2017 auf YouTube<br \/><\/strong>Autor: Henri Sandt &#8211; Projektarbeit f\u00fcr den Lehrstuhl Geschichte an der Universit\u00e4t Siegen &#8211; Dozentin: MA B. Richter<\/p>\n<p>In dem Filmbeitrag wurden Fotos der alten Stadt Siegen integriert, um zu demonstrieren wie es in Siegen vor der Zerst\u00f6rung der Stadt ausgesehen hat. Sicher f\u00fcr uns alle interessant!<\/p>\n<p>Gefunden vom Senec@f\u00e9-Team<\/p>\n","protected":false},"excerpt":{"rendered":"<p>[youtube https:\/\/www.youtube.com\/watch?v=lM5ixrsVobk] Ver\u00f6ffentlicht am 03.07.2017 auf YouTubeAutor: Henri Sandt &#8211; Projektarbeit f\u00fcr den Lehrstuhl Geschichte an der Universit\u00e4t Siegen &#8211; Dozentin: MA B. Richter In dem Filmbeitrag wurden Fotos der alten Stadt Siegen integriert, um zu demonstrieren wie es in &hellip; <a href=\"https:\/\/unser-quartier.de\/haus-herbstzeitlos-siegen\/2017\/09\/07\/die-vom-krieg-verschont-gebliebene-stadt-siegen\/\">Weiterlesen <span class=\"meta-nav\">&rarr;<\/span><\/a><\/p>\n","protected":false},"author":66,"featured_media":0,"comment_status":"open","ping_status":"open","sticky":false,"template":"","format":"standard","meta":{"footnotes":""},"categories":[2,13],"tags":[],"class_list":["post-5166","post","type-post","status-publish","format-standard","hentry","category-bilder","category-internettipps"],"_links":{"self":[{"href":"https:\/\/unser-quartier.de\/haus-herbstzeitlos-siegen\/wp-json\/wp\/v2\/posts\/5166","targetHints":{"allow":["GET"]}}],"collection":[{"href":"https:\/\/unser-quartier.de\/haus-herbstzeitlos-siegen\/wp-json\/wp\/v2\/posts"}],"about":[{"href":"https:\/\/unser-quartier.de\/haus-herbstzeitlos-siegen\/wp-json\/wp\/v2\/types\/post"}],"author":[{"embeddable":true,"href":"https:\/\/unser-quartier.de\/haus-herbstzeitlos-siegen\/wp-json\/wp\/v2\/users\/66"}],"replies":[{"embeddable":true,"href":"https:\/\/unser-quartier.de\/haus-herbstzeitlos-siegen\/wp-json\/wp\/v2\/comments?post=5166"}],"version-history":[{"count":0,"href":"https:\/\/unser-quartier.de\/haus-herbstzeitlos-siegen\/wp-json\/wp\/v2\/posts\/5166\/revisions"}],"wp:attachment":[{"href":"https:\/\/unser-quartier.de\/haus-herbstzeitlos-siegen\/wp-json\/wp\/v2\/media?parent=5166"}],"wp:term":[{"taxonomy":"category","embeddable":true,"href":"https:\/\/unser-quartier.de\/haus-herbstzeitlos-siegen\/wp-json\/wp\/v2\/categories?post=5166"},{"taxonomy":"post_tag","embeddable":true,"href":"https:\/\/unser-quartier.de\/haus-herbstzeitlos-siegen\/wp-json\/wp\/v2\/tags?post=5166"}],"curies":[{"name":"wp","href":"https:\/\/api.w.org\/{rel}","templated":true}]}}