{"id":7541,"date":"2019-01-04T13:19:00","date_gmt":"2019-01-04T12:19:00","guid":{"rendered":"https:\/\/unser-quartier.de\/haus-herbstzeitlos-siegen\/?p=7541"},"modified":"2019-01-04T13:23:54","modified_gmt":"2019-01-04T12:23:54","slug":"senecf-ab-montag-wieder-geffnet","status":"publish","type":"post","link":"https:\/\/unser-quartier.de\/haus-herbstzeitlos-siegen\/2019\/01\/04\/senecf-ab-montag-wieder-geffnet\/","title":{"rendered":"Haus Herbstzeitlos ab Montag wieder ge&ouml;ffnet!"},"content":{"rendered":"<p>Liebe Besucher und Freunde des Haus Herbstzeitlos!<\/p>\n<p>Ab <strong>Montag, dem 07. Januar 2019<\/strong> ist das Haus wieder<br \/>f\u00fcr alle Gruppen ge\u00f6ffnet! <\/p>\n<p>Wir freuen uns \u00fcber einen regen Besuch und w\u00fcnschen <br \/>Euch einen guten und gesunden Start ins neue Jahr!<\/p>\n","protected":false},"excerpt":{"rendered":"<p>Liebe Besucher und Freunde des Haus Herbstzeitlos! Ab Montag, dem 07. Januar 2019 ist das Haus wiederf\u00fcr alle Gruppen ge\u00f6ffnet! Wir freuen uns \u00fcber einen regen Besuch und w\u00fcnschen Euch einen guten und gesunden Start ins neue Jahr!<\/p>\n","protected":false},"author":66,"featured_media":0,"comment_status":"open","ping_status":"closed","sticky":false,"template":"","format":"standard","meta":{"footnotes":""},"categories":[3],"tags":[],"class_list":["post-7541","post","type-post","status-publish","format-standard","hentry","category-info"],"_links":{"self":[{"href":"https:\/\/unser-quartier.de\/haus-herbstzeitlos-siegen\/wp-json\/wp\/v2\/posts\/7541","targetHints":{"allow":["GET"]}}],"collection":[{"href":"https:\/\/unser-quartier.de\/haus-herbstzeitlos-siegen\/wp-json\/wp\/v2\/posts"}],"about":[{"href":"https:\/\/unser-quartier.de\/haus-herbstzeitlos-siegen\/wp-json\/wp\/v2\/types\/post"}],"author":[{"embeddable":true,"href":"https:\/\/unser-quartier.de\/haus-herbstzeitlos-siegen\/wp-json\/wp\/v2\/users\/66"}],"replies":[{"embeddable":true,"href":"https:\/\/unser-quartier.de\/haus-herbstzeitlos-siegen\/wp-json\/wp\/v2\/comments?post=7541"}],"version-history":[{"count":0,"href":"https:\/\/unser-quartier.de\/haus-herbstzeitlos-siegen\/wp-json\/wp\/v2\/posts\/7541\/revisions"}],"wp:attachment":[{"href":"https:\/\/unser-quartier.de\/haus-herbstzeitlos-siegen\/wp-json\/wp\/v2\/media?parent=7541"}],"wp:term":[{"taxonomy":"category","embeddable":true,"href":"https:\/\/unser-quartier.de\/haus-herbstzeitlos-siegen\/wp-json\/wp\/v2\/categories?post=7541"},{"taxonomy":"post_tag","embeddable":true,"href":"https:\/\/unser-quartier.de\/haus-herbstzeitlos-siegen\/wp-json\/wp\/v2\/tags?post=7541"}],"curies":[{"name":"wp","href":"https:\/\/api.w.org\/{rel}","templated":true}]}}