{"id":7556,"date":"2019-03-12T14:00:00","date_gmt":"2019-03-12T13:00:00","guid":{"rendered":"https:\/\/unser-quartier.de\/haus-herbstzeitlos-siegen\/?p=7556"},"modified":"2019-03-12T14:35:37","modified_gmt":"2019-03-12T13:35:37","slug":"erffnung-digital-kompass-standort-senecf-in-siegen","status":"publish","type":"post","link":"https:\/\/unser-quartier.de\/haus-herbstzeitlos-siegen\/2019\/03\/12\/erffnung-digital-kompass-standort-senecf-in-siegen\/","title":{"rendered":"Er&ouml;ffnung Digital-Kompass-Standort Senec@f&eacute; in Siegen"},"content":{"rendered":"<p><a href=\"https:\/\/unser-quartier.de\/haus-herbstzeitlos-siegen\/files\/2019\/03\/image.jpg\"><img loading=\"lazy\" decoding=\"async\" style=\"background-image: none; padding-top: 0px; padding-left: 0px; padding-right: 0px; border-width: 0px;\" title=\"image\" src=\"https:\/\/unser-quartier.de\/haus-herbstzeitlos-siegen\/files\/2019\/03\/image_thumb.jpg\" alt=\"image\" width=\"363\" height=\"223\" border=\"0\" \/><\/a><\/p>\n<p>Pressemeldung:<\/p>\n<p>&nbsp;<\/p>\n<p><b>Einladung zur Er\u00f6ffnung des Digital-Kompass Standorts im Senec@f\u00e9 Treffpunkt Neue Medien f\u00fcr Senioren im Haus Herbstzeitlos, Siegen, Marienborner Str. 151 Fragen rund ums Internet und Co.<\/b><\/p>\n<p>01.04.2019, [Siegen], Berlin: Das Senec@f\u00e9 Treffpunkt Neue Medien f\u00fcr Senioren im Haus Herbstzeitlos in Siegen. Es ist ab sofort als Standort des bundesweiten Projekts Digital-Kompass aktiv und unterst\u00fctzt \u00e4ltere Menschen auf ihrem Weg ins Internet und in die digitale Welt.<\/p>\n<p><strong>Termin: 01. April 2019, 11-13 Uhr<br \/>\nim Haus Herbstzeitlos<\/strong><\/p>\n<p>Laut des Digitalindex 2018\/2019 nimmt die mobile Internetnutzung \u00fcber Smartphone und Tablet besonders bei Senioren zu. 79 Prozent der 60- bis 69-J\u00e4hrigen und 45 Prozent der \u00fcber 70-J\u00e4hrigen sind inzwischen online.<\/p>\n<p>Wir m\u00f6chten die Senioren nicht nur beim Einstieg in die Welt der digitalen Medien unterst\u00fctzen, sondern sie auch bei den Anwendungen begleiten.<br \/>\nZiel ist es, das eigene Leben so lange wie m\u00f6glich selbstbestimmt leben zu k\u00f6nnen. Dazu geh\u00f6rt das Erlernen des Umgangs mit PC, Tablet und Smartphone, sowie Videotelefonie mit den Enkelkindern, Reisen bequem von zu Hause buchen und online einkaufen. Fotografieren und das Tauschen von Fotos mit Freunden und Familie und wie verhalte ich mich sicher im Internet, sind ebenfalls wichtige Themen\u201c, beschreibt Antonie Dell, Leiterin des Senec@f\u00e9 in Siegen, die Aufgaben des Internetcafes in Siegen.<\/p>\n<p>Das Projekt Digital-Kompass arbeitet seit dem Jahr 2015 daran, \u00e4ltere Menschen Wissen zu vermitteln, um sie zu bef\u00e4higen, mit Internet und digitalen Diensten sicher umzugehen. Dazu werden Engagierte, die bereits gute Erfahrungen im t\u00e4glichen Umgang mit Ger\u00e4ten und Internet gemacht haben, darin geschult, ihr Wissen an \u00e4ltere Menschen weiterzugeben.<br \/>\n<b>Das Senec@f\u00e9 Siegen<\/b> ( Arbeitsgruppe des Vereins ALTERAktiv Siegen-Wittgenstein e.V.) besteht schon seit 15 Jahren und ist einer der ersten <b>neuen Digital-Kompass Standorte f\u00fcr \u00e4ltere Menschen,<\/b> die sich vor Ort zu allen Fragen rund um die Themen Internet, Sicherheit und digitalen Diensten beraten lassen m\u00f6chten. In den n\u00e4chsten Jahren sind insgesamt 75 dieser lokalen Anlaufstellen in Deutschland geplant. Die Digital-Kompass Standorte sind aber auch Anlaufstelle f\u00fcr andere Internetlotsen, die sich weiterbilden oder in das Projekt einbringen m\u00f6chten.<\/p>\n<p>Der Digital-Kompass ist ein gemeinsames Projekt der <b>BAGSO<\/b> &#8211; <b>B<\/b>undes<b>a<\/b>rbeitsgemeinschaft der <b>S<\/b>enioren-<b>O<\/b>rganisationen, <b>DSiN<\/b> &#8211; <b>D<\/b>eutschland <b>s<\/b>icher <b>i<\/b>m Netz e.V. sowie der <b>Verbraucher Initiative<\/b> und wird durch das Bundesministerium der Justiz und f\u00fcr Verbraucherschutz gef\u00f6rdert.<\/p>\n<p>Weitere Informationen finden Sie unter<br \/>\n<a href=\"http:\/\/www.digital-kompass.de\">www.digital-kompass.de<\/a><\/p>\n<p><b>Kontakt:<\/b><\/p>\n<p>Antonie Dell, Senec@f\u00e9 Siegen,<br \/>\nKoordinatorin Digital-Kompass vor Ort<br \/>\nVerein ALTERAktiv Siegen-Wittgenstein e.V. als Tr\u00e4ger<\/p>\n<p>Telefonnummer 0271-2503239 zu den \u00d6ffnungszeiten\/ oder 02739-2230<\/p>\n<p>E-Mail <a>senecafe@senioren-siegen.de<\/a><br \/>\nInternet: <a href=\"https:\/\/alteraktiv-siegen.de\">https:\/\/alteraktiv-siegen.de<\/a><\/p>\n<p>Adresse; 57074 Siegen, Marienborner Str. 151,<br \/>\nHaus Herbstzeitlos<\/p>\n<p>Sprechstunde\/\u00d6ffnungszeiten]<\/p>\n<p>Montags\u00a0\u00a0 14-18 h<br \/>\nDienstags 09-12 h<br \/>\nMittwochs 09-12 h und 14-18 h<\/p>\n","protected":false},"excerpt":{"rendered":"<p>Pressemeldung: &nbsp; Einladung zur Er\u00f6ffnung des Digital-Kompass Standorts im Senec@f\u00e9 Treffpunkt Neue Medien f\u00fcr Senioren im Haus Herbstzeitlos, Siegen, Marienborner Str. 151 Fragen rund ums Internet und Co. 01.04.2019, [Siegen], Berlin: Das Senec@f\u00e9 Treffpunkt Neue Medien f\u00fcr Senioren im Haus &hellip; <a href=\"https:\/\/unser-quartier.de\/haus-herbstzeitlos-siegen\/2019\/03\/12\/erffnung-digital-kompass-standort-senecf-in-siegen\/\">Weiterlesen <span class=\"meta-nav\">&rarr;<\/span><\/a><\/p>\n","protected":false},"author":66,"featured_media":0,"comment_status":"open","ping_status":"closed","sticky":false,"template":"","format":"standard","meta":{"footnotes":""},"categories":[3,4],"tags":[],"class_list":["post-7556","post","type-post","status-publish","format-standard","hentry","category-info","category-veranstaltungen"],"_links":{"self":[{"href":"https:\/\/unser-quartier.de\/haus-herbstzeitlos-siegen\/wp-json\/wp\/v2\/posts\/7556","targetHints":{"allow":["GET"]}}],"collection":[{"href":"https:\/\/unser-quartier.de\/haus-herbstzeitlos-siegen\/wp-json\/wp\/v2\/posts"}],"about":[{"href":"https:\/\/unser-quartier.de\/haus-herbstzeitlos-siegen\/wp-json\/wp\/v2\/types\/post"}],"author":[{"embeddable":true,"href":"https:\/\/unser-quartier.de\/haus-herbstzeitlos-siegen\/wp-json\/wp\/v2\/users\/66"}],"replies":[{"embeddable":true,"href":"https:\/\/unser-quartier.de\/haus-herbstzeitlos-siegen\/wp-json\/wp\/v2\/comments?post=7556"}],"version-history":[{"count":0,"href":"https:\/\/unser-quartier.de\/haus-herbstzeitlos-siegen\/wp-json\/wp\/v2\/posts\/7556\/revisions"}],"wp:attachment":[{"href":"https:\/\/unser-quartier.de\/haus-herbstzeitlos-siegen\/wp-json\/wp\/v2\/media?parent=7556"}],"wp:term":[{"taxonomy":"category","embeddable":true,"href":"https:\/\/unser-quartier.de\/haus-herbstzeitlos-siegen\/wp-json\/wp\/v2\/categories?post=7556"},{"taxonomy":"post_tag","embeddable":true,"href":"https:\/\/unser-quartier.de\/haus-herbstzeitlos-siegen\/wp-json\/wp\/v2\/tags?post=7556"}],"curies":[{"name":"wp","href":"https:\/\/api.w.org\/{rel}","templated":true}]}}