{"id":7632,"date":"2019-04-03T14:30:00","date_gmt":"2019-04-03T12:30:00","guid":{"rendered":"https:\/\/unser-quartier.de\/haus-herbstzeitlos-siegen\/?p=7632"},"modified":"2019-04-03T16:12:51","modified_gmt":"2019-04-03T14:12:51","slug":"senecf-in-siegen-wird-digital-kompass-vor-ort","status":"publish","type":"post","link":"https:\/\/unser-quartier.de\/haus-herbstzeitlos-siegen\/2019\/04\/03\/senecf-in-siegen-wird-digital-kompass-vor-ort\/","title":{"rendered":"Senec@f&eacute; in Siegen wird Digital Kompass vor Ort!"},"content":{"rendered":"<p><a href=\"https:\/\/unser-quartier.de\/haus-herbstzeitlos-siegen\/files\/2019\/04\/Logo-Digitalkompass.jpg\"><img loading=\"lazy\" decoding=\"async\" title=\"Logo Digitalkompass\" style=\"border-left-width: 0px;border-right-width: 0px;background-image: none;border-bottom-width: 0px;padding-top: 0px;padding-left: 0px;padding-right: 0px;border-top-width: 0px\" border=\"0\" alt=\"Logo Digitalkompass\" src=\"https:\/\/unser-quartier.de\/haus-herbstzeitlos-siegen\/files\/2019\/04\/Logo-Digitalkompass_thumb.jpg\" width=\"316\" height=\"190\"><\/a><\/p>\n<p>Das ist die Kr\u00f6nung der ehrenamtlichen Arbeit der Mitarbeiter des Siegener Senec@f\u00e9s: Die BAGSO (Bundesarbeitgemeinschaft der Seniorenorganisationen) in Kooperation mit der Initiative des Bundesministeriums der Justiz und f\u00fcr Verbraucherschutz und \u201eDeutschland sicher im Netz\u201c richtet in der ganzen Bundesrepublik insgesamt 75 solcher Standorte ein und hat das Senec@f\u00e9 des Vereins ALTERAktiv Siegen-Wittgenstein e.V. als einen der ersten zw\u00f6lf Standorte auserw\u00e4hlt.<\/p>\n<p>Das Grundanliegen dieses Projektes ist, Senioren in der wachsenden Digitalisierung unserer Welt mehr Orientierung, Informationen und Hilfe anzubieten, somit Teilhabe an der modernen Gesellschaft zu erm\u00f6glichen und der Vereinsamung vorzubeugen. Die ehrenamtlichen Mitarbeiter der St\u00fctzpunkte und \u00e4hnlicher Projekte sollen in ihrer Arbeit unterst\u00fctzt werden und so individuell ihr Wissen zu vertiefen.<\/p>\n<p>Neben den anwesenden Mitarbeitern und G\u00e4sten des Senec@f\u00e9s begr\u00fc\u00dfte Antonie Dell die f\u00fcr das Projekt verantwortliche Vertreterin der BAGSO, Katharina Braun, die im sp\u00e4teren Verlauf der Veranstaltung den Anwesenden das Projekt und seine Bedeutung f\u00fcr den Standort Siegen erl\u00e4utert. <\/p>\n<p><a href=\"https:\/\/unser-quartier.de\/haus-herbstzeitlos-siegen\/files\/2019\/04\/MT9A0606.jpg\"><img loading=\"lazy\" decoding=\"async\" title=\"MT9A0606\" style=\"border-left-width: 0px;border-right-width: 0px;background-image: none;border-bottom-width: 0px;padding-top: 0px;padding-left: 0px;padding-right: 0px;border-top-width: 0px\" border=\"0\" alt=\"MT9A0606\" src=\"https:\/\/unser-quartier.de\/haus-herbstzeitlos-siegen\/files\/2019\/04\/MT9A0606_thumb.jpg\" width=\"404\" height=\"287\"><\/a> <br \/>Frau Prof. Dr. Lehr, Frau Braun BAGSO, <br \/>Frau B\u00f6cking, 2. stellv. B\u00fcrgermeisterin, <br \/>Frau Prof. Dr. M\u00fcller, Uni Siegen<\/p>\n<p>Foto BAGSO\/Ronny J\u00e4ger<\/p>\n<p><!--more--><\/p>\n<p>Die stellvertretende B\u00fcrgermeisterin der Stadt Siegen, Verena B\u00f6cking wies in ihrer Begr\u00fc\u00dfung darauf hin, wie wichtig der Stadt Siegen am Beispiel des Veranstaltungsortes Haus Herbstzeitlos die F\u00f6rderung der Seniorenarbeit ist. Hier finden viele unterschiedliche Aktionsgruppen ihren Platz, u.a. auch das Senec@f\u00e9, ein Internetcaf\u00e9 des Vereins ALTERAktiv Siegen-Wittgenstein e.V., speziell f\u00fcr Senioren, sowie die Redaktion der Seniorenzeitschrift \u201edurchblick\u201c, mit 24.000 Exemplaren viertelj\u00e4hrlich die auflagenst\u00e4rkste Zeitschrift im Siegerland, die ehrenamtlichen \u201eHeinzelwerker\u201c u.v.m.<\/p>\n<p><a href=\"https:\/\/unser-quartier.de\/haus-herbstzeitlos-siegen\/files\/2019\/04\/MT9A0652.jpg\"><img loading=\"lazy\" decoding=\"async\" title=\"MT9A0652\" style=\"border-left-width: 0px;border-right-width: 0px;background-image: none;border-bottom-width: 0px;padding-top: 0px;padding-left: 0px;padding-right: 0px;border-top-width: 0px\" border=\"0\" alt=\"MT9A0652\" src=\"https:\/\/unser-quartier.de\/haus-herbstzeitlos-siegen\/files\/2019\/04\/MT9A0652_thumb.jpg\" width=\"401\" height=\"285\"><\/a> <br \/>Prof. Claudia M\u00fcller, Prof. Dr. Lehr, Frau Braun BAGSO <br \/>Foto: BAGSO, Ronny J\u00e4ger<\/p>\n<p>Prof. Dr. Claudia M\u00fcller von der Fakult\u00e4t Wirtschaftsinformatik der UNI Siegen, verantwortlich in der Forschung Angewandte Informatik im Bereich Medienwissenschaft, betonte bei ihrer Begr\u00fc\u00dfung, wie wichtig der UNI Siegen die langj\u00e4hrige Zusammenarbeit mit dem Senec@f\u00e9 und Mitgliedern des Vereins ALTERAktiv f\u00fcr ihre Arbeit &#8211; was die Entwicklung und die praktische Umsetzung und Nutzbarkeit der von ihrer Fakult\u00e4t entwickelten digitalen Projekte betrifft &#8211; an der Hochschule ist.<\/p>\n<p>Als besonderen Ehrengast konnte Antonie Dell Prof. Dr. Ursula Lehr begr\u00fc\u00dfen, die Grand Dame der Wissenschaft des Alterns, <a href=\"https:\/\/unser-quartier.de\/haus-herbstzeitlos-siegen\/files\/2019\/04\/MT9A0589.jpg\"><img loading=\"lazy\" decoding=\"async\" title=\"MT9A0589\" style=\"border-left-width: 0px;border-right-width: 0px;background-image: none;border-bottom-width: 0px;float: left;padding-top: 0px;padding-left: 0px;margin: 0px 10px 3px 0px;padding-right: 0px;border-top-width: 0px\" border=\"0\" alt=\"MT9A0589\" src=\"https:\/\/unser-quartier.de\/haus-herbstzeitlos-siegen\/files\/2019\/04\/MT9A0589_thumb.jpg\" width=\"176\" align=\"left\" height=\"272\"><\/a>(Bundesministerin f\u00fcr Familie und Jugend a.D., Dozentin am Institut f\u00fcr Gerontologie der Universit\u00e4t Heidelberg, Ehren-Vorsitzende der BAGSO) bekannt durch ihre Lehrt\u00e4tigkeit an der Universit\u00e4t Heidelberg, die auch als jahrelange Vorsitzende der BAGSO die Seniorenarbeit durch ihre Ideen bef\u00f6rdert hat und weiterhin aktiv begleitet. Sie wies auf die enormen Fortschritte der Entwicklung im digitalen Bereich hin, indem sie an die Schwierigkeiten erinnerte, die ihr noch bereitet wurden, als sie zu Beginn ihrer T\u00e4tigkeit an der UNI Heidelberg f\u00fcr ihre Mitarbeiter die Schreibmaschinen durch PCs ersetzen wollte. <\/p>\n<p>Prof. Dr. Ursula Lehrs Ratschlag zum positiven Altern: \u201eWie wir \u00c4lter werden, haben wir selbst in der Hand. Es geht darum, nicht nur dem Leben Jahre zu geben, sondern den Jahren Leben zu geben. Das hei\u00dft unter anderem: Nicht auf das schauen, was man nicht mehr kann, sondern auf das schauen, was man noch kann, und es tun! Dazu geh\u00f6rt f\u00fcr sie eindeutig auch die Teilhabe \u00e4lterer Menschen an der digitalen Welt, ohne die sie \u201eabgeh\u00e4ngt\u201c werden und vereinsamen.\u201c<\/p>\n<p>Was bedeutet es nun f\u00fcr das Senec@f\u00e9, Digital Kompass Standort zu sein? Der \u00f6ffentliche Zugang zum Internet sollte ein Grundrecht sein, auch f\u00fcr die \u00e4ltere Generation. Um die Nutzung des Internets und der digitalen Medien zu f\u00f6rdern und zu erleichtern, werden bereits bestehende Lernorte wie das Senec@f\u00e8 von der BAGSO mit diesem Projekt gef\u00f6rdert und unterst\u00fctzt und neue, zus\u00e4tzliche Standorte werden geschaffen. Es wird Material f\u00fcr Schulungen zur Verf\u00fcgung gestellt und Workshops f\u00fcr die ehrenamtlichen Mitarbeiter angeboten, um \u00e4lteren Menschen angemessen die aktive Nutzung des Internets und der digitalen Medien zu erm\u00f6glichen, zum Beispiel das Einkaufen im Internet, Buchen von Fahrkarten oder Reisen, Online-Banking usw.<\/p>\n<p>Wie wichtig das f\u00fcr die Teilhabe \u00e4lterer Menschen in der Zukunft sein wird, machten Mitarbeiter des Senec@f\u00e9s deutlich, die aus ihrer praktischen Arbeit berichteten. Was macht z.B. ein Senior, wenn seine Bank alle Filialen f\u00fcr den Publikumsverkehr schlie\u00dft und er nur noch \u00fcbers Online-Banking seine Verbindlichkeiten begleichen kann? Diese Entwicklung ist absehbar.<\/p>\n<p>Digital Kompass erm\u00f6glicht es den einzelnen Standorten, auch an Fachseminaren, Vortr\u00e4gen und thematischen Diskussionsrunden teilzunehmen, indem eine Interessentengruppe einer solchen Veranstaltung zugeschaltet wird und quasi von zu Hause aus aktiv daran teilnimmt. <\/p>\n<p>Einen kleinen Eindruck dessen, was uns in der digitalen und vernetzten Welt in Zukunft m\u00f6glicherweise erwartet, gab der \u00dcberraschungsgast zum Ende der Veranstaltung:<\/p>\n<p><a href=\"https:\/\/unser-quartier.de\/haus-herbstzeitlos-siegen\/files\/2019\/04\/MT9A0672.jpg\"><img loading=\"lazy\" decoding=\"async\" title=\"MT9A0672\" style=\"border-left-width: 0px;border-right-width: 0px;background-image: none;border-bottom-width: 0px;float: left;padding-top: 0px;padding-left: 0px;margin: 0px 10px 1px 0px;padding-right: 0px;border-top-width: 0px\" border=\"0\" alt=\"MT9A0672\" src=\"https:\/\/unser-quartier.de\/haus-herbstzeitlos-siegen\/files\/2019\/04\/MT9A0672_thumb.jpg\" width=\"180\" align=\"left\" height=\"279\"><\/a>Pepper von der UNI Siegen und seine Programmiererin. Entwickelt f\u00fcr den Einsatz in der Altenhilfe hat der Roboter sehr menschliche Z\u00fcge. Probeweise eingesetzt und betreut wird er zurzeit von einer Gruppe Studierender der UNI Siegen im Sozialen Dienst der Altenhilfe im Marienheim in Siegen-Weidenau. Dort \u201eturnt\u201c und \u201esingt\u201c er mit den Seniorinnen und Senioren, \u201eerr\u00e4t\u201c z.B. ihr Alter, gibt Antworten und hat Spr\u00fcche drauf wie \u201eMir ist langweilig!\u201c und findet \u00fcberwiegend einen sehr positiven Anklang bei den Seniorinnen und Senioren. <\/p>\n<p>Die digitale Entwicklung geht weiter, ein Zur\u00fcck gibt es nicht, und wer nicht abgeh\u00e4ngt werden will, der muss mitgehen. Digital Kompass vor Ort bietet mit dem Senec@f\u00e9 Seniorinnen und Senioren die gro\u00dfe Chance, diesen Anschluss nicht zu verpassen.<\/p>\n<p>Anne Ahlh\u00e4user <br \/>Pressesprecherin ALTERAktiv Siegen-Wittgenstein e.V.<\/p>\n","protected":false},"excerpt":{"rendered":"<p>Das ist die Kr\u00f6nung der ehrenamtlichen Arbeit der Mitarbeiter des Siegener Senec@f\u00e9s: Die BAGSO (Bundesarbeitgemeinschaft der Seniorenorganisationen) in Kooperation mit der Initiative des Bundesministeriums der Justiz und f\u00fcr Verbraucherschutz und \u201eDeutschland sicher im Netz\u201c richtet in der ganzen Bundesrepublik insgesamt &hellip; <a href=\"https:\/\/unser-quartier.de\/haus-herbstzeitlos-siegen\/2019\/04\/03\/senecf-in-siegen-wird-digital-kompass-vor-ort\/\">Weiterlesen <span class=\"meta-nav\">&rarr;<\/span><\/a><\/p>\n","protected":false},"author":66,"featured_media":0,"comment_status":"open","ping_status":"open","sticky":false,"template":"","format":"standard","meta":{"footnotes":""},"categories":[3,4],"tags":[],"class_list":["post-7632","post","type-post","status-publish","format-standard","hentry","category-info","category-veranstaltungen"],"_links":{"self":[{"href":"https:\/\/unser-quartier.de\/haus-herbstzeitlos-siegen\/wp-json\/wp\/v2\/posts\/7632","targetHints":{"allow":["GET"]}}],"collection":[{"href":"https:\/\/unser-quartier.de\/haus-herbstzeitlos-siegen\/wp-json\/wp\/v2\/posts"}],"about":[{"href":"https:\/\/unser-quartier.de\/haus-herbstzeitlos-siegen\/wp-json\/wp\/v2\/types\/post"}],"author":[{"embeddable":true,"href":"https:\/\/unser-quartier.de\/haus-herbstzeitlos-siegen\/wp-json\/wp\/v2\/users\/66"}],"replies":[{"embeddable":true,"href":"https:\/\/unser-quartier.de\/haus-herbstzeitlos-siegen\/wp-json\/wp\/v2\/comments?post=7632"}],"version-history":[{"count":0,"href":"https:\/\/unser-quartier.de\/haus-herbstzeitlos-siegen\/wp-json\/wp\/v2\/posts\/7632\/revisions"}],"wp:attachment":[{"href":"https:\/\/unser-quartier.de\/haus-herbstzeitlos-siegen\/wp-json\/wp\/v2\/media?parent=7632"}],"wp:term":[{"taxonomy":"category","embeddable":true,"href":"https:\/\/unser-quartier.de\/haus-herbstzeitlos-siegen\/wp-json\/wp\/v2\/categories?post=7632"},{"taxonomy":"post_tag","embeddable":true,"href":"https:\/\/unser-quartier.de\/haus-herbstzeitlos-siegen\/wp-json\/wp\/v2\/tags?post=7632"}],"curies":[{"name":"wp","href":"https:\/\/api.w.org\/{rel}","templated":true}]}}