{"id":9248,"date":"2020-03-13T21:09:00","date_gmt":"2020-03-13T20:09:00","guid":{"rendered":"https:\/\/unser-quartier.de\/haus-herbstzeitlos-siegen\/?p=9248"},"modified":"2020-03-13T21:17:31","modified_gmt":"2020-03-13T20:17:31","slug":"senecf-schliet-bis-auf-weiteres","status":"publish","type":"post","link":"https:\/\/unser-quartier.de\/haus-herbstzeitlos-siegen\/2020\/03\/13\/senecf-schliet-bis-auf-weiteres\/","title":{"rendered":"Senec@f&eacute; schlie&szlig;t bis auf weiteres!!"},"content":{"rendered":"<p>Liebe Besucher des Senec@f\u00e9s!<\/p>\n<p>In Siegen haben inzwischen die meisten \u00f6ffentlichen Einrichtungen als Vorsichtsma\u00dfnahme und zum Schutz gegen das CORONA-VIRUS geschlossen.<\/p>\n<p>Um unsere gr\u00f6\u00dftenteils \u00e4lteren Besucher und auch unsere Mitarbeiter keiner Gefahr auszusetzen, sich zu infizieren, werden wir das Senec@f\u00e9 bis auf weiteres&nbsp; schlie\u00dfen.<\/p>\n<p>Ab Dienstag n\u00e4chster Woche setzen wir den Betrieb aus und melden uns zur\u00fcck, wenn wieder normale <br \/>\u00d6ffnungszeiten \u2013 wie gewohnt \u2013 m\u00f6glich sind.<\/p>\n<p>Wir bitten um Ihr Verst\u00e4ndnis!<\/p>\n<p>Das <a href=\"mailto:Senec@f&eacute;-Team\">Senec@f\u00e9-Team<\/a><\/p>\n","protected":false},"excerpt":{"rendered":"<p>Liebe Besucher des Senec@f\u00e9s! In Siegen haben inzwischen die meisten \u00f6ffentlichen Einrichtungen als Vorsichtsma\u00dfnahme und zum Schutz gegen das CORONA-VIRUS geschlossen. Um unsere gr\u00f6\u00dftenteils \u00e4lteren Besucher und auch unsere Mitarbeiter keiner Gefahr auszusetzen, sich zu infizieren, werden wir das Senec@f\u00e9 &hellip; <a href=\"https:\/\/unser-quartier.de\/haus-herbstzeitlos-siegen\/2020\/03\/13\/senecf-schliet-bis-auf-weiteres\/\">Weiterlesen <span class=\"meta-nav\">&rarr;<\/span><\/a><\/p>\n","protected":false},"author":66,"featured_media":0,"comment_status":"open","ping_status":"open","sticky":false,"template":"","format":"standard","meta":{"footnotes":""},"categories":[1],"tags":[],"class_list":["post-9248","post","type-post","status-publish","format-standard","hentry","category-allgemein"],"_links":{"self":[{"href":"https:\/\/unser-quartier.de\/haus-herbstzeitlos-siegen\/wp-json\/wp\/v2\/posts\/9248","targetHints":{"allow":["GET"]}}],"collection":[{"href":"https:\/\/unser-quartier.de\/haus-herbstzeitlos-siegen\/wp-json\/wp\/v2\/posts"}],"about":[{"href":"https:\/\/unser-quartier.de\/haus-herbstzeitlos-siegen\/wp-json\/wp\/v2\/types\/post"}],"author":[{"embeddable":true,"href":"https:\/\/unser-quartier.de\/haus-herbstzeitlos-siegen\/wp-json\/wp\/v2\/users\/66"}],"replies":[{"embeddable":true,"href":"https:\/\/unser-quartier.de\/haus-herbstzeitlos-siegen\/wp-json\/wp\/v2\/comments?post=9248"}],"version-history":[{"count":0,"href":"https:\/\/unser-quartier.de\/haus-herbstzeitlos-siegen\/wp-json\/wp\/v2\/posts\/9248\/revisions"}],"wp:attachment":[{"href":"https:\/\/unser-quartier.de\/haus-herbstzeitlos-siegen\/wp-json\/wp\/v2\/media?parent=9248"}],"wp:term":[{"taxonomy":"category","embeddable":true,"href":"https:\/\/unser-quartier.de\/haus-herbstzeitlos-siegen\/wp-json\/wp\/v2\/categories?post=9248"},{"taxonomy":"post_tag","embeddable":true,"href":"https:\/\/unser-quartier.de\/haus-herbstzeitlos-siegen\/wp-json\/wp\/v2\/tags?post=9248"}],"curies":[{"name":"wp","href":"https:\/\/api.w.org\/{rel}","templated":true}]}}