{"id":5644,"date":"2020-02-11T12:52:19","date_gmt":"2020-02-11T11:52:19","guid":{"rendered":"http:\/\/unser-quartier.de\/kali50plus\/?p=5644"},"modified":"2020-12-15T15:10:24","modified_gmt":"2020-12-15T14:10:24","slug":"aktiv-im-bezirk","status":"publish","type":"post","link":"https:\/\/unser-quartier.de\/kali50plus\/aktiv-im-bezirk\/","title":{"rendered":"Aktiv im Bezirk"},"content":{"rendered":"<h3><a href=\"https:\/\/www.kamp-lintfort.de\/de\/pressemitteilungen\/eintauchen-in-die-geschichte-des-geisbruch\/\" target=\"_blank\" rel=\"noopener noreferrer follow external\" data-wpel-link=\"external\" class=\"ext-link wpel-icon-right\">Eintauchen in die Geschichte des Geisbruch<span class=\"wpel-icon wpel-image wpel-icon-8\"><\/span><\/a><\/h3>\n<p>Pressemitteilung der Stadt Kamp-Lintfort vom 10.02.2020 <a href=\"https:\/\/i0.wp.com\/unser-quartier.de\/kali50plus\/files\/2019\/06\/Zeitungsberixht_RP-28.06.19.jpg?ssl=1\" class=\"mtli_attachment mtli_jpg ext-link\" target=\"_blank\" rel=\"noopener noreferrer follow external\" data-wpel-link=\"external\"><img data-recalc-dims=\"1\" loading=\"lazy\" decoding=\"async\" data-attachment-id=\"27705\" data-permalink=\"https:\/\/unser-quartier.de\/kali50plus\/aktiv-im-bezirk\/zeitungsberixht_rp-28-06-19\/\" data-orig-file=\"https:\/\/i0.wp.com\/unser-quartier.de\/kali50plus\/files\/2019\/06\/Zeitungsberixht_RP-28.06.19.jpg?fit=1023%2C2048&amp;ssl=1\" data-orig-size=\"1023,2048\" data-comments-opened=\"0\" data-image-meta=\"{&quot;aperture&quot;:&quot;0&quot;,&quot;credit&quot;:&quot;&quot;,&quot;camera&quot;:&quot;&quot;,&quot;caption&quot;:&quot;&quot;,&quot;created_timestamp&quot;:&quot;0&quot;,&quot;copyright&quot;:&quot;&quot;,&quot;focal_length&quot;:&quot;0&quot;,&quot;iso&quot;:&quot;0&quot;,&quot;shutter_speed&quot;:&quot;0&quot;,&quot;title&quot;:&quot;&quot;,&quot;orientation&quot;:&quot;0&quot;}\" data-image-title=\"Zeitungsberixht_RP-28.06.19\" data-image-description=\"\" data-image-caption=\"\" data-medium-file=\"https:\/\/i0.wp.com\/unser-quartier.de\/kali50plus\/files\/2019\/06\/Zeitungsberixht_RP-28.06.19.jpg?fit=150%2C300&amp;ssl=1\" data-large-file=\"https:\/\/i0.wp.com\/unser-quartier.de\/kali50plus\/files\/2019\/06\/Zeitungsberixht_RP-28.06.19.jpg?fit=474%2C948&amp;ssl=1\" class=\"aligncenter wp-image-27705 size-large\" src=\"https:\/\/i0.wp.com\/unser-quartier.de\/kali50plus\/files\/2019\/06\/Zeitungsberixht_RP-28.06.19.jpg?resize=474%2C948&#038;ssl=1\" alt=\"Zeitungsartikel Guter Start f\u00fcr die Engagementb\u00f6rse - RP 28.06.2019\" width=\"474\" height=\"948\" srcset=\"https:\/\/i0.wp.com\/unser-quartier.de\/kali50plus\/files\/2019\/06\/Zeitungsberixht_RP-28.06.19.jpg?resize=512%2C1024&amp;ssl=1 512w, https:\/\/i0.wp.com\/unser-quartier.de\/kali50plus\/files\/2019\/06\/Zeitungsberixht_RP-28.06.19.jpg?resize=75%2C150&amp;ssl=1 75w, https:\/\/i0.wp.com\/unser-quartier.de\/kali50plus\/files\/2019\/06\/Zeitungsberixht_RP-28.06.19.jpg?resize=150%2C300&amp;ssl=1 150w, https:\/\/i0.wp.com\/unser-quartier.de\/kali50plus\/files\/2019\/06\/Zeitungsberixht_RP-28.06.19.jpg?resize=768%2C1538&amp;ssl=1 768w, https:\/\/i0.wp.com\/unser-quartier.de\/kali50plus\/files\/2019\/06\/Zeitungsberixht_RP-28.06.19.jpg?w=1023&amp;ssl=1 1023w, https:\/\/i0.wp.com\/unser-quartier.de\/kali50plus\/files\/2019\/06\/Zeitungsberixht_RP-28.06.19.jpg?w=948&amp;ssl=1 948w\" sizes=\"auto, (max-width: 474px) 100vw, 474px\" \/><\/a> Siehe auch:<\/p>\n<h3>Engagementb\u00f6rse war ein voller Erfolg<\/h3>\n<p><strong><a href=\"https:\/\/www.kamp-lintfort.de\/de\/pressemitteilungen\/engagementboerse-war-ein-voller-erfolg\/\" target=\"_blank\" rel=\"noopener noreferrer follow external\" data-wpel-link=\"external\" class=\"ext-link wpel-icon-right\">Mitteilung der Stadt Kamp-Lintfort<span class=\"wpel-icon wpel-image wpel-icon-8\"><\/span><\/a><\/strong><\/p>\n<h4>KALI AKTIV veranstaltet Engagementb\u00f6rse<\/h4>\n<p>Quelle: Stadt-Anzeiger 12.06.2019 <a href=\"https:\/\/i0.wp.com\/unser-quartier.de\/kali50plus\/files\/2019\/06\/Engagementb%C3%B6rse.jpg?ssl=1\" class=\"mtli_attachment mtli_jpg ext-link\" data-wpel-link=\"external\" target=\"_blank\" rel=\"follow external noopener noreferrer\"><img data-recalc-dims=\"1\" loading=\"lazy\" decoding=\"async\" data-attachment-id=\"27404\" data-permalink=\"https:\/\/unser-quartier.de\/kali50plus\/aktiv-im-bezirk\/engagementboerse\/\" data-orig-file=\"https:\/\/i0.wp.com\/unser-quartier.de\/kali50plus\/files\/2019\/06\/Engagementb%C3%B6rse.jpg?fit=1375%2C1686&amp;ssl=1\" data-orig-size=\"1375,1686\" data-comments-opened=\"0\" data-image-meta=\"{&quot;aperture&quot;:&quot;0&quot;,&quot;credit&quot;:&quot;&quot;,&quot;camera&quot;:&quot;MFC-J5910DW&quot;,&quot;caption&quot;:&quot;&quot;,&quot;created_timestamp&quot;:&quot;1560360642&quot;,&quot;copyright&quot;:&quot;&quot;,&quot;focal_length&quot;:&quot;0&quot;,&quot;iso&quot;:&quot;0&quot;,&quot;shutter_speed&quot;:&quot;0&quot;,&quot;title&quot;:&quot;&quot;,&quot;orientation&quot;:&quot;1&quot;}\" data-image-title=\"Engagementb\u00f6rse\" data-image-description=\"\" data-image-caption=\"\" data-medium-file=\"https:\/\/i0.wp.com\/unser-quartier.de\/kali50plus\/files\/2019\/06\/Engagementb%C3%B6rse.jpg?fit=245%2C300&amp;ssl=1\" data-large-file=\"https:\/\/i0.wp.com\/unser-quartier.de\/kali50plus\/files\/2019\/06\/Engagementb%C3%B6rse.jpg?fit=474%2C581&amp;ssl=1\" class=\"aligncenter wp-image-27404 size-large\" src=\"https:\/\/i0.wp.com\/unser-quartier.de\/kali50plus\/files\/2019\/06\/Engagementb%C3%B6rse.jpg?resize=474%2C581&#038;ssl=1\" alt=\"KaLi 50plus nimmt an der KAL AKTIV Engagementb\u00f6rse teil\" width=\"474\" height=\"581\" srcset=\"https:\/\/i0.wp.com\/unser-quartier.de\/kali50plus\/files\/2019\/06\/Engagementb%C3%B6rse.jpg?resize=835%2C1024&amp;ssl=1 835w, https:\/\/i0.wp.com\/unser-quartier.de\/kali50plus\/files\/2019\/06\/Engagementb%C3%B6rse.jpg?resize=122%2C150&amp;ssl=1 122w, https:\/\/i0.wp.com\/unser-quartier.de\/kali50plus\/files\/2019\/06\/Engagementb%C3%B6rse.jpg?resize=245%2C300&amp;ssl=1 245w, https:\/\/i0.wp.com\/unser-quartier.de\/kali50plus\/files\/2019\/06\/Engagementb%C3%B6rse.jpg?resize=768%2C942&amp;ssl=1 768w, https:\/\/i0.wp.com\/unser-quartier.de\/kali50plus\/files\/2019\/06\/Engagementb%C3%B6rse.jpg?w=1375&amp;ssl=1 1375w, https:\/\/i0.wp.com\/unser-quartier.de\/kali50plus\/files\/2019\/06\/Engagementb%C3%B6rse.jpg?w=948&amp;ssl=1 948w\" sizes=\"auto, (max-width: 474px) 100vw, 474px\" \/><\/a><\/p>\n<h6>Mitglieder unseres Geisbruchtreff sind auch anderweitig t\u00e4tig:<\/h6>\n<p>so wie Wilma Heep mit ihrer Fu\u00dfpflege:<a href=\"https:\/\/i0.wp.com\/unser-quartier.de\/kali50plus\/files\/2015\/12\/50-Jahre-Fu%C3%9Fpflege-Heep.jpg?ssl=1\" class=\"mtli_attachment mtli_jpg ext-link\" target=\"_blank\" rel=\"noopener noreferrer follow external\" data-wpel-link=\"external\"><img data-recalc-dims=\"1\" loading=\"lazy\" decoding=\"async\" data-attachment-id=\"27389\" data-permalink=\"https:\/\/unser-quartier.de\/kali50plus\/aktiv-im-bezirk\/50-jahre-fusspflege-heep\/\" data-orig-file=\"https:\/\/i0.wp.com\/unser-quartier.de\/kali50plus\/files\/2015\/12\/50-Jahre-Fu%C3%9Fpflege-Heep.jpg?fit=1486%2C1546&amp;ssl=1\" data-orig-size=\"1486,1546\" data-comments-opened=\"0\" data-image-meta=\"{&quot;aperture&quot;:&quot;0&quot;,&quot;credit&quot;:&quot;&quot;,&quot;camera&quot;:&quot;MFC-J5910DW&quot;,&quot;caption&quot;:&quot;&quot;,&quot;created_timestamp&quot;:&quot;1559754966&quot;,&quot;copyright&quot;:&quot;&quot;,&quot;focal_length&quot;:&quot;0&quot;,&quot;iso&quot;:&quot;0&quot;,&quot;shutter_speed&quot;:&quot;0&quot;,&quot;title&quot;:&quot;&quot;,&quot;orientation&quot;:&quot;1&quot;}\" data-image-title=\"50 Jahre Fu\u00dfpflege Heep\" data-image-description=\"\" data-image-caption=\"\" data-medium-file=\"https:\/\/i0.wp.com\/unser-quartier.de\/kali50plus\/files\/2015\/12\/50-Jahre-Fu%C3%9Fpflege-Heep.jpg?fit=288%2C300&amp;ssl=1\" data-large-file=\"https:\/\/i0.wp.com\/unser-quartier.de\/kali50plus\/files\/2015\/12\/50-Jahre-Fu%C3%9Fpflege-Heep.jpg?fit=474%2C493&amp;ssl=1\" class=\"alignleft wp-image-27389 size-large\" src=\"https:\/\/i0.wp.com\/unser-quartier.de\/kali50plus\/files\/2015\/12\/50-Jahre-Fu%C3%9Fpflege-Heep.jpg?resize=474%2C493&#038;ssl=1\" alt=\"Zeitungsausschnit aus der Familienpost vom 06.06.2019\" width=\"474\" height=\"493\" srcset=\"https:\/\/i0.wp.com\/unser-quartier.de\/kali50plus\/files\/2015\/12\/50-Jahre-Fu%C3%9Fpflege-Heep.jpg?resize=984%2C1024&amp;ssl=1 984w, https:\/\/i0.wp.com\/unser-quartier.de\/kali50plus\/files\/2015\/12\/50-Jahre-Fu%C3%9Fpflege-Heep.jpg?resize=144%2C150&amp;ssl=1 144w, https:\/\/i0.wp.com\/unser-quartier.de\/kali50plus\/files\/2015\/12\/50-Jahre-Fu%C3%9Fpflege-Heep.jpg?resize=288%2C300&amp;ssl=1 288w, https:\/\/i0.wp.com\/unser-quartier.de\/kali50plus\/files\/2015\/12\/50-Jahre-Fu%C3%9Fpflege-Heep.jpg?resize=768%2C799&amp;ssl=1 768w, https:\/\/i0.wp.com\/unser-quartier.de\/kali50plus\/files\/2015\/12\/50-Jahre-Fu%C3%9Fpflege-Heep.jpg?w=1486&amp;ssl=1 1486w, https:\/\/i0.wp.com\/unser-quartier.de\/kali50plus\/files\/2015\/12\/50-Jahre-Fu%C3%9Fpflege-Heep.jpg?w=1422&amp;ssl=1 1422w\" sizes=\"auto, (max-width: 474px) 100vw, 474px\" \/><\/a> so wie hier auf dem Adventsmarkt am Kloster f\u00fcr den &#8222;F\u00f6rderverein Christuskirche&#8220;: <a href=\"https:\/\/i0.wp.com\/unser-quartier.de\/kali50plus\/files\/2015\/12\/Weihn2015.jpg?ssl=1\" class=\"mtli_attachment mtli_jpg ext-link\" target=\"_blank\" rel=\"attachment wp-att-5645 noopener noreferrer follow external\" data-wpel-link=\"external\"><img data-recalc-dims=\"1\" loading=\"lazy\" decoding=\"async\" data-attachment-id=\"5645\" data-permalink=\"https:\/\/unser-quartier.de\/kali50plus\/aktiv-im-bezirk\/weihn2015\/\" data-orig-file=\"https:\/\/i0.wp.com\/unser-quartier.de\/kali50plus\/files\/2015\/12\/Weihn2015.jpg?fit=885%2C1200&amp;ssl=1\" data-orig-size=\"885,1200\" data-comments-opened=\"0\" data-image-meta=\"{&quot;aperture&quot;:&quot;0&quot;,&quot;credit&quot;:&quot;&quot;,&quot;camera&quot;:&quot;&quot;,&quot;caption&quot;:&quot;&quot;,&quot;created_timestamp&quot;:&quot;0&quot;,&quot;copyright&quot;:&quot;&quot;,&quot;focal_length&quot;:&quot;0&quot;,&quot;iso&quot;:&quot;0&quot;,&quot;shutter_speed&quot;:&quot;0&quot;,&quot;title&quot;:&quot;&quot;,&quot;orientation&quot;:&quot;0&quot;}\" data-image-title=\"Weihn2015\" data-image-description=\"\" data-image-caption=\"\" data-medium-file=\"https:\/\/i0.wp.com\/unser-quartier.de\/kali50plus\/files\/2015\/12\/Weihn2015.jpg?fit=221%2C300&amp;ssl=1\" data-large-file=\"https:\/\/i0.wp.com\/unser-quartier.de\/kali50plus\/files\/2015\/12\/Weihn2015.jpg?fit=474%2C643&amp;ssl=1\" class=\"aligncenter wp-image-5645 size-large\" src=\"https:\/\/i0.wp.com\/unser-quartier.de\/kali50plus\/files\/2015\/12\/Weihn2015.jpg?resize=474%2C643&#038;ssl=1\" alt=\"Weihn2015\" width=\"474\" height=\"643\" srcset=\"https:\/\/i0.wp.com\/unser-quartier.de\/kali50plus\/files\/2015\/12\/Weihn2015.jpg?resize=755%2C1024&amp;ssl=1 755w, https:\/\/i0.wp.com\/unser-quartier.de\/kali50plus\/files\/2015\/12\/Weihn2015.jpg?resize=111%2C150&amp;ssl=1 111w, https:\/\/i0.wp.com\/unser-quartier.de\/kali50plus\/files\/2015\/12\/Weihn2015.jpg?resize=221%2C300&amp;ssl=1 221w, https:\/\/i0.wp.com\/unser-quartier.de\/kali50plus\/files\/2015\/12\/Weihn2015.jpg?resize=768%2C1041&amp;ssl=1 768w, https:\/\/i0.wp.com\/unser-quartier.de\/kali50plus\/files\/2015\/12\/Weihn2015.jpg?w=885&amp;ssl=1 885w\" sizes=\"auto, (max-width: 474px) 100vw, 474px\" \/><\/a><\/p>\n<hr \/>\n<p>Juni 2016 <strong>Sch\u00e4dlinge und andere St\u00f6renfriede<\/strong> Mit diesen Worten begann die PC-Fachfrau Ellen Mohr vom Runden Tisch&nbsp;\u201e<u>Ka-Li&nbsp;50plus&nbsp;GEISBRUCH-TREFF<\/u>\u201c einen Informationsreigen f\u00fcr Computerinteressierte. \u00dcber 20 Besucher folgten dem fachlichen Vortrag, der auch Einsteigern die Wichtigkeit des Sauberhaltens von digitalen Ger\u00e4ten gut und verst\u00e4ndlich nahe brachte. In den kommenden Wochen werden besonders Ellen Mohr und ihr ebenfalls im Runden Tisch auch ehrenamtlich t\u00e4tiger Ehemann Rolf das notwendige Know-how <em>(Erfahrung in der praktischsten Art der Durchf\u00fchrbarkeit\u2026)<\/em> in geeigneter Weise am PC und deren Besitzer weitergeben. Viel Wissenswertes ist nachzulesen bei: <a href=\"https:\/\/i0.wp.com\/unser-quartier.de\/kali50plus\/files\/2015\/11\/cropped-cropped-50plus_Logo.jpg?ssl=1\" class=\"mtli_attachment mtli_jpg ext-link\" data-wpel-link=\"external\" target=\"_blank\" rel=\"follow external noopener noreferrer\"><img data-recalc-dims=\"1\" loading=\"lazy\" decoding=\"async\" data-attachment-id=\"8852\" data-permalink=\"https:\/\/unser-quartier.de\/kali50plus\/aktiv-im-bezirk\/cropped-cropped-50plus_logo-jpg\/\" data-orig-file=\"https:\/\/i0.wp.com\/unser-quartier.de\/kali50plus\/files\/2015\/11\/cropped-cropped-50plus_Logo.jpg?fit=240%2C60&amp;ssl=1\" data-orig-size=\"240,60\" data-comments-opened=\"0\" data-image-meta=\"{&quot;aperture&quot;:&quot;0&quot;,&quot;credit&quot;:&quot;&quot;,&quot;camera&quot;:&quot;&quot;,&quot;caption&quot;:&quot;&quot;,&quot;created_timestamp&quot;:&quot;0&quot;,&quot;copyright&quot;:&quot;&quot;,&quot;focal_length&quot;:&quot;0&quot;,&quot;iso&quot;:&quot;0&quot;,&quot;shutter_speed&quot;:&quot;0&quot;,&quot;title&quot;:&quot;&quot;,&quot;orientation&quot;:&quot;0&quot;}\" data-image-title=\"cropped-cropped-50plus_Logo.jpg\" data-image-description=\"&lt;p&gt;https:\/\/unser-quartier.de\/kali50plus\/files\/2015\/11\/cropped-cropped-50plus_Logo.jpg&lt;\/p&gt;\n\" data-image-caption=\"\" data-medium-file=\"https:\/\/i0.wp.com\/unser-quartier.de\/kali50plus\/files\/2015\/11\/cropped-cropped-50plus_Logo.jpg?fit=240%2C60&amp;ssl=1\" data-large-file=\"https:\/\/i0.wp.com\/unser-quartier.de\/kali50plus\/files\/2015\/11\/cropped-cropped-50plus_Logo.jpg?fit=240%2C60&amp;ssl=1\" class=\"aligncenter wp-image-8852 size-full\" src=\"https:\/\/i0.wp.com\/unser-quartier.de\/kali50plus\/files\/2015\/11\/cropped-cropped-50plus_Logo.jpg?resize=240%2C60&#038;ssl=1\" alt=\"\" width=\"240\" height=\"60\" srcset=\"https:\/\/i0.wp.com\/unser-quartier.de\/kali50plus\/files\/2015\/11\/cropped-cropped-50plus_Logo.jpg?w=240&amp;ssl=1 240w, https:\/\/i0.wp.com\/unser-quartier.de\/kali50plus\/files\/2015\/11\/cropped-cropped-50plus_Logo.jpg?resize=150%2C38&amp;ssl=1 150w\" sizes=\"auto, (max-width: 240px) 100vw, 240px\" \/><\/a>Ich und mein PC haben durch Besuch vom Treffpunkt und digitaler Informationsbrosch\u00fcre immer wieder profitiert. Danken m\u00f6chte ich auf diesem Weg den Eheleuten Mohr und den anderen Mitstreitern am Runden Tisch \u201e<u>Ka-Li 50plus GEISBRUCH-TREFF<\/u>\u201c. Ich freue mich auf die kommenden Treffen, besonders aber mein PC. Uwe D\u00f6ring &nbsp;<\/p>\n","protected":false},"excerpt":{"rendered":"<p>Eintauchen in die Geschichte des Geisbruch Pressemitteilung der Stadt Kamp-Lintfort vom 10.02.2020 Siehe auch: Engagementb\u00f6rse war ein voller Erfolg Mitteilung der Stadt Kamp-Lintfort KALI AKTIV veranstaltet Engagementb\u00f6rse Quelle: Stadt-Anzeiger 12.06.2019 Mitglieder unseres Geisbruchtreff sind auch anderweitig t\u00e4tig: so wie Wilma Heep mit ihrer Fu\u00dfpflege: so wie hier auf dem Adventsmarkt am Kloster f\u00fcr den &#8222;F\u00f6rderverein &hellip; <a href=\"https:\/\/unser-quartier.de\/kali50plus\/aktiv-im-bezirk\/\" class=\"more-link\" data-wpel-link=\"internal\"><span class=\"screen-reader-text\">Aktiv im Bezirk<\/span> weiterlesen <span class=\"meta-nav\">&rarr;<\/span><\/a><\/p>\n","protected":false},"author":168,"featured_media":0,"comment_status":"open","ping_status":"closed","sticky":false,"template":"","format":"standard","meta":{"_bbp_topic_count":0,"_bbp_reply_count":0,"_bbp_total_topic_count":0,"_bbp_total_reply_count":0,"_bbp_voice_count":0,"_bbp_anonymous_reply_count":0,"_bbp_topic_count_hidden":0,"_bbp_reply_count_hidden":0,"_bbp_forum_subforum_count":0,"advanced_seo_description":"","jetpack_seo_html_title":"","jetpack_seo_noindex":false,"ngg_post_thumbnail":0,"jetpack_post_was_ever_published":false,"_jetpack_newsletter_access":"","_jetpack_dont_email_post_to_subs":false,"_jetpack_newsletter_tier_id":0,"_jetpack_memberships_contains_paywalled_content":false,"_jetpack_memberships_contains_paid_content":false,"footnotes":"","jetpack_publicize_message":"","jetpack_publicize_feature_enabled":true,"jetpack_social_post_already_shared":true,"jetpack_social_options":{"image_generator_settings":{"template":"highway","enabled":false},"version":2}},"categories":[40],"tags":[],"class_list":["post-5644","post","type-post","status-publish","format-standard","hentry","category-stadtteile"],"jetpack_publicize_connections":[],"jetpack_featured_media_url":"","jetpack_shortlink":"https:\/\/wp.me\/p4AdMt-1t2","jetpack_likes_enabled":true,"jetpack-related-posts":[],"jetpack_sharing_enabled":true,"_links":{"self":[{"href":"https:\/\/unser-quartier.de\/kali50plus\/wp-json\/wp\/v2\/posts\/5644","targetHints":{"allow":["GET"]}}],"collection":[{"href":"https:\/\/unser-quartier.de\/kali50plus\/wp-json\/wp\/v2\/posts"}],"about":[{"href":"https:\/\/unser-quartier.de\/kali50plus\/wp-json\/wp\/v2\/types\/post"}],"author":[{"embeddable":true,"href":"https:\/\/unser-quartier.de\/kali50plus\/wp-json\/wp\/v2\/users\/168"}],"replies":[{"embeddable":true,"href":"https:\/\/unser-quartier.de\/kali50plus\/wp-json\/wp\/v2\/comments?post=5644"}],"version-history":[{"count":0,"href":"https:\/\/unser-quartier.de\/kali50plus\/wp-json\/wp\/v2\/posts\/5644\/revisions"}],"wp:attachment":[{"href":"https:\/\/unser-quartier.de\/kali50plus\/wp-json\/wp\/v2\/media?parent=5644"}],"wp:term":[{"taxonomy":"category","embeddable":true,"href":"https:\/\/unser-quartier.de\/kali50plus\/wp-json\/wp\/v2\/categories?post=5644"},{"taxonomy":"post_tag","embeddable":true,"href":"https:\/\/unser-quartier.de\/kali50plus\/wp-json\/wp\/v2\/tags?post=5644"}],"curies":[{"name":"wp","href":"https:\/\/api.w.org\/{rel}","templated":true}]}}