{"id":10963,"date":"2024-11-21T10:58:24","date_gmt":"2024-11-21T09:58:24","guid":{"rendered":"https:\/\/unser-quartier.de\/koeln-widdersdorf\/?p=10963"},"modified":"2024-11-21T10:58:24","modified_gmt":"2024-11-21T09:58:24","slug":"adventsbasar","status":"publish","type":"post","link":"https:\/\/unser-quartier.de\/koeln-widdersdorf\/2024\/11\/adventsbasar\/","title":{"rendered":"Adventsbasar"},"content":{"rendered":"<p>Kommen Sie vorbei: Zum Einkauf f\u00fcr sich und Ihre Lieben, f\u00fcr die kleinen Pr\u00e4sente in der Zeit des Schenkens und Beschenktwerdens \u2013 und nat\u00fcrlich auch zu unserer Caf\u00e9teria!<\/p>\n<p>Es erwarten Sie im Untergeschoss des Gemeindehauses viele selbstgemachte kulinarische K\u00f6stlichkeiten wie Marmeladen, Chutneys und Lik\u00f6re, warme Socken und nat\u00fcrlich Lifegate-Produkte.<\/p>\n<p>Auch Vorbestellungen f\u00fcr Oliven\u00f6l von Lifegate sind m\u00f6glich.<\/p>\n<p>Am Samstag gibt es von 15:00 bis 17:00 Uhr Kaffee und Waffeln \u2013 angeboten vom F\u00f6rderverein vor der neu aufgebauten Krippe und von 15:00 bis 17:00 Uhr Basteln f\u00fcr Kinder.<\/p>\n<p>Am Sonntag von 12:00 bis 17:00 Uhr Caf\u00e9teria.<\/p>\n","protected":false},"excerpt":{"rendered":"<p>Kommen Sie vorbei: Zum Einkauf f\u00fcr sich und Ihre Lieben, f\u00fcr die kleinen Pr\u00e4sente in der Zeit des Schenkens und Beschenktwerdens \u2013 und nat\u00fcrlich auch zu unserer Caf\u00e9teria! Es erwarten&hellip; <a class=\"continue\" href=\"https:\/\/unser-quartier.de\/koeln-widdersdorf\/2024\/11\/adventsbasar\/\" data-wpel-link=\"internal\"> \u00bb weiterlesen: <span> Adventsbasar<\/span><\/a><\/p>\n","protected":false},"author":635,"featured_media":10964,"comment_status":"closed","ping_status":"closed","sticky":false,"template":"","format":"standard","meta":{"generate_page_header":"","footnotes":""},"categories":[95],"tags":[],"class_list":["post-10963","post","type-post","status-publish","format-standard","has-post-thumbnail","hentry","category-familien"],"_links":{"self":[{"href":"https:\/\/unser-quartier.de\/koeln-widdersdorf\/wp-json\/wp\/v2\/posts\/10963","targetHints":{"allow":["GET"]}}],"collection":[{"href":"https:\/\/unser-quartier.de\/koeln-widdersdorf\/wp-json\/wp\/v2\/posts"}],"about":[{"href":"https:\/\/unser-quartier.de\/koeln-widdersdorf\/wp-json\/wp\/v2\/types\/post"}],"author":[{"embeddable":true,"href":"https:\/\/unser-quartier.de\/koeln-widdersdorf\/wp-json\/wp\/v2\/users\/635"}],"replies":[{"embeddable":true,"href":"https:\/\/unser-quartier.de\/koeln-widdersdorf\/wp-json\/wp\/v2\/comments?post=10963"}],"version-history":[{"count":1,"href":"https:\/\/unser-quartier.de\/koeln-widdersdorf\/wp-json\/wp\/v2\/posts\/10963\/revisions"}],"predecessor-version":[{"id":10965,"href":"https:\/\/unser-quartier.de\/koeln-widdersdorf\/wp-json\/wp\/v2\/posts\/10963\/revisions\/10965"}],"wp:featuredmedia":[{"embeddable":true,"href":"https:\/\/unser-quartier.de\/koeln-widdersdorf\/wp-json\/wp\/v2\/media\/10964"}],"wp:attachment":[{"href":"https:\/\/unser-quartier.de\/koeln-widdersdorf\/wp-json\/wp\/v2\/media?parent=10963"}],"wp:term":[{"taxonomy":"category","embeddable":true,"href":"https:\/\/unser-quartier.de\/koeln-widdersdorf\/wp-json\/wp\/v2\/categories?post=10963"},{"taxonomy":"post_tag","embeddable":true,"href":"https:\/\/unser-quartier.de\/koeln-widdersdorf\/wp-json\/wp\/v2\/tags?post=10963"}],"curies":[{"name":"wp","href":"https:\/\/api.w.org\/{rel}","templated":true}]}}