{"id":1704,"date":"2017-10-23T16:20:12","date_gmt":"2017-10-23T14:20:12","guid":{"rendered":"https:\/\/unser-quartier.de\/koeln-widdersdorf\/?p=1704"},"modified":"2017-10-23T16:20:12","modified_gmt":"2017-10-23T14:20:12","slug":"nachtbus-n96-ab-september","status":"publish","type":"post","link":"https:\/\/unser-quartier.de\/koeln-widdersdorf\/2017\/10\/nachtbus-n96-ab-september\/","title":{"rendered":"Nachtbus N96 ab September"},"content":{"rendered":"<p>Testversuch Nachtbus nach Widdersdorf startet im Dezember f\u00fcr ein Jahr. Nach Beschluss der Bezirksvertretung soll von Freitags bis Sonntags die Nachtbuslinie N96 von Weiden-Zentrum \u00fcber L\u00f6venich und Widdersdorf nach Brauweiler fahren. Erstmalig wird dann auch die &#8222;Anschlussgarantie&#8220; getestet. Der Bus wartet bei Versp\u00e4tung 5 Minuten auf umsteigende Fahrg\u00e4ste in Weiden-Zentrum und Bahnhof L\u00f6venich.<\/p>\n","protected":false},"excerpt":{"rendered":"<p>Testversuch Nachtbus nach Widdersdorf startet im Dezember f\u00fcr ein Jahr. Nach Beschluss der Bezirksvertretung soll von Freitags bis Sonntags die Nachtbuslinie N96 von Weiden-Zentrum \u00fcber L\u00f6venich und Widdersdorf nach Brauweiler&hellip; <a class=\"continue\" href=\"https:\/\/unser-quartier.de\/koeln-widdersdorf\/2017\/10\/nachtbus-n96-ab-september\/\" data-wpel-link=\"internal\"> \u00bb weiterlesen: <span> Nachtbus N96 ab September<\/span><\/a><\/p>\n","protected":false},"author":601,"featured_media":0,"comment_status":"closed","ping_status":"closed","sticky":false,"template":"","format":"standard","meta":{"generate_page_header":"","footnotes":""},"categories":[1],"tags":[],"class_list":["post-1704","post","type-post","status-publish","format-standard","hentry","category-neuigkeiten"],"_links":{"self":[{"href":"https:\/\/unser-quartier.de\/koeln-widdersdorf\/wp-json\/wp\/v2\/posts\/1704","targetHints":{"allow":["GET"]}}],"collection":[{"href":"https:\/\/unser-quartier.de\/koeln-widdersdorf\/wp-json\/wp\/v2\/posts"}],"about":[{"href":"https:\/\/unser-quartier.de\/koeln-widdersdorf\/wp-json\/wp\/v2\/types\/post"}],"author":[{"embeddable":true,"href":"https:\/\/unser-quartier.de\/koeln-widdersdorf\/wp-json\/wp\/v2\/users\/601"}],"replies":[{"embeddable":true,"href":"https:\/\/unser-quartier.de\/koeln-widdersdorf\/wp-json\/wp\/v2\/comments?post=1704"}],"version-history":[{"count":0,"href":"https:\/\/unser-quartier.de\/koeln-widdersdorf\/wp-json\/wp\/v2\/posts\/1704\/revisions"}],"wp:attachment":[{"href":"https:\/\/unser-quartier.de\/koeln-widdersdorf\/wp-json\/wp\/v2\/media?parent=1704"}],"wp:term":[{"taxonomy":"category","embeddable":true,"href":"https:\/\/unser-quartier.de\/koeln-widdersdorf\/wp-json\/wp\/v2\/categories?post=1704"},{"taxonomy":"post_tag","embeddable":true,"href":"https:\/\/unser-quartier.de\/koeln-widdersdorf\/wp-json\/wp\/v2\/tags?post=1704"}],"curies":[{"name":"wp","href":"https:\/\/api.w.org\/{rel}","templated":true}]}}