{"id":1912,"date":"2017-11-13T11:55:49","date_gmt":"2017-11-13T10:55:49","guid":{"rendered":"https:\/\/unser-quartier.de\/koeln-widdersdorf\/?p=1912"},"modified":"2017-11-15T08:50:55","modified_gmt":"2017-11-15T07:50:55","slug":"bagso-pressemitteilung-182017","status":"publish","type":"post","link":"https:\/\/unser-quartier.de\/koeln-widdersdorf\/2017\/11\/bagso-pressemitteilung-182017\/","title":{"rendered":"BAGSO-Pressemitteilung 18\/2017"},"content":{"rendered":"<p>Bonn, 8.11.2017<img loading=\"lazy\" decoding=\"async\" class=\"alignright size-full wp-image-1913\" src=\"https:\/\/unser-quartier.de\/koeln-widdersdorf\/files\/2017\/11\/BAGSO.jpg\" alt=\"Die BAGSO\" width=\"134\" height=\"138\" \/><br \/>\n Die F\u00f6rderung der Gesundheitskompetenz \u00e4lterer Menschen erfordert eine umfassende Strategie.<br \/>\n Die Ergebnisse der HLS-GER-Studie zur Gesundheitskompetenz der Bev\u00f6lkerung in Deutschland an der Universit\u00e4t Bielefeld belegen, dass die Gesundheitskompetenz unmittelbar das Gesundheitsverhalten von Menschen beeinflusst. So hat eine niedrige Gesundheitskompetenz einen schlechteren subjektiven Gesundheitszustand und ein ung\u00fcnstiges Ern\u00e4hrungs- und Bewegungsverhalten zur Folge.<br \/>\n Diese Ergebnisse aus Studien erl\u00e4uterte Prof. Dr. Doris Schaeffer, Universit\u00e4t Bielefeld, Fakult\u00e4t f\u00fcr Gesundheitswissenschaften, anl\u00e4sslich der Jahrestagung der Bundesarbeitsgemeinschaft der Senioren-Organisationen e.V. am 6. November 2017 in Dortmund.<br \/>\n Ursula Horzetzky, Referatsleiterin Ern\u00e4hrungspr\u00e4vention und Ern\u00e4hrungsinformation beim BMEL, verwies in ihren Ausf\u00fchrungen auf die Relevanz einer ausgewogenen Ern\u00e4hrung zur Vermeidung auch ern\u00e4hrungsbedingter Erkrankungen. Allen Menschen \u2013 vom ersten Lebenstag bis ins hohe Alter \u2013 sollte eine gesunde Lebensweise erm\u00f6glicht werden. Ziel des BMEL ist es, dass in den n\u00e4chsten Jahren die Mahlzeitenangebote in der Gemeinschaftsverpflegung qualitativ verbessert werden und so \u00e4lteren Menschen, die daran teilnehmen, eine genussvolle und ausgewogene Ern\u00e4hrung zur Verf\u00fcgung steht.<br \/>\n Auf welche Weise der Deutsche Turner-Bund mit seinen breitgef\u00e4cherten Programmen zur Verbesserung der Gesundheitskompetenz beitr\u00e4gt, stellte Prof. Dr. Michael Tiemann, Professor f\u00fcr Sportwissenschaften, SRH Hochschule f\u00fcr Gesundheit Gera, praxisnah vor.<br \/>\n Mehr als 230 Teilnehmende aus den verschiedenen Handlungsfeldern der Seniorenarbeit, aus BAGSO-Mitgliedsverb\u00e4nden und der Wissenschaft er\u00f6rterten anschlie\u00dfend im Rahmen eines World Caf\u00e9s wichtige Aspekte. Sie entwickelten viele Ideen, diskutierten erforderliche Rahmenbedingungen sowie Strategien f\u00fcr die Verbesserung der Angebote auf kommunaler Ebene in den Handlungsfeldern Ern\u00e4hrung, Bewegung sowie Gesundheitskompetenz.<br \/>\n Eine zentrale Frage war auch, wie man besondere Zielgruppen \u00e4lterer Menschen \u2013 z.B. sehr zur\u00fcckgezogen lebende Seniorinnen und Senioren \u2013 erreichen kann.<br \/>\n Der BAGSO-Vorsitzende Franz M\u00fcntefering ermutigte die Tagungsg\u00e4ste zu verst\u00e4rktem Engagement f\u00fcr die Verbesserung der Lebenssituation \u00e4lterer Menschen vor allem in l\u00e4ndlichen R\u00e4umen und lud alle zum 12. Deutschen Seniorentag ein, der vom 28. bis 30. Mai 2018 in den Dortmunder Westfalenhallen stattfindet und von Bundespr\u00e4sident Frank-Walter Steinmeier er\u00f6ffnet wird.<br \/>\n Die Fachtagung wurde vom Bundesministerium f\u00fcr Ern\u00e4hrung und Landwirtschaft (BMEL) im Rahmen von IN FORM, Deutschlands Initiative f\u00fcr gesunde Ern\u00e4hrung und mehr Bewegung, gef\u00f6rdert.<br \/>\n Weitere Informationen<br \/>\n BAGSO e.V.<br \/>\n Anne von Laufenberg-Beermann, Projektleiterin<br \/>\n Thomas-Mann-Str. 2-4<br \/>\n 53111 Bonn<br \/>\n <a href=\"mailto:inform@bagso.de\">inform@bagso.de<\/a><br \/>\n Tel.: 0228 \/ 24 99 93 22<\/p>\n","protected":false},"excerpt":{"rendered":"<p>Bonn, 8.11.2017 Die F\u00f6rderung der Gesundheitskompetenz \u00e4lterer Menschen erfordert eine umfassende Strategie. Die Ergebnisse der HLS-GER-Studie zur Gesundheitskompetenz der Bev\u00f6lkerung in Deutschland an der Universit\u00e4t Bielefeld belegen, dass die Gesundheitskompetenz&hellip; <a class=\"continue\" href=\"https:\/\/unser-quartier.de\/koeln-widdersdorf\/2017\/11\/bagso-pressemitteilung-182017\/\" data-wpel-link=\"internal\"> \u00bb weiterlesen: <span> BAGSO-Pressemitteilung 18\/2017<\/span><\/a><\/p>\n","protected":false},"author":602,"featured_media":0,"comment_status":"closed","ping_status":"closed","sticky":false,"template":"","format":"standard","meta":{"generate_page_header":"","footnotes":""},"categories":[1],"tags":[],"class_list":["post-1912","post","type-post","status-publish","format-standard","hentry","category-neuigkeiten"],"_links":{"self":[{"href":"https:\/\/unser-quartier.de\/koeln-widdersdorf\/wp-json\/wp\/v2\/posts\/1912","targetHints":{"allow":["GET"]}}],"collection":[{"href":"https:\/\/unser-quartier.de\/koeln-widdersdorf\/wp-json\/wp\/v2\/posts"}],"about":[{"href":"https:\/\/unser-quartier.de\/koeln-widdersdorf\/wp-json\/wp\/v2\/types\/post"}],"author":[{"embeddable":true,"href":"https:\/\/unser-quartier.de\/koeln-widdersdorf\/wp-json\/wp\/v2\/users\/602"}],"replies":[{"embeddable":true,"href":"https:\/\/unser-quartier.de\/koeln-widdersdorf\/wp-json\/wp\/v2\/comments?post=1912"}],"version-history":[{"count":0,"href":"https:\/\/unser-quartier.de\/koeln-widdersdorf\/wp-json\/wp\/v2\/posts\/1912\/revisions"}],"wp:attachment":[{"href":"https:\/\/unser-quartier.de\/koeln-widdersdorf\/wp-json\/wp\/v2\/media?parent=1912"}],"wp:term":[{"taxonomy":"category","embeddable":true,"href":"https:\/\/unser-quartier.de\/koeln-widdersdorf\/wp-json\/wp\/v2\/categories?post=1912"},{"taxonomy":"post_tag","embeddable":true,"href":"https:\/\/unser-quartier.de\/koeln-widdersdorf\/wp-json\/wp\/v2\/tags?post=1912"}],"curies":[{"name":"wp","href":"https:\/\/api.w.org\/{rel}","templated":true}]}}