{"id":3193,"date":"2018-04-20T17:34:05","date_gmt":"2018-04-20T15:34:05","guid":{"rendered":"https:\/\/unser-quartier.de\/koeln-widdersdorf\/?p=3193"},"modified":"2018-04-20T17:37:47","modified_gmt":"2018-04-20T15:37:47","slug":"gymnasium-in-widdersdorf","status":"publish","type":"post","link":"https:\/\/unser-quartier.de\/koeln-widdersdorf\/2018\/04\/gymnasium-in-widdersdorf\/","title":{"rendered":"Gymnasium in Widdersdorf"},"content":{"rendered":"<p>Gymnasium in Widdersdorf geht zum Sommer an den Start!<\/p>\n<p><span class=\"text_exposed_show\">Ulrike Heuer vom Amt f\u00fcr Schulentwicklung teilt mit<\/span>: <br \/>\n &#8222;Da ich wei\u00df, dass die Widdersdorfer Eltern sehr auf die Nachrichten \u00fcber das neue Gymnasium warten, m\u00f6chte ich Ihnen die gute Nachricht \u00fcberbringen, dass wir von der Gr\u00fcndung des Gymnasiums in Widdersdorf ausgehen k\u00f6nnen.<br \/>\n Eine offizielle Mitteilung gibt es sehr viel sp\u00e4ter, aber Sie k\u00f6nnen gern \u00fcber Ihre Kan\u00e4le die \u201efrohe Botschaft\u201c weiter verbrei<span class=\"text_exposed_show\">ten. Ich hoffe damit f\u00fcr viele Familien zu einem entspannteren Wochenende beitragen zu k\u00f6nnen.&#8220;<\/span><\/p>\n","protected":false},"excerpt":{"rendered":"<p>Gymnasium in Widdersdorf geht zum Sommer an den Start! Ulrike Heuer vom Amt f\u00fcr Schulentwicklung teilt mit: &#8222;Da ich wei\u00df, dass die Widdersdorfer Eltern sehr auf die Nachrichten \u00fcber das&hellip; <a class=\"continue\" href=\"https:\/\/unser-quartier.de\/koeln-widdersdorf\/2018\/04\/gymnasium-in-widdersdorf\/\" data-wpel-link=\"internal\"> \u00bb weiterlesen: <span> Gymnasium in Widdersdorf<\/span><\/a><\/p>\n","protected":false},"author":635,"featured_media":0,"comment_status":"closed","ping_status":"closed","sticky":false,"template":"","format":"standard","meta":{"generate_page_header":"","footnotes":""},"categories":[95,94],"tags":[],"class_list":["post-3193","post","type-post","status-publish","format-standard","hentry","category-familien","category-jugendliche"],"_links":{"self":[{"href":"https:\/\/unser-quartier.de\/koeln-widdersdorf\/wp-json\/wp\/v2\/posts\/3193","targetHints":{"allow":["GET"]}}],"collection":[{"href":"https:\/\/unser-quartier.de\/koeln-widdersdorf\/wp-json\/wp\/v2\/posts"}],"about":[{"href":"https:\/\/unser-quartier.de\/koeln-widdersdorf\/wp-json\/wp\/v2\/types\/post"}],"author":[{"embeddable":true,"href":"https:\/\/unser-quartier.de\/koeln-widdersdorf\/wp-json\/wp\/v2\/users\/635"}],"replies":[{"embeddable":true,"href":"https:\/\/unser-quartier.de\/koeln-widdersdorf\/wp-json\/wp\/v2\/comments?post=3193"}],"version-history":[{"count":0,"href":"https:\/\/unser-quartier.de\/koeln-widdersdorf\/wp-json\/wp\/v2\/posts\/3193\/revisions"}],"wp:attachment":[{"href":"https:\/\/unser-quartier.de\/koeln-widdersdorf\/wp-json\/wp\/v2\/media?parent=3193"}],"wp:term":[{"taxonomy":"category","embeddable":true,"href":"https:\/\/unser-quartier.de\/koeln-widdersdorf\/wp-json\/wp\/v2\/categories?post=3193"},{"taxonomy":"post_tag","embeddable":true,"href":"https:\/\/unser-quartier.de\/koeln-widdersdorf\/wp-json\/wp\/v2\/tags?post=3193"}],"curies":[{"name":"wp","href":"https:\/\/api.w.org\/{rel}","templated":true}]}}