{"id":3210,"date":"2018-04-25T14:17:03","date_gmt":"2018-04-25T12:17:03","guid":{"rendered":"https:\/\/unser-quartier.de\/koeln-widdersdorf\/?p=3210"},"modified":"2018-04-25T15:57:38","modified_gmt":"2018-04-25T13:57:38","slug":"ferien-zu-hause","status":"publish","type":"post","link":"https:\/\/unser-quartier.de\/koeln-widdersdorf\/2018\/04\/ferien-zu-hause\/","title":{"rendered":"Ferien zu Hause"},"content":{"rendered":"<p>Alle Infos und Anmeldeflyer f\u00fcr die diesj\u00e4hrige &#8222;Ferien zu Hause&#8220; Aktion<\/p>\n<p>Anmeldestart: pers\u00f6nliche Anmeldung ab dem 3. Mai! (sieheFlyer)<\/p>\n<p><a href=\"http:\/\/www.st-jakobus-koeln.de\/index.php\" data-wpel-link=\"external\" target=\"_self\" rel=\"nofollow external noopener noreferrer\" title=\"Externer Link: weiterlesen:\" class=\"ext-link wpel-icon-right\">weiterlesen:<span class=\"wpel-icon wpel-image wpel-icon-6\"><\/span><\/a><\/p>\n","protected":false},"excerpt":{"rendered":"<p>Alle Infos und Anmeldeflyer f\u00fcr die diesj\u00e4hrige &#8222;Ferien zu Hause&#8220; Aktion Anmeldestart: pers\u00f6nliche Anmeldung ab dem 3. Mai! (sieheFlyer) weiterlesen:<\/p>\n","protected":false},"author":602,"featured_media":0,"comment_status":"closed","ping_status":"closed","sticky":false,"template":"","format":"standard","meta":{"generate_page_header":"","footnotes":""},"categories":[95,3,61,1],"tags":[],"class_list":["post-3210","post","type-post","status-publish","format-standard","hentry","category-familien","category-freizeit","category-kinder","category-neuigkeiten"],"_links":{"self":[{"href":"https:\/\/unser-quartier.de\/koeln-widdersdorf\/wp-json\/wp\/v2\/posts\/3210","targetHints":{"allow":["GET"]}}],"collection":[{"href":"https:\/\/unser-quartier.de\/koeln-widdersdorf\/wp-json\/wp\/v2\/posts"}],"about":[{"href":"https:\/\/unser-quartier.de\/koeln-widdersdorf\/wp-json\/wp\/v2\/types\/post"}],"author":[{"embeddable":true,"href":"https:\/\/unser-quartier.de\/koeln-widdersdorf\/wp-json\/wp\/v2\/users\/602"}],"replies":[{"embeddable":true,"href":"https:\/\/unser-quartier.de\/koeln-widdersdorf\/wp-json\/wp\/v2\/comments?post=3210"}],"version-history":[{"count":0,"href":"https:\/\/unser-quartier.de\/koeln-widdersdorf\/wp-json\/wp\/v2\/posts\/3210\/revisions"}],"wp:attachment":[{"href":"https:\/\/unser-quartier.de\/koeln-widdersdorf\/wp-json\/wp\/v2\/media?parent=3210"}],"wp:term":[{"taxonomy":"category","embeddable":true,"href":"https:\/\/unser-quartier.de\/koeln-widdersdorf\/wp-json\/wp\/v2\/categories?post=3210"},{"taxonomy":"post_tag","embeddable":true,"href":"https:\/\/unser-quartier.de\/koeln-widdersdorf\/wp-json\/wp\/v2\/tags?post=3210"}],"curies":[{"name":"wp","href":"https:\/\/api.w.org\/{rel}","templated":true}]}}