{"id":3259,"date":"2018-06-04T17:21:19","date_gmt":"2018-06-04T15:21:19","guid":{"rendered":"https:\/\/unser-quartier.de\/koeln-widdersdorf\/?p=3259"},"modified":"2018-10-16T13:49:23","modified_gmt":"2018-10-16T11:49:23","slug":"demenz-verstehen","status":"publish","type":"post","link":"https:\/\/unser-quartier.de\/koeln-widdersdorf\/2018\/06\/demenz-verstehen\/","title":{"rendered":"Demenz verstehen"},"content":{"rendered":"<p>Mit zunehmendem Alter steigt die Wahrscheinlichkeit, dass eine Demenz auftritt.<br \/>\nVon den 60-J\u00e4hrigen ist nur jeder Hundertste betroffen, von den 80-J\u00e4hrigen dagegen jeder Sechste, und von den 90-J\u00e4hrigen sogar nahezu jeder Zweite.<br \/>\nDie katholische und evangelische Gemeinde l\u00e4dt zu zwei Informationsveranstaltungen zu diesem Thema ein.<br \/>\nDer Schwerpunkt der ersten Veranstaltung (13.06.18) liegt auf dem Focus \u201eWie sieht der Kranke die Welt\u201c und \u201eWie gehe ich im Kontakt mit Demenzerkrankten um. Wir zeigen Ausschnitte aus dem Film \u201eDemenz verstehen\u201c.<br \/>\nDort kommen Fachleute zu Wort, die Informationen zum Verst\u00e4ndnis der Erkrankung und den Umgang mit Betroffenen vermitteln. Anschlie\u00dfend steht die Fachberaterin Frau Trump (Alexianer) f\u00fcr Fragen zum Thema und Inhalt des Films zur Verf\u00fcgung.<br \/>\nDie zweite Veranstaltung (12.07.18) gibt Informationen zu finanziellen und rechtlichen <br \/>\nUnterst\u00fctzungsangeboten durch die Pflegeversicherung und Betreuungs- und <br \/>\nEntlastungsangebote durch verschiedene Organisationen.<\/p>\n<p>Die Vortr\u00e4ge richten sich an Menschen mit Demenz, ihre Helferinnen und Helfer in der Familie, ihren Freundeskreis, ihre Nachbarschaft, an Ehrenamtliche und Interessierte.<br \/>\nVeranstaltungsort und Uhrzeit finden Sie im Veranstaltungskalender.<\/p>\n<p>************\u00a0<\/p>\n<p><strong><span style=\"font-family: Arial, sans-serif\"><span style=\"font-size: medium\">Demenzwegweiser und Demenzratgeber im Internet:<\/span><\/span><\/strong><\/p>\n<p><a href=\"http:\/\/www.demenz-service-nrw.de\/demenz-wegweiser.html\" data-wpel-link=\"external\" target=\"_self\" rel=\"nofollow external noopener noreferrer\" title=\"Externer Link: http:\/\/www.demenz-service-nrw.de\/demenz-wegweiser.html\" class=\"ext-link wpel-icon-right\">http:\/\/www.demenz-service-nrw.de\/demenz-wegweiser.html<span class=\"wpel-icon wpel-image wpel-icon-6\"><\/span><\/a><\/p>\n<p>&nbsp;<\/p>\n","protected":false},"excerpt":{"rendered":"<p>Mit zunehmendem Alter steigt die Wahrscheinlichkeit, dass eine Demenz auftritt. Von den 60-J\u00e4hrigen ist nur jeder Hundertste betroffen, von den 80-J\u00e4hrigen dagegen jeder Sechste, und von den 90-J\u00e4hrigen sogar nahezu&hellip; <a class=\"continue\" href=\"https:\/\/unser-quartier.de\/koeln-widdersdorf\/2018\/06\/demenz-verstehen\/\" data-wpel-link=\"internal\"> \u00bb weiterlesen: <span> Demenz verstehen<\/span><\/a><\/p>\n","protected":false},"author":602,"featured_media":0,"comment_status":"closed","ping_status":"closed","sticky":false,"template":"","format":"standard","meta":{"generate_page_header":"","footnotes":""},"categories":[95,65,39,4],"tags":[],"class_list":["post-3259","post","type-post","status-publish","format-standard","hentry","category-familien","category-senioren","category-tabus","category-unterstuetzung"],"_links":{"self":[{"href":"https:\/\/unser-quartier.de\/koeln-widdersdorf\/wp-json\/wp\/v2\/posts\/3259","targetHints":{"allow":["GET"]}}],"collection":[{"href":"https:\/\/unser-quartier.de\/koeln-widdersdorf\/wp-json\/wp\/v2\/posts"}],"about":[{"href":"https:\/\/unser-quartier.de\/koeln-widdersdorf\/wp-json\/wp\/v2\/types\/post"}],"author":[{"embeddable":true,"href":"https:\/\/unser-quartier.de\/koeln-widdersdorf\/wp-json\/wp\/v2\/users\/602"}],"replies":[{"embeddable":true,"href":"https:\/\/unser-quartier.de\/koeln-widdersdorf\/wp-json\/wp\/v2\/comments?post=3259"}],"version-history":[{"count":0,"href":"https:\/\/unser-quartier.de\/koeln-widdersdorf\/wp-json\/wp\/v2\/posts\/3259\/revisions"}],"wp:attachment":[{"href":"https:\/\/unser-quartier.de\/koeln-widdersdorf\/wp-json\/wp\/v2\/media?parent=3259"}],"wp:term":[{"taxonomy":"category","embeddable":true,"href":"https:\/\/unser-quartier.de\/koeln-widdersdorf\/wp-json\/wp\/v2\/categories?post=3259"},{"taxonomy":"post_tag","embeddable":true,"href":"https:\/\/unser-quartier.de\/koeln-widdersdorf\/wp-json\/wp\/v2\/tags?post=3259"}],"curies":[{"name":"wp","href":"https:\/\/api.w.org\/{rel}","templated":true}]}}