{"id":3394,"date":"2018-08-22T15:05:26","date_gmt":"2018-08-22T13:05:26","guid":{"rendered":"https:\/\/unser-quartier.de\/koeln-widdersdorf\/?p=3394"},"modified":"2018-08-22T15:05:26","modified_gmt":"2018-08-22T13:05:26","slug":"die-roemische-grabkammer-in-weiden","status":"publish","type":"post","link":"https:\/\/unser-quartier.de\/koeln-widdersdorf\/2018\/08\/die-roemische-grabkammer-in-weiden\/","title":{"rendered":"Die r\u00f6mische Grabkammer in Weiden"},"content":{"rendered":"<p>Wer wei\u00df das schon? Mitten in K\u00f6ln-Weiden, an der verkehrsreichen Aachener Stra\u00dfe, liegt einer der gr\u00f6\u00dften arch\u00e4ologischen Sch\u00e4tze Nordrhein-Westfalens und fristet seit langem ein \u201eDornr\u00f6schen-Dasein\u201c: eine r\u00f6mische Grabkammer aus dem aus dem 2. \u2013 4. Jahrhundert nach Christus.<\/p>\n<p><a href=\"http:\/\/www.roemergrab.de\/\" data-wpel-link=\"external\" target=\"_self\" rel=\"nofollow external noopener noreferrer\" title=\"Externer Link: weiterlesen\" class=\"ext-link wpel-icon-right\">weiterlesen<span class=\"wpel-icon wpel-image wpel-icon-6\"><\/span><\/a><\/p>\n","protected":false},"excerpt":{"rendered":"<p>Wer wei\u00df das schon? Mitten in K\u00f6ln-Weiden, an der verkehrsreichen Aachener Stra\u00dfe, liegt einer der gr\u00f6\u00dften arch\u00e4ologischen Sch\u00e4tze Nordrhein-Westfalens und fristet seit langem ein \u201eDornr\u00f6schen-Dasein\u201c: eine r\u00f6mische Grabkammer aus dem&hellip; <a class=\"continue\" href=\"https:\/\/unser-quartier.de\/koeln-widdersdorf\/2018\/08\/die-roemische-grabkammer-in-weiden\/\" data-wpel-link=\"internal\"> \u00bb weiterlesen: <span> Die r\u00f6mische Grabkammer in Weiden<\/span><\/a><\/p>\n","protected":false},"author":602,"featured_media":3392,"comment_status":"closed","ping_status":"closed","sticky":false,"template":"","format":"standard","meta":{"generate_page_header":"","footnotes":""},"categories":[3],"tags":[],"class_list":["post-3394","post","type-post","status-publish","format-standard","has-post-thumbnail","hentry","category-freizeit"],"_links":{"self":[{"href":"https:\/\/unser-quartier.de\/koeln-widdersdorf\/wp-json\/wp\/v2\/posts\/3394","targetHints":{"allow":["GET"]}}],"collection":[{"href":"https:\/\/unser-quartier.de\/koeln-widdersdorf\/wp-json\/wp\/v2\/posts"}],"about":[{"href":"https:\/\/unser-quartier.de\/koeln-widdersdorf\/wp-json\/wp\/v2\/types\/post"}],"author":[{"embeddable":true,"href":"https:\/\/unser-quartier.de\/koeln-widdersdorf\/wp-json\/wp\/v2\/users\/602"}],"replies":[{"embeddable":true,"href":"https:\/\/unser-quartier.de\/koeln-widdersdorf\/wp-json\/wp\/v2\/comments?post=3394"}],"version-history":[{"count":0,"href":"https:\/\/unser-quartier.de\/koeln-widdersdorf\/wp-json\/wp\/v2\/posts\/3394\/revisions"}],"wp:featuredmedia":[{"embeddable":true,"href":"https:\/\/unser-quartier.de\/koeln-widdersdorf\/wp-json\/wp\/v2\/media\/3392"}],"wp:attachment":[{"href":"https:\/\/unser-quartier.de\/koeln-widdersdorf\/wp-json\/wp\/v2\/media?parent=3394"}],"wp:term":[{"taxonomy":"category","embeddable":true,"href":"https:\/\/unser-quartier.de\/koeln-widdersdorf\/wp-json\/wp\/v2\/categories?post=3394"},{"taxonomy":"post_tag","embeddable":true,"href":"https:\/\/unser-quartier.de\/koeln-widdersdorf\/wp-json\/wp\/v2\/tags?post=3394"}],"curies":[{"name":"wp","href":"https:\/\/api.w.org\/{rel}","templated":true}]}}