{"id":6625,"date":"2019-09-08T13:07:24","date_gmt":"2019-09-08T11:07:24","guid":{"rendered":"https:\/\/unser-quartier.de\/koeln-widdersdorf\/?p=6625"},"modified":"2019-10-01T15:19:40","modified_gmt":"2019-10-01T13:19:40","slug":"familientroedelmarkt-auf-dem-jakobsplatz","status":"publish","type":"post","link":"https:\/\/unser-quartier.de\/koeln-widdersdorf\/2019\/09\/familientroedelmarkt-auf-dem-jakobsplatz\/","title":{"rendered":"Familientr\u00f6delmarkt auf dem Jakobsplatz"},"content":{"rendered":"<h4>Ein voller Erfolg, der Platz ist zu 100% gef\u00fcllt mit St\u00e4nden und Besuchern.<\/h4>\n<p><a href=\"https:\/\/unser-quartier.de\/koeln-widdersdorf\/files\/2019\/09\/20190908_122722.jpg\" data-wpel-link=\"internal\"><img loading=\"lazy\" decoding=\"async\" class=\"alignnone size-large wp-image-6624\" src=\"https:\/\/unser-quartier.de\/koeln-widdersdorf\/files\/2019\/09\/20190908_122722-1024x576.jpg\" alt=\"\" width=\"1024\" height=\"576\" srcset=\"https:\/\/unser-quartier.de\/koeln-widdersdorf\/files\/2019\/09\/20190908_122722-1024x576.jpg 1024w, https:\/\/unser-quartier.de\/koeln-widdersdorf\/files\/2019\/09\/20190908_122722-150x84.jpg 150w, https:\/\/unser-quartier.de\/koeln-widdersdorf\/files\/2019\/09\/20190908_122722-300x169.jpg 300w, https:\/\/unser-quartier.de\/koeln-widdersdorf\/files\/2019\/09\/20190908_122722-768x432.jpg 768w, https:\/\/unser-quartier.de\/koeln-widdersdorf\/files\/2019\/09\/20190908_122722.jpg 1200w\" sizes=\"auto, (max-width: 1024px) 100vw, 1024px\" \/><\/a><\/p>\n","protected":false},"excerpt":{"rendered":"<p>Ein voller Erfolg, der Platz ist zu 100% gef\u00fcllt mit St\u00e4nden und Besuchern.<\/p>\n","protected":false},"author":635,"featured_media":6623,"comment_status":"closed","ping_status":"closed","sticky":false,"template":"","format":"standard","meta":{"generate_page_header":"","footnotes":""},"categories":[1],"tags":[],"class_list":["post-6625","post","type-post","status-publish","format-standard","has-post-thumbnail","hentry","category-neuigkeiten"],"_links":{"self":[{"href":"https:\/\/unser-quartier.de\/koeln-widdersdorf\/wp-json\/wp\/v2\/posts\/6625","targetHints":{"allow":["GET"]}}],"collection":[{"href":"https:\/\/unser-quartier.de\/koeln-widdersdorf\/wp-json\/wp\/v2\/posts"}],"about":[{"href":"https:\/\/unser-quartier.de\/koeln-widdersdorf\/wp-json\/wp\/v2\/types\/post"}],"author":[{"embeddable":true,"href":"https:\/\/unser-quartier.de\/koeln-widdersdorf\/wp-json\/wp\/v2\/users\/635"}],"replies":[{"embeddable":true,"href":"https:\/\/unser-quartier.de\/koeln-widdersdorf\/wp-json\/wp\/v2\/comments?post=6625"}],"version-history":[{"count":0,"href":"https:\/\/unser-quartier.de\/koeln-widdersdorf\/wp-json\/wp\/v2\/posts\/6625\/revisions"}],"wp:featuredmedia":[{"embeddable":true,"href":"https:\/\/unser-quartier.de\/koeln-widdersdorf\/wp-json\/wp\/v2\/media\/6623"}],"wp:attachment":[{"href":"https:\/\/unser-quartier.de\/koeln-widdersdorf\/wp-json\/wp\/v2\/media?parent=6625"}],"wp:term":[{"taxonomy":"category","embeddable":true,"href":"https:\/\/unser-quartier.de\/koeln-widdersdorf\/wp-json\/wp\/v2\/categories?post=6625"},{"taxonomy":"post_tag","embeddable":true,"href":"https:\/\/unser-quartier.de\/koeln-widdersdorf\/wp-json\/wp\/v2\/tags?post=6625"}],"curies":[{"name":"wp","href":"https:\/\/api.w.org\/{rel}","templated":true}]}}