{"id":6649,"date":"2019-09-21T09:31:32","date_gmt":"2019-09-21T07:31:32","guid":{"rendered":"https:\/\/unser-quartier.de\/koeln-widdersdorf\/?p=6649"},"modified":"2019-09-21T10:20:14","modified_gmt":"2019-09-21T08:20:14","slug":"frauen-worauf-warten-wir","status":"publish","type":"post","link":"https:\/\/unser-quartier.de\/koeln-widdersdorf\/2019\/09\/frauen-worauf-warten-wir\/","title":{"rendered":"Frauen, worauf warten wir?"},"content":{"rendered":"<p>Im Rahmen der <a href=\"https:\/\/www.kfd-bundesverband.de\/aktionswoche\/\" data-wpel-link=\"external\" target=\"_self\" rel=\"nofollow external noopener noreferrer\" title=\"Externer Link: Kampagne der Katholischen Frauengemeinschaft Deutschlands\" class=\"ext-link wpel-icon-right\">Kampagne der Katholischen Frauengemeinschaft Deutschlands<span class=\"wpel-icon wpel-image wpel-icon-6\"><\/span><\/a><\/p>\n<p><strong> FRAUEN, WORAUF WARTEN WIR?<\/strong><\/p>\n<p>l\u00e4dt die Widdersdorfer Gruppe ein zu einem Wortgottesdienst auf dem Jakobsplatz.<\/p>\n<p><strong>am Mittwoch, dem 25. September 2019, 17.00 Uhr<br \/>\n<\/strong>Jakobsplatz, Unter Linden, vor dem Rhythm &amp; Shake Eventcaf\u00e9<\/p>\n<p>Die Kampagne setzt sich ein f\u00fcr eine geschlechtergerechte Kirche, in der Frauen und M\u00e4nner in gleicher Weise geistliche Verantwortung \u00fcbernehmen.<\/p>\n<p>Wenn Sie als Form der Sichtbarkeit f\u00fcr eine geschwisterliche Kirche einen wei\u00dfen Schal oder ein wei\u00dfes T-Shirt tragen w\u00fcrden, w\u00e4re dies ein gutes Zeichen.<\/p>\n<p><a href=\"http:\/\/www.st-jakobus-koeln.de\" data-wpel-link=\"external\" target=\"_self\" rel=\"nofollow external noopener noreferrer\" title=\"Externer Link: kfd St. Jakobus\" class=\"ext-link wpel-icon-right\">kfd St. Jakobus<span class=\"wpel-icon wpel-image wpel-icon-6\"><\/span><\/a><\/p>\n","protected":false},"excerpt":{"rendered":"<p>Im Rahmen der Kampagne der Katholischen Frauengemeinschaft Deutschlands FRAUEN, WORAUF WARTEN WIR? l\u00e4dt die Widdersdorfer Gruppe ein zu einem Wortgottesdienst auf dem Jakobsplatz. am Mittwoch, dem 25. September 2019, 17.00&hellip; <a class=\"continue\" href=\"https:\/\/unser-quartier.de\/koeln-widdersdorf\/2019\/09\/frauen-worauf-warten-wir\/\" data-wpel-link=\"internal\"> \u00bb weiterlesen: <span> Frauen, worauf warten wir?<\/span><\/a><\/p>\n","protected":false},"author":645,"featured_media":6660,"comment_status":"closed","ping_status":"closed","sticky":false,"template":"","format":"standard","meta":{"generate_page_header":"","footnotes":""},"categories":[1],"tags":[],"class_list":["post-6649","post","type-post","status-publish","format-standard","has-post-thumbnail","hentry","category-neuigkeiten"],"_links":{"self":[{"href":"https:\/\/unser-quartier.de\/koeln-widdersdorf\/wp-json\/wp\/v2\/posts\/6649","targetHints":{"allow":["GET"]}}],"collection":[{"href":"https:\/\/unser-quartier.de\/koeln-widdersdorf\/wp-json\/wp\/v2\/posts"}],"about":[{"href":"https:\/\/unser-quartier.de\/koeln-widdersdorf\/wp-json\/wp\/v2\/types\/post"}],"author":[{"embeddable":true,"href":"https:\/\/unser-quartier.de\/koeln-widdersdorf\/wp-json\/wp\/v2\/users\/645"}],"replies":[{"embeddable":true,"href":"https:\/\/unser-quartier.de\/koeln-widdersdorf\/wp-json\/wp\/v2\/comments?post=6649"}],"version-history":[{"count":0,"href":"https:\/\/unser-quartier.de\/koeln-widdersdorf\/wp-json\/wp\/v2\/posts\/6649\/revisions"}],"wp:featuredmedia":[{"embeddable":true,"href":"https:\/\/unser-quartier.de\/koeln-widdersdorf\/wp-json\/wp\/v2\/media\/6660"}],"wp:attachment":[{"href":"https:\/\/unser-quartier.de\/koeln-widdersdorf\/wp-json\/wp\/v2\/media?parent=6649"}],"wp:term":[{"taxonomy":"category","embeddable":true,"href":"https:\/\/unser-quartier.de\/koeln-widdersdorf\/wp-json\/wp\/v2\/categories?post=6649"},{"taxonomy":"post_tag","embeddable":true,"href":"https:\/\/unser-quartier.de\/koeln-widdersdorf\/wp-json\/wp\/v2\/tags?post=6649"}],"curies":[{"name":"wp","href":"https:\/\/api.w.org\/{rel}","templated":true}]}}