{"id":6680,"date":"2019-10-01T15:18:16","date_gmt":"2019-10-01T13:18:16","guid":{"rendered":"https:\/\/unser-quartier.de\/koeln-widdersdorf\/?p=6680"},"modified":"2019-10-01T17:36:42","modified_gmt":"2019-10-01T15:36:42","slug":"expressbus-fuer-widdersdorf-kommt","status":"publish","type":"post","link":"https:\/\/unser-quartier.de\/koeln-widdersdorf\/2019\/10\/expressbus-fuer-widdersdorf-kommt\/","title":{"rendered":"Expressbus f\u00fcr Widdersdorf \u2013 kommt!"},"content":{"rendered":"<p>Am 30.9.2019 fand ein von der CDU veranstaltetes B\u00fcrgerforum zum Thema \u00d6PNV in Widdersdorf statt. <br \/>\nHerr H\u00f6hn von der KVB hatte folgende Neuigkeiten:<\/p>\n<p><strong>Ab 16.12.2019 wird es zwei neue Expressbuslinien geben.<\/strong><\/p>\n<p>Die <strong>Linie 172<\/strong> wird morgens zwischen 7:00 Uhr und 9:00 Uhr im 10min. Takt von Widdersdorf \u00fcber L\u00f6venich und \u00fcber eine teilweise eigene Busspur auf der Aachenerstr. bis zum Hauptbahnhof fahren. Nachmittags in der Zeit von 15:00 Uhr bis 19:30 Uhr im 10min. Takt vom Hbf nach Widdersdorf.<\/p>\n<p>Die <strong>Linie 173<\/strong> wird in der gleichen Weise Junkersdorf und Weiden bedienen.<\/p>\n<p>Die Fahrzeiten der <strong>Linie 149<\/strong> werden auf die Zeiten von 7:00 \u2013 8:30 Uhr und 13:00 \u2013 17:15 Uhr beschr\u00e4nkt.<\/p>\n<p>Die <strong>Linie 145<\/strong> bleibt unver\u00e4ndert.<\/p>\n<p>F\u00fcr <strong>Dezember 2020<\/strong> ist eine Erh\u00f6hung der Taktrate f\u00fcr die <strong>Linie 145<\/strong> und <strong>149<\/strong> an Wochenenden im Gespr\u00e4ch, die im ersten Halbjahr 2020 im Rat der Stadt K\u00f6ln zur Beratung ansteht. Wenn die Linie 149 auch den alten Ortsteil von Widdersdorf (Unter Gottes Gnaden \u2026) bedienen soll, dann muss jetzt mit den Planungen begonnen werden. Die grunds\u00e4tzliche Bereitschaft seitens der KVB ist da.<\/p>\n<p>Weiterhin soll Widdersdorf ein oder zwei Stationen f\u00fcr Leihfahrr\u00e4der der KVB bekommen.<\/p>\n<p>Die KVB hat 53 E-Busse bestellt und die Linien 145 und 149 sollen damit ausgestattet werden. Bei der Stra\u00dfenbahnanbindung von Widdersdorf mehren sich die Stimmen und Chancen f\u00fcr eine Verl\u00e4ngerung der Linie 4.<\/p>\n","protected":false},"excerpt":{"rendered":"<p>Am 30.9.2019 fand ein von der CDU veranstaltetes B\u00fcrgerforum zum Thema \u00d6PNV in Widdersdorf statt. Herr H\u00f6hn von der KVB hatte folgende Neuigkeiten: Ab 16.12.2019 wird es zwei neue Expressbuslinien&hellip; <a class=\"continue\" href=\"https:\/\/unser-quartier.de\/koeln-widdersdorf\/2019\/10\/expressbus-fuer-widdersdorf-kommt\/\" data-wpel-link=\"internal\"> \u00bb weiterlesen: <span> Expressbus f\u00fcr Widdersdorf \u2013 kommt!<\/span><\/a><\/p>\n","protected":false},"author":635,"featured_media":6681,"comment_status":"closed","ping_status":"closed","sticky":false,"template":"","format":"standard","meta":{"generate_page_header":"","footnotes":""},"categories":[1],"tags":[],"class_list":["post-6680","post","type-post","status-publish","format-standard","has-post-thumbnail","hentry","category-neuigkeiten"],"_links":{"self":[{"href":"https:\/\/unser-quartier.de\/koeln-widdersdorf\/wp-json\/wp\/v2\/posts\/6680","targetHints":{"allow":["GET"]}}],"collection":[{"href":"https:\/\/unser-quartier.de\/koeln-widdersdorf\/wp-json\/wp\/v2\/posts"}],"about":[{"href":"https:\/\/unser-quartier.de\/koeln-widdersdorf\/wp-json\/wp\/v2\/types\/post"}],"author":[{"embeddable":true,"href":"https:\/\/unser-quartier.de\/koeln-widdersdorf\/wp-json\/wp\/v2\/users\/635"}],"replies":[{"embeddable":true,"href":"https:\/\/unser-quartier.de\/koeln-widdersdorf\/wp-json\/wp\/v2\/comments?post=6680"}],"version-history":[{"count":0,"href":"https:\/\/unser-quartier.de\/koeln-widdersdorf\/wp-json\/wp\/v2\/posts\/6680\/revisions"}],"wp:featuredmedia":[{"embeddable":true,"href":"https:\/\/unser-quartier.de\/koeln-widdersdorf\/wp-json\/wp\/v2\/media\/6681"}],"wp:attachment":[{"href":"https:\/\/unser-quartier.de\/koeln-widdersdorf\/wp-json\/wp\/v2\/media?parent=6680"}],"wp:term":[{"taxonomy":"category","embeddable":true,"href":"https:\/\/unser-quartier.de\/koeln-widdersdorf\/wp-json\/wp\/v2\/categories?post=6680"},{"taxonomy":"post_tag","embeddable":true,"href":"https:\/\/unser-quartier.de\/koeln-widdersdorf\/wp-json\/wp\/v2\/tags?post=6680"}],"curies":[{"name":"wp","href":"https:\/\/api.w.org\/{rel}","templated":true}]}}