{"id":7010,"date":"2020-02-19T13:12:48","date_gmt":"2020-02-19T12:12:48","guid":{"rendered":"https:\/\/unser-quartier.de\/koeln-widdersdorf\/?p=7010"},"modified":"2020-03-08T19:20:47","modified_gmt":"2020-03-08T18:20:47","slug":"aktionstage-gesund-mobil-im-alter-und-11-koelner-vorsorge-tag","status":"publish","type":"post","link":"https:\/\/unser-quartier.de\/koeln-widdersdorf\/2020\/02\/aktionstage-gesund-mobil-im-alter-und-11-koelner-vorsorge-tag\/","title":{"rendered":"Aktionstag &#8222;gesund &amp; mobil im Alter&#8220; 13. K\u00f6lner Vorsorge-Tag"},"content":{"rendered":"<p>Am Mittwoch, 18. M\u00e4rz 2020 findet von 9 bis 17 Uhr der Aktionstag \u201egesund &amp; mobil im Alter\u201c in Kooperation mit dem 13. K\u00f6lner Vorsorge-Tag im G\u00fcrzenich der Stadt K\u00f6ln statt. Sie k\u00f6nnen sich rund um die Themen gesund und aktiv \u00e4lterwerden, Vorsorge sowie \u00fcber gesetzliche Rahmenbedingungen im Bereich Pflege, Patientenverf\u00fcgung, Betreuungsvollmacht informieren. Bei unseren Mitmachaktionen k\u00f6nnen Sie aktiv werden und neue Angebote entdecken.<\/p>\n<p>Das komplette Programm liegt in \u00f6ffentlichen Einrichtungen aus und ist abrufbar unter: <a href=\"https:\/\/vorsorgetag.de\/\" data-wpel-link=\"external\" target=\"_self\" rel=\"nofollow external noopener noreferrer\" title=\"Externer Link: www.vorsorgetag.de.\" class=\"ext-link wpel-icon-right\">www.vorsorgetag.de.<span class=\"wpel-icon wpel-image wpel-icon-6\"><\/span><\/a><\/p>\n<p>Der Eintritt ist frei.<\/p>\n","protected":false},"excerpt":{"rendered":"<p>Am Mittwoch, 18. M\u00e4rz 2020 findet von 9 bis 17 Uhr der Aktionstag \u201egesund &amp; mobil im Alter\u201c in Kooperation mit dem 13. K\u00f6lner Vorsorge-Tag im G\u00fcrzenich der Stadt K\u00f6ln&hellip; <a class=\"continue\" href=\"https:\/\/unser-quartier.de\/koeln-widdersdorf\/2020\/02\/aktionstage-gesund-mobil-im-alter-und-11-koelner-vorsorge-tag\/\" data-wpel-link=\"internal\"> \u00bb weiterlesen: <span> Aktionstag &#8222;gesund &amp; mobil im Alter&#8220; 13. K\u00f6lner Vorsorge-Tag<\/span><\/a><\/p>\n","protected":false},"author":602,"featured_media":7117,"comment_status":"closed","ping_status":"closed","sticky":false,"template":"","format":"standard","meta":{"generate_page_header":"","footnotes":""},"categories":[65],"tags":[],"class_list":["post-7010","post","type-post","status-publish","format-standard","has-post-thumbnail","hentry","category-senioren"],"_links":{"self":[{"href":"https:\/\/unser-quartier.de\/koeln-widdersdorf\/wp-json\/wp\/v2\/posts\/7010","targetHints":{"allow":["GET"]}}],"collection":[{"href":"https:\/\/unser-quartier.de\/koeln-widdersdorf\/wp-json\/wp\/v2\/posts"}],"about":[{"href":"https:\/\/unser-quartier.de\/koeln-widdersdorf\/wp-json\/wp\/v2\/types\/post"}],"author":[{"embeddable":true,"href":"https:\/\/unser-quartier.de\/koeln-widdersdorf\/wp-json\/wp\/v2\/users\/602"}],"replies":[{"embeddable":true,"href":"https:\/\/unser-quartier.de\/koeln-widdersdorf\/wp-json\/wp\/v2\/comments?post=7010"}],"version-history":[{"count":0,"href":"https:\/\/unser-quartier.de\/koeln-widdersdorf\/wp-json\/wp\/v2\/posts\/7010\/revisions"}],"wp:featuredmedia":[{"embeddable":true,"href":"https:\/\/unser-quartier.de\/koeln-widdersdorf\/wp-json\/wp\/v2\/media\/7117"}],"wp:attachment":[{"href":"https:\/\/unser-quartier.de\/koeln-widdersdorf\/wp-json\/wp\/v2\/media?parent=7010"}],"wp:term":[{"taxonomy":"category","embeddable":true,"href":"https:\/\/unser-quartier.de\/koeln-widdersdorf\/wp-json\/wp\/v2\/categories?post=7010"},{"taxonomy":"post_tag","embeddable":true,"href":"https:\/\/unser-quartier.de\/koeln-widdersdorf\/wp-json\/wp\/v2\/tags?post=7010"}],"curies":[{"name":"wp","href":"https:\/\/api.w.org\/{rel}","templated":true}]}}