{"id":8788,"date":"2021-04-06T15:33:02","date_gmt":"2021-04-06T13:33:02","guid":{"rendered":"https:\/\/unser-quartier.de\/koeln-widdersdorf\/?p=8788"},"modified":"2021-04-06T16:27:35","modified_gmt":"2021-04-06T14:27:35","slug":"osterrally-in-widdersdorf","status":"publish","type":"post","link":"https:\/\/unser-quartier.de\/koeln-widdersdorf\/2021\/04\/osterrally-in-widdersdorf\/","title":{"rendered":"Osterrally in Widdersdorf"},"content":{"rendered":"<p class=\"x_MsoNormal\">Die R\u00e4tsel sind konzipiert f\u00fcr 10 Jahre aufw\u00e4rts, aber mit Unterst\u00fctzung eines \u00e4lteren Kindes oder einem Elternteil auch f\u00fcr j\u00fcngere Kinder zu schaffen.<\/p>\n<p class=\"x_MsoNormal\">Wir hoffen, dass trotz des Wetterumschwungs von warmen Temperaturen auf arktische Frische viele Kinder und Jugendliche teilnehmen.<\/p>\n","protected":false},"excerpt":{"rendered":"<p>Die R\u00e4tsel sind konzipiert f\u00fcr 10 Jahre aufw\u00e4rts, aber mit Unterst\u00fctzung eines \u00e4lteren Kindes oder einem Elternteil auch f\u00fcr j\u00fcngere Kinder zu schaffen. Wir hoffen, dass trotz des Wetterumschwungs von&hellip; <a class=\"continue\" href=\"https:\/\/unser-quartier.de\/koeln-widdersdorf\/2021\/04\/osterrally-in-widdersdorf\/\" data-wpel-link=\"internal\"> \u00bb weiterlesen: <span> Osterrally in Widdersdorf<\/span><\/a><\/p>\n","protected":false},"author":602,"featured_media":8781,"comment_status":"closed","ping_status":"closed","sticky":false,"template":"","format":"standard","meta":{"generate_page_header":"","footnotes":""},"categories":[95,94,61,1],"tags":[],"class_list":["post-8788","post","type-post","status-publish","format-standard","has-post-thumbnail","hentry","category-familien","category-jugendliche","category-kinder","category-neuigkeiten"],"_links":{"self":[{"href":"https:\/\/unser-quartier.de\/koeln-widdersdorf\/wp-json\/wp\/v2\/posts\/8788","targetHints":{"allow":["GET"]}}],"collection":[{"href":"https:\/\/unser-quartier.de\/koeln-widdersdorf\/wp-json\/wp\/v2\/posts"}],"about":[{"href":"https:\/\/unser-quartier.de\/koeln-widdersdorf\/wp-json\/wp\/v2\/types\/post"}],"author":[{"embeddable":true,"href":"https:\/\/unser-quartier.de\/koeln-widdersdorf\/wp-json\/wp\/v2\/users\/602"}],"replies":[{"embeddable":true,"href":"https:\/\/unser-quartier.de\/koeln-widdersdorf\/wp-json\/wp\/v2\/comments?post=8788"}],"version-history":[{"count":0,"href":"https:\/\/unser-quartier.de\/koeln-widdersdorf\/wp-json\/wp\/v2\/posts\/8788\/revisions"}],"wp:featuredmedia":[{"embeddable":true,"href":"https:\/\/unser-quartier.de\/koeln-widdersdorf\/wp-json\/wp\/v2\/media\/8781"}],"wp:attachment":[{"href":"https:\/\/unser-quartier.de\/koeln-widdersdorf\/wp-json\/wp\/v2\/media?parent=8788"}],"wp:term":[{"taxonomy":"category","embeddable":true,"href":"https:\/\/unser-quartier.de\/koeln-widdersdorf\/wp-json\/wp\/v2\/categories?post=8788"},{"taxonomy":"post_tag","embeddable":true,"href":"https:\/\/unser-quartier.de\/koeln-widdersdorf\/wp-json\/wp\/v2\/tags?post=8788"}],"curies":[{"name":"wp","href":"https:\/\/api.w.org\/{rel}","templated":true}]}}