{"id":8800,"date":"2021-04-27T16:51:10","date_gmt":"2021-04-27T14:51:10","guid":{"rendered":"https:\/\/unser-quartier.de\/koeln-widdersdorf\/?p=8800"},"modified":"2021-04-27T16:51:10","modified_gmt":"2021-04-27T14:51:10","slug":"hofflohmaerkte-terminverschiebung","status":"publish","type":"post","link":"https:\/\/unser-quartier.de\/koeln-widdersdorf\/2021\/04\/hofflohmaerkte-terminverschiebung\/","title":{"rendered":"Hofflohm\u00e4rkte \/\/ Terminverschiebung"},"content":{"rendered":"<p>Liebe Freund*innen<br \/>\nder Hofflohm\u00e4rkte,<\/p>\n<p>leider starten die Hofflohm\u00e4rkte wegen steigender Infektionszahlen, politischer Vorgaben und beh\u00f6rdlicher Bedenken im Rahmen des Infektionsschutzgesetzes erst ab Ende Juni 2021 in die neue Saison.<br \/>\nDie Termine bis Ende Juni und einzelne andere Termine werden auf einen sp\u00e4teren Termin verschoben.<br \/>\nDer offizielle Saison-Start ist somit Ende Juni 2021 in mehreren Veedeln zur gleichen Zeit.<br \/>\nDanach wieder im w\u00f6chentlichen Takt am Samstag.<\/p>\n<p>Weitere\u00a0 Termine sind unter <a href=\"https:\/\/www.hofflohmaerkte.de\/koeln\/\" data-wpel-link=\"external\" target=\"_self\" rel=\"nofollow external noopener noreferrer\" title=\"Externer Link: www.hofflohmaerkte-koeln.de\" class=\"ext-link wpel-icon-right\">www.hofflohmaerkte-koeln.de<span class=\"wpel-icon wpel-image wpel-icon-6\"><\/span><\/a>\u00a0 zu finden.<\/p>\n","protected":false},"excerpt":{"rendered":"<p>Liebe Freund*innen der Hofflohm\u00e4rkte, leider starten die Hofflohm\u00e4rkte wegen steigender Infektionszahlen, politischer Vorgaben und beh\u00f6rdlicher Bedenken im Rahmen des Infektionsschutzgesetzes erst ab Ende Juni 2021 in die neue Saison. Die&hellip; <a class=\"continue\" href=\"https:\/\/unser-quartier.de\/koeln-widdersdorf\/2021\/04\/hofflohmaerkte-terminverschiebung\/\" data-wpel-link=\"internal\"> \u00bb weiterlesen: <span> Hofflohm\u00e4rkte \/\/ Terminverschiebung<\/span><\/a><\/p>\n","protected":false},"author":602,"featured_media":8801,"comment_status":"closed","ping_status":"closed","sticky":false,"template":"","format":"standard","meta":{"generate_page_header":"","footnotes":""},"categories":[1],"tags":[],"class_list":["post-8800","post","type-post","status-publish","format-standard","has-post-thumbnail","hentry","category-neuigkeiten"],"_links":{"self":[{"href":"https:\/\/unser-quartier.de\/koeln-widdersdorf\/wp-json\/wp\/v2\/posts\/8800","targetHints":{"allow":["GET"]}}],"collection":[{"href":"https:\/\/unser-quartier.de\/koeln-widdersdorf\/wp-json\/wp\/v2\/posts"}],"about":[{"href":"https:\/\/unser-quartier.de\/koeln-widdersdorf\/wp-json\/wp\/v2\/types\/post"}],"author":[{"embeddable":true,"href":"https:\/\/unser-quartier.de\/koeln-widdersdorf\/wp-json\/wp\/v2\/users\/602"}],"replies":[{"embeddable":true,"href":"https:\/\/unser-quartier.de\/koeln-widdersdorf\/wp-json\/wp\/v2\/comments?post=8800"}],"version-history":[{"count":0,"href":"https:\/\/unser-quartier.de\/koeln-widdersdorf\/wp-json\/wp\/v2\/posts\/8800\/revisions"}],"wp:featuredmedia":[{"embeddable":true,"href":"https:\/\/unser-quartier.de\/koeln-widdersdorf\/wp-json\/wp\/v2\/media\/8801"}],"wp:attachment":[{"href":"https:\/\/unser-quartier.de\/koeln-widdersdorf\/wp-json\/wp\/v2\/media?parent=8800"}],"wp:term":[{"taxonomy":"category","embeddable":true,"href":"https:\/\/unser-quartier.de\/koeln-widdersdorf\/wp-json\/wp\/v2\/categories?post=8800"},{"taxonomy":"post_tag","embeddable":true,"href":"https:\/\/unser-quartier.de\/koeln-widdersdorf\/wp-json\/wp\/v2\/tags?post=8800"}],"curies":[{"name":"wp","href":"https:\/\/api.w.org\/{rel}","templated":true}]}}