{"id":8874,"date":"2021-08-27T11:29:40","date_gmt":"2021-08-27T09:29:40","guid":{"rendered":"https:\/\/unser-quartier.de\/koeln-widdersdorf\/?p=8874"},"modified":"2021-08-27T11:29:40","modified_gmt":"2021-08-27T09:29:40","slug":"neuer-zebrastreifen","status":"publish","type":"post","link":"https:\/\/unser-quartier.de\/koeln-widdersdorf\/2021\/08\/neuer-zebrastreifen\/","title":{"rendered":"Neuer Zebrastreifen"},"content":{"rendered":"<p>Was lange w\u00e4hrt \u2026 Hartn\u00e4ckigkeit zahlt sich aus!<\/p>\n<p>Widdersdorf hat einen neuen Zebrastreifen, auf der Hauptstra\u00dfe an der Bushaltestelle zwischen Zum Dammfelde und Im Buschfelde<\/p>\n<p>Bereits vor 20 Jahren hat die Widdersdorfer Interessengemeinschaft e.V. mit zwei Aktionen (auf einem ausgerollten Zebrastreifen haben Widdersdorfer B\u00fcrger*innen ununterbrochen die Stra\u00dfe \u00fcberquert, es entstanden f\u00fcr die Autos erhebliche Staus) an dieser Stelle einen Zebrastreifen gefordert.<\/p>\n<p>Aber, erst der hartn\u00e4ckige Einsatz von Teresa De Bellis (3 Ortstermine und regelm\u00e4\u00dfiges \u201eNerven\u201c) hat zum Erfolg gef\u00fchrt. Herzlichen Dank daf\u00fcr.<\/p>\n","protected":false},"excerpt":{"rendered":"<p>Was lange w\u00e4hrt \u2026 Hartn\u00e4ckigkeit zahlt sich aus! Widdersdorf hat einen neuen Zebrastreifen, auf der Hauptstra\u00dfe an der Bushaltestelle zwischen Zum Dammfelde und Im Buschfelde Bereits vor 20 Jahren hat&hellip; <a class=\"continue\" href=\"https:\/\/unser-quartier.de\/koeln-widdersdorf\/2021\/08\/neuer-zebrastreifen\/\" data-wpel-link=\"internal\"> \u00bb weiterlesen: <span> Neuer Zebrastreifen<\/span><\/a><\/p>\n","protected":false},"author":635,"featured_media":8875,"comment_status":"closed","ping_status":"closed","sticky":false,"template":"","format":"standard","meta":{"generate_page_header":"","footnotes":""},"categories":[1],"tags":[],"class_list":["post-8874","post","type-post","status-publish","format-standard","has-post-thumbnail","hentry","category-neuigkeiten"],"_links":{"self":[{"href":"https:\/\/unser-quartier.de\/koeln-widdersdorf\/wp-json\/wp\/v2\/posts\/8874","targetHints":{"allow":["GET"]}}],"collection":[{"href":"https:\/\/unser-quartier.de\/koeln-widdersdorf\/wp-json\/wp\/v2\/posts"}],"about":[{"href":"https:\/\/unser-quartier.de\/koeln-widdersdorf\/wp-json\/wp\/v2\/types\/post"}],"author":[{"embeddable":true,"href":"https:\/\/unser-quartier.de\/koeln-widdersdorf\/wp-json\/wp\/v2\/users\/635"}],"replies":[{"embeddable":true,"href":"https:\/\/unser-quartier.de\/koeln-widdersdorf\/wp-json\/wp\/v2\/comments?post=8874"}],"version-history":[{"count":0,"href":"https:\/\/unser-quartier.de\/koeln-widdersdorf\/wp-json\/wp\/v2\/posts\/8874\/revisions"}],"wp:featuredmedia":[{"embeddable":true,"href":"https:\/\/unser-quartier.de\/koeln-widdersdorf\/wp-json\/wp\/v2\/media\/8875"}],"wp:attachment":[{"href":"https:\/\/unser-quartier.de\/koeln-widdersdorf\/wp-json\/wp\/v2\/media?parent=8874"}],"wp:term":[{"taxonomy":"category","embeddable":true,"href":"https:\/\/unser-quartier.de\/koeln-widdersdorf\/wp-json\/wp\/v2\/categories?post=8874"},{"taxonomy":"post_tag","embeddable":true,"href":"https:\/\/unser-quartier.de\/koeln-widdersdorf\/wp-json\/wp\/v2\/tags?post=8874"}],"curies":[{"name":"wp","href":"https:\/\/api.w.org\/{rel}","templated":true}]}}