{"id":9132,"date":"2022-05-29T10:49:33","date_gmt":"2022-05-29T08:49:33","guid":{"rendered":"https:\/\/unser-quartier.de\/koeln-widdersdorf\/?p=9132"},"modified":"2022-05-29T10:49:33","modified_gmt":"2022-05-29T08:49:33","slug":"skateranlage-widdersdorf","status":"publish","type":"post","link":"https:\/\/unser-quartier.de\/koeln-widdersdorf\/2022\/05\/skateranlage-widdersdorf\/","title":{"rendered":"Skateranlage Widdersdorf"},"content":{"rendered":"<p>Jugendamt und Stadtplanungsamt stellten am 25.5.2022 den ersten Konzeptentwurf den B\u00fcrgerinnen und B\u00fcrgern vor.<\/p>\n<p>Teresa De Bellis stand gemeinsam mit ihrer Kollegin Svenja F\u00fchrer, der CDU-Fraktionsvorsitzenden in der BV Lindenthal, allen Anwesenden Rede und Antwort &#8211; und werden es auch weiter tun! <br \/>\nDas Konzept wurde vom Planungsb\u00fcro f\u00fcr Skaterparks LNDSKT aus K\u00f6ln erarbeitet. Viele Anregungen, die im vergangenen Jahr die Kinder und Jugendliche im ersten Workshop eingebracht haben, sind aufgenommen worden.<\/p>\n<p>Die Anlage ist sehr modern und passt sich prima in die Umgebung an. Auch gibt es gute Ans\u00e4tze den L\u00e4rmschutzwall zu gestalten.<br \/>\nEs gab auch Gelegenheit konstruktiv \u00fcber kritische Themen wie Aufenthalt, L\u00e4rm und Sicherheit zu sprechen. <br \/>\nDas Gespr\u00e4ch mit den B\u00fcrgerinnen und B\u00fcrgern wird fortgesetzt, so auch der Nutzerinnen Workshop. <br \/>\nWir sind alle sehr gespannt, was am Ende rauskommt.<\/p>\n<p>Eins ist sicher: der Skaterpark ist ein Mehrwert im Herzen von Widdersdorf! Kinder und Jugendliche geh\u00f6ren in die Mitte der Gesellschaft! <br \/>\nWeitere Stimmen zum Skaterpark finden Sie auf der <a href=\"https:\/\/www.openpetition.de\/petition\/online\/wir-fuer-den-skaterpark-in-widdersdorf\" data-wpel-link=\"external\" target=\"_self\" rel=\"nofollow external noopener noreferrer\" title=\"Externer Link: Online-Petition\" class=\"ext-link wpel-icon-right\">Online-Petition<span class=\"wpel-icon wpel-image wpel-icon-6\"><\/span><\/a><\/p>\n","protected":false},"excerpt":{"rendered":"<p>Jugendamt und Stadtplanungsamt stellten am 25.5.2022 den ersten Konzeptentwurf den B\u00fcrgerinnen und B\u00fcrgern vor. Teresa De Bellis stand gemeinsam mit ihrer Kollegin Svenja F\u00fchrer, der CDU-Fraktionsvorsitzenden in der BV Lindenthal,&hellip; <a class=\"continue\" href=\"https:\/\/unser-quartier.de\/koeln-widdersdorf\/2022\/05\/skateranlage-widdersdorf\/\" data-wpel-link=\"internal\"> \u00bb weiterlesen: <span> Skateranlage Widdersdorf<\/span><\/a><\/p>\n","protected":false},"author":635,"featured_media":9133,"comment_status":"closed","ping_status":"closed","sticky":false,"template":"","format":"standard","meta":{"generate_page_header":"","footnotes":""},"categories":[95,3,94,61,1],"tags":[],"class_list":["post-9132","post","type-post","status-publish","format-standard","has-post-thumbnail","hentry","category-familien","category-freizeit","category-jugendliche","category-kinder","category-neuigkeiten"],"_links":{"self":[{"href":"https:\/\/unser-quartier.de\/koeln-widdersdorf\/wp-json\/wp\/v2\/posts\/9132","targetHints":{"allow":["GET"]}}],"collection":[{"href":"https:\/\/unser-quartier.de\/koeln-widdersdorf\/wp-json\/wp\/v2\/posts"}],"about":[{"href":"https:\/\/unser-quartier.de\/koeln-widdersdorf\/wp-json\/wp\/v2\/types\/post"}],"author":[{"embeddable":true,"href":"https:\/\/unser-quartier.de\/koeln-widdersdorf\/wp-json\/wp\/v2\/users\/635"}],"replies":[{"embeddable":true,"href":"https:\/\/unser-quartier.de\/koeln-widdersdorf\/wp-json\/wp\/v2\/comments?post=9132"}],"version-history":[{"count":0,"href":"https:\/\/unser-quartier.de\/koeln-widdersdorf\/wp-json\/wp\/v2\/posts\/9132\/revisions"}],"wp:featuredmedia":[{"embeddable":true,"href":"https:\/\/unser-quartier.de\/koeln-widdersdorf\/wp-json\/wp\/v2\/media\/9133"}],"wp:attachment":[{"href":"https:\/\/unser-quartier.de\/koeln-widdersdorf\/wp-json\/wp\/v2\/media?parent=9132"}],"wp:term":[{"taxonomy":"category","embeddable":true,"href":"https:\/\/unser-quartier.de\/koeln-widdersdorf\/wp-json\/wp\/v2\/categories?post=9132"},{"taxonomy":"post_tag","embeddable":true,"href":"https:\/\/unser-quartier.de\/koeln-widdersdorf\/wp-json\/wp\/v2\/tags?post=9132"}],"curies":[{"name":"wp","href":"https:\/\/api.w.org\/{rel}","templated":true}]}}