{"id":9150,"date":"2022-07-30T10:09:19","date_gmt":"2022-07-30T08:09:19","guid":{"rendered":"https:\/\/unser-quartier.de\/koeln-widdersdorf\/?p=9150"},"modified":"2022-07-30T10:09:19","modified_gmt":"2022-07-30T08:09:19","slug":"wohnquartier-zum-dammfelde","status":"publish","type":"post","link":"https:\/\/unser-quartier.de\/koeln-widdersdorf\/2022\/07\/wohnquartier-zum-dammfelde\/","title":{"rendered":"Wohnquartier &#8222;Zum Dammfelde&#8220;"},"content":{"rendered":"<p>Dies soll keine Reklame oder Unterst\u00fctzung f\u00fcr die Vermarktung sein, aber die <strong><a href=\"https:\/\/zum-dammfelde.de\/\" data-wpel-link=\"external\" target=\"_self\" rel=\"nofollow external noopener noreferrer\" title=\"Externer Link: Internetseite\" class=\"ext-link wpel-icon-right\">Internetseite<span class=\"wpel-icon wpel-image wpel-icon-6\"><\/span><\/a><\/strong> enth\u00e4lt viele Informationen \u00fcber das neue Wohnquartier.<\/p>\n","protected":false},"excerpt":{"rendered":"<p>Dies soll keine Reklame oder Unterst\u00fctzung f\u00fcr die Vermarktung sein, aber die Internetseite enth\u00e4lt viele Informationen \u00fcber das neue Wohnquartier.<\/p>\n","protected":false},"author":635,"featured_media":9151,"comment_status":"closed","ping_status":"closed","sticky":false,"template":"","format":"standard","meta":{"generate_page_header":"","footnotes":""},"categories":[1],"tags":[],"class_list":["post-9150","post","type-post","status-publish","format-standard","has-post-thumbnail","hentry","category-neuigkeiten"],"_links":{"self":[{"href":"https:\/\/unser-quartier.de\/koeln-widdersdorf\/wp-json\/wp\/v2\/posts\/9150","targetHints":{"allow":["GET"]}}],"collection":[{"href":"https:\/\/unser-quartier.de\/koeln-widdersdorf\/wp-json\/wp\/v2\/posts"}],"about":[{"href":"https:\/\/unser-quartier.de\/koeln-widdersdorf\/wp-json\/wp\/v2\/types\/post"}],"author":[{"embeddable":true,"href":"https:\/\/unser-quartier.de\/koeln-widdersdorf\/wp-json\/wp\/v2\/users\/635"}],"replies":[{"embeddable":true,"href":"https:\/\/unser-quartier.de\/koeln-widdersdorf\/wp-json\/wp\/v2\/comments?post=9150"}],"version-history":[{"count":0,"href":"https:\/\/unser-quartier.de\/koeln-widdersdorf\/wp-json\/wp\/v2\/posts\/9150\/revisions"}],"wp:featuredmedia":[{"embeddable":true,"href":"https:\/\/unser-quartier.de\/koeln-widdersdorf\/wp-json\/wp\/v2\/media\/9151"}],"wp:attachment":[{"href":"https:\/\/unser-quartier.de\/koeln-widdersdorf\/wp-json\/wp\/v2\/media?parent=9150"}],"wp:term":[{"taxonomy":"category","embeddable":true,"href":"https:\/\/unser-quartier.de\/koeln-widdersdorf\/wp-json\/wp\/v2\/categories?post=9150"},{"taxonomy":"post_tag","embeddable":true,"href":"https:\/\/unser-quartier.de\/koeln-widdersdorf\/wp-json\/wp\/v2\/tags?post=9150"}],"curies":[{"name":"wp","href":"https:\/\/api.w.org\/{rel}","templated":true}]}}