{"id":2677,"date":"2020-01-22T13:45:31","date_gmt":"2020-01-22T12:45:31","guid":{"rendered":"https:\/\/unser-quartier.de\/neustart-innenstadt\/?p=2677"},"modified":"2020-01-30T18:09:46","modified_gmt":"2020-01-30T17:09:46","slug":"ein-spannendes-jahr-2020-in-der-hertener-innenstadt","status":"publish","type":"post","link":"https:\/\/unser-quartier.de\/neustart-innenstadt\/2020\/01\/ein-spannendes-jahr-2020-in-der-hertener-innenstadt\/","title":{"rendered":"Ein spannendes Jahr 2020 in der Hertener Innenstadt!"},"content":{"rendered":"<p>Ein spannendes Jahr 2019 liegt hinter dem Projekt \u201eNeustart Innenstadt\u201c, doch auch im Jahr 2020 wird sich viel bewegen in der Hertener Innenstadt.<\/p>\n<p><strong>Der Park kommt in die Stadt!<\/strong><\/p>\n<figure id=\"attachment_2338\" aria-describedby=\"caption-attachment-2338\" style=\"width: 284px\" class=\"wp-caption alignleft\"><a href=\"https:\/\/unser-quartier.de\/neustart-innenstadt\/files\/2019\/10\/Konzept-Der-Park-kommt-in-die-Stadt.png\" data-wpel-link=\"internal\"><img loading=\"lazy\" decoding=\"async\" id=\"longdesc-return-2338\" class=\" wp-image-2338\" src=\"https:\/\/unser-quartier.de\/neustart-innenstadt\/files\/2019\/10\/Konzept-Der-Park-kommt-in-die-Stadt.png\" alt=\"Das Gestaltungskonzept von DTP zur s\u00fcdlichen Ewaldstra\u00dfe\" width=\"294\" height=\"327\" longdesc=\"https:\/\/unser-quartier.de\/neustart-innenstadt?longdesc=2338&amp;referrer=2677\" \/><\/a><figcaption id=\"caption-attachment-2338\" class=\"wp-caption-text\">Gestaltung der s\u00fcdlichen Ewaldstra\u00dfe<\/figcaption><\/figure>\n<p>Allem voran steht die bauliche Umgestaltung der \u00f6ffentlichen R\u00e4ume in der s\u00fcdlichen Innenstadt. Das Planungsb\u00fcro DTP hat im vergangenen Jahr die ersten Konzepte f\u00fcr die s\u00fcdliche Ewaldstra\u00dfe zwischen Vitusstra\u00dfe und Place d\u00b4Arras inkl. Pastoratsweg und Stuckengasse erarbeitet und der \u00d6ffentlichkeit vorgestellt. Vorgesehen sind hier <strong>begr\u00fcnte &#8222;Vorzonen&#8220; vor den Geb\u00e4uden,<\/strong> die durch die anliegenden Nutzungen individuell &#8211; unter Wahrung grunds\u00e4tzlicher Vorgaben eines &#8222;Regiebuchs&#8220; &#8211; gestaltet werden k\u00f6nnen. Hinzukommt das Sichtbarmachen des Elements Wasser durch eine schmale Bodenrinne, die das anfallende Regenwasser von der Ewaldstra\u00dfe zum Place d\u00b4Arras und perspektivisch in den Bramh\u00fcgel leiten wird. <strong>Der Place d\u00b4Arras selbst wird als Nachbarschaftstreffpunkt<\/strong> aufgewertet, indem neue Gr\u00fcn- und Spielelemente installiert werden. Nachdem die Planentw\u00fcrfe und Ideen sowohl von Politik und Verwaltung als auch von der B\u00fcrgerschaft begr\u00fc\u00dft wurden, werden die Planungen in diesem Jahr weiter verfeinert und konkretisiert. Und SIE k\u00f6nnen dabei sein und den Planerinnen und Planern IHRE Ideen und Vorschl\u00e4ge an die Hand geben, um das bestm\u00f6gliche Ergebnis f\u00fcr die s\u00fcdliche Innenstadt zu erreichen! Im Laufe des Jahres werden dazu mehrere Veranstaltungen (Termine werden fr\u00fchzeitig bekannt gegeben) in der Innenstadt stattfinden, bei denen Ihre Meinung offene Ohren findet.<\/p>\n<figure id=\"attachment_2234\" aria-describedby=\"caption-attachment-2234\" style=\"width: 340px\" class=\"wp-caption alignright\"><a href=\"https:\/\/unser-quartier.de\/neustart-innenstadt\/files\/2019\/06\/P1150349.jpg\" data-wpel-link=\"internal\"><img loading=\"lazy\" decoding=\"async\" id=\"longdesc-return-2234\" class=\" wp-image-2234\" src=\"https:\/\/unser-quartier.de\/neustart-innenstadt\/files\/2019\/06\/P1150349.jpg\" alt=\"Gut besuchter Spiel- und Sporttag\" width=\"350\" height=\"262\" longdesc=\"https:\/\/unser-quartier.de\/neustart-innenstadt?longdesc=2234&amp;referrer=2677\" \/><\/a><figcaption id=\"caption-attachment-2234\" class=\"wp-caption-text\">Tanzauff\u00fchrung auf dem 1. Spiel- und Sporttag<\/figcaption><\/figure>\n<p><strong>Es wird wieder sportlich in der Innenstadt!<\/strong><\/p>\n<p>Neben der baulichen Umgestaltung der \u00f6ffentlichen R\u00e4ume ist das Team des Innenstadtb\u00fcros auch in anderen Handlungfeldern weiter aktiv. \u201eSo werden wir am 6. Juni den <strong>2. Spiel- und Sporttag<\/strong> in der s\u00fcdlichen Innenstadt ausrichten\u201c, freut sich Martin Pricken vom Innenstadtb\u00fcro. \u201eNachdem die Aktion im letzten Jahr so gut angekommen ist, m\u00f6chten wir die Veranstaltung in diesem Jahr nat\u00fcrlich wiederholen\u201c, erg\u00e4nzt sein Kollege Julian Kundel-F\u00fcth. Die Ewaldstra\u00dfe soll sich so auch in diesem Jahr zwischen Vitusstra\u00dfe und Place d\u00b4Arras zu einem bunten Anziehungspunkt f\u00fcr Kinder und Jugendliche verwandeln. Vereine und Einrichtungen haben dabei auch die Gelegenheit, ihre (Sport-)Angebote bekannt zu machen und neue Mitglieder zu werben. \u201eZus\u00e4tzlich organisieren wir noch ein attraktives Rahmenprogramm, aber da wollen wir noch nicht zu viel verraten\u201c, so Martin Pricken. <strong>An einer Teilnahme interessierte Vereine oder Einrichtungen k\u00f6nnen sich \u00a0gerne beim Team des Innenstadtb\u00fcros (Martin Pricken &amp; Julian Kundel-F\u00fcth, 02366 \/ 9360620, innenstadtbuero@innenstadt-herten.de) melden.\u00a0<\/strong><\/p>\n<p><strong>Umsetzung Ihrer Projektideen!<\/strong><\/p>\n<figure id=\"attachment_2679\" aria-describedby=\"caption-attachment-2679\" style=\"width: 331px\" class=\"wp-caption alignleft\"><a href=\"https:\/\/unser-quartier.de\/neustart-innenstadt\/files\/2020\/01\/Kutscherin-2.jpg\" data-wpel-link=\"internal\"><img loading=\"lazy\" decoding=\"async\" id=\"longdesc-return-2679\" class=\" wp-image-2679\" src=\"https:\/\/unser-quartier.de\/neustart-innenstadt\/files\/2020\/01\/Kutscherin-2.jpg\" alt=\"Nikolaus in seiner Kutsche\" width=\"341\" height=\"256\" longdesc=\"https:\/\/unser-quartier.de\/neustart-innenstadt?longdesc=2679&amp;referrer=2677\" \/><\/a><figcaption id=\"caption-attachment-2679\" class=\"wp-caption-text\">Nikolausmarkt 2018<\/figcaption><\/figure>\n<p>Dar\u00fcber hinaus wird auch die Arbeit des Innenstadtbeirats und die Projektf\u00f6rderung durch den <strong>Aktionsfonds<\/strong> (siehe auch Rubrik &#8222;B\u00fcrgerfragen&#8220;) fortgesetzt. Der <strong>Innenstadtbeirat<\/strong> besteht aus Vertreterinnen und Vertretern der B\u00fcrgerschaft, von Vereinen und Einrichtungen sowie der Politik und fungiert als ein Beratungsgremium des Stadterneuerungsprojektes. Hier werden zum einen alle Neuigkeiten und Projekte des \u201eNeustart Innenstadt\u201c vorgestellt und diskutiert, zum anderen entscheidet der Innenstadtbeirat auch \u00fcber die F\u00f6rdermittel des Aktionsfonds. Mit diesem F\u00f6rdertopf k\u00f6nnen <strong>b\u00fcrgerschaftliche Projekte und Aktionen<\/strong> unterst\u00fctzt werden, die zur St\u00e4rkung der Innenstadt beitragen. Ziele der Projekte sollen u.a. die Erh\u00f6hung der Identifikation der Bev\u00f6lkerung mit ihrer Innenstadt, die Verbesserung des Images des Stadtzentrums oder die F\u00f6rderung der Integration unterschiedlicher Bev\u00f6lkerungsgruppen in der Innenstadt sein. Inhaltlich ist dabei ein breites Spektrum an Projekten f\u00f6rderf\u00e4hig, z. B. aus den Bereichen Sport, Kultur, Bildung, Kunst, Natur oder Integration. \u201eIm vergangenen Jahr hat der Innenstadtbeirat sehr gute Anregungen zur Ausgestaltung der Stadterneuerung in der Innenstadt gegeben. Auch konnten bereits 12 Aktionsfondsprojekte genehmigt werden\u201c, res\u00fcmiert Julian Kundel-F\u00fcth die bisherige Arbeit des Beirats, der sich viertelj\u00e4hrlich in \u00f6ffentlichen Sitzungen zusammenfindet.<\/p>\n<p><strong>In diesem Jahr werden drei bereits bewilligte Aktionen im Rahmen des Aktionsfonds durchgef\u00fchrt:<\/strong><\/p>\n<figure id=\"attachment_2489\" aria-describedby=\"caption-attachment-2489\" style=\"width: 246px\" class=\"wp-caption alignleft\"><a href=\"https:\/\/unser-quartier.de\/neustart-innenstadt\/files\/2019\/11\/Foto-23.11.19-12-37-13.jpg\" data-wpel-link=\"internal\"><img loading=\"lazy\" decoding=\"async\" id=\"longdesc-return-2489\" class=\" wp-image-2489\" src=\"https:\/\/unser-quartier.de\/neustart-innenstadt\/files\/2019\/11\/Foto-23.11.19-12-37-13.jpg\" alt=\"Erste Kulturbaustelle von Punky Bahr\" width=\"256\" height=\"192\" longdesc=\"https:\/\/unser-quartier.de\/neustart-innenstadt?longdesc=2489&amp;referrer=2677\" \/><\/a><figcaption id=\"caption-attachment-2489\" class=\"wp-caption-text\">Erste Kulturbaustelle von Punky Bahr<\/figcaption><\/figure>\n<p>1. Der K\u00fcnstler Punky Bahr m\u00f6chte im ersten Halbjahr seine Reihe an sog. \u201e<strong>Kulturbaustellen<\/strong>\u201c in der Innenstadt fortf\u00fchren, die mit verschiedenen Aktionen wie Lesungen und musikalischen oder k\u00fcnstlerischen Darbietungen bespielt werden und Besucherinnen und Besucher anziehen sollen. Die erste Baustelle wurde bereits Ende letzten Jahres vor dem Glashaus durchgef\u00fchrt. Die zweite Baustelle ist vom 31.01.-02.02. geplant. N\u00e4here Infos hierzu folgen.<\/p>\n<p>2. Die Tanztrainerin Patricia Kosinski organisiert am 14. Februar eine <strong>Tanzaktion<\/strong> inkl. diverser Mitmachaktionen, die im Zuge des weltweiten Aufrufs \u201eOne Billion Rising\u201c auf das Thema Gewalt gegen Frauen und M\u00e4dchen aufmerksam machen sollen.<\/p>\n<p>3. Zudem \u00f6ffnet Art.62 ab Juni 2020 die Pforten des<strong> Art.Garten<\/strong> und bietet ein exklusives B\u00fchnenprogramm f\u00fcr Jung und Alt an. Mit dem Art.(Fernseh)Garden m\u00f6chte Art.62 das Format des \u201eZDF-Fernsehgartens\u201c im Kreativquartier Herten etablieren. Regionale K\u00fcnstlerinnen und K\u00fcnstler und ein buntes Unterhaltungsangebot sollen alle Besucherinnen und Besucher, ob gro\u00df oder klein, begeistern. Jede der geplanten drei Live-Shows besteht aus einem Unterhaltungsprogramm mit Solo-K\u00fcnstlern, Bands, Theaterproduktionen, Tanzgruppen, einem Clown-Programm und erg\u00e4nzenden Mit-Mach-Aktionen. Als Termine stehen hierf\u00fcr bereits der <strong>14., 21. Und 28. Juni<\/strong> fest. Die Details zu den Veranstaltungen werden rechtzeitig bekannt gemacht.<\/p>\n<p><strong>Der Projektraum f\u00fcr die Innenstadt!<\/strong><\/p>\n<p>Das Team des Innenstadtb\u00fcros entwickelt zudem aktuell ein<strong> Konzept f\u00fcr die Anmietung und Nutzung eines weiteren Projektraums<\/strong> in der Hertener Innenstadt. Mit diesem soll die M\u00f6glichkeit geschaffen werden, b\u00fcrgerschaftlichen Gruppen einen Ort in der Innenstadt zur Verf\u00fcgung zu stellen, den sie kostenlos f\u00fcr ihre Treffen und Veranstaltungen nutzen k\u00f6nnen. So k\u00f6nnen auch Angebote f\u00fcr die Bewohnerinnen und Bewohner der Innenstadt etabliert werden, um damit auch das Zusammenleben und die Integration in Herten zu st\u00e4rken. \u201eDer Projektraum bietet als ,M\u00f6glichkeitsraum\u00b4 eine tolle Chance f\u00fcr kleine Initiativen sich auszuprobieren. Hiermit soll die M\u00f6glichkeit geschaffen werden, Angebote auch ohne gro\u00dfen Aufwand und Kosten auszuprobieren\u201c, fasst Martin Pricken die Ziele des Projektraums zusammen. Zurzeit befindet sich das Team des Innenstadtb\u00fcros in Gespr\u00e4chen mit Einrichtungen, um eine Grundnutzung des Raumes sicherzustellen.<\/p>\n<p><strong>Zu guter Letzt noch eine weitere gute Nachricht: der Cliquentreff in der Sch\u00fcrmannswiese wurde erfolgreich durch den Eigent\u00fcmer, die Clees Immobilien-Gruppe, saniert und umgestaltet und feiert am 21. Februar seine Wiederer\u00f6ffnung.<\/strong><\/p>\n","protected":false},"excerpt":{"rendered":"<p>Ein spannendes Jahr 2019 liegt hinter dem Projekt \u201eNeustart Innenstadt\u201c, doch auch im Jahr 2020 wird sich viel bewegen in der Hertener Innenstadt. Der Park kommt in die Stadt! Allem voran steht die bauliche Umgestaltung der \u00f6ffentlichen R\u00e4ume in der s\u00fcdlichen Innenstadt. Das Planungsb\u00fcro DTP hat im vergangenen Jahr die ersten Konzepte f\u00fcr die s\u00fcdliche&hellip; <a class=\"continue\" href=\"https:\/\/unser-quartier.de\/neustart-innenstadt\/2020\/01\/ein-spannendes-jahr-2020-in-der-hertener-innenstadt\/\" data-wpel-link=\"internal\"> \u00bb weiterlesen: <span> Ein spannendes Jahr 2020 in der Hertener Innenstadt!<\/span><\/a><\/p>\n","protected":false},"author":740,"featured_media":0,"comment_status":"closed","ping_status":"closed","sticky":false,"template":"","format":"standard","meta":{"generate_page_header":"","footnotes":""},"categories":[38],"tags":[],"class_list":["post-2677","post","type-post","status-publish","format-standard","hentry","category-aktivitaeten"],"_links":{"self":[{"href":"https:\/\/unser-quartier.de\/neustart-innenstadt\/wp-json\/wp\/v2\/posts\/2677","targetHints":{"allow":["GET"]}}],"collection":[{"href":"https:\/\/unser-quartier.de\/neustart-innenstadt\/wp-json\/wp\/v2\/posts"}],"about":[{"href":"https:\/\/unser-quartier.de\/neustart-innenstadt\/wp-json\/wp\/v2\/types\/post"}],"author":[{"embeddable":true,"href":"https:\/\/unser-quartier.de\/neustart-innenstadt\/wp-json\/wp\/v2\/users\/740"}],"replies":[{"embeddable":true,"href":"https:\/\/unser-quartier.de\/neustart-innenstadt\/wp-json\/wp\/v2\/comments?post=2677"}],"version-history":[{"count":0,"href":"https:\/\/unser-quartier.de\/neustart-innenstadt\/wp-json\/wp\/v2\/posts\/2677\/revisions"}],"wp:attachment":[{"href":"https:\/\/unser-quartier.de\/neustart-innenstadt\/wp-json\/wp\/v2\/media?parent=2677"}],"wp:term":[{"taxonomy":"category","embeddable":true,"href":"https:\/\/unser-quartier.de\/neustart-innenstadt\/wp-json\/wp\/v2\/categories?post=2677"},{"taxonomy":"post_tag","embeddable":true,"href":"https:\/\/unser-quartier.de\/neustart-innenstadt\/wp-json\/wp\/v2\/tags?post=2677"}],"curies":[{"name":"wp","href":"https:\/\/api.w.org\/{rel}","templated":true}]}}