{"id":2998,"date":"2020-03-04T09:47:21","date_gmt":"2020-03-04T08:47:21","guid":{"rendered":"https:\/\/unser-quartier.de\/neustart-innenstadt\/?p=2998"},"modified":"2020-03-04T13:40:22","modified_gmt":"2020-03-04T12:40:22","slug":"frauenkulturtage-2020","status":"publish","type":"post","link":"https:\/\/unser-quartier.de\/neustart-innenstadt\/2020\/03\/frauenkulturtage-2020\/","title":{"rendered":"Frauenkulturtage 2020"},"content":{"rendered":"<p><strong>Angebote und Veranstaltungen vom 3. bis zum 31. M\u00e4rz<\/strong><\/p>\n<p>Der Monat M\u00e4rz steht wieder ganz im Zeichen der Frauenkulturtage. Passend zu den zahlreichen Veranstaltungen gibt es ab sofort das Programmheft zum Nachlesen. Los geht es am Dienstag, 3. M\u00e4rz, um 18 Uhr mit den Hertener Frauengespr\u00e4chen im Glashaus. Von Ausstellungen, Kunstworkshops, politischen Bildungsveranstaltungen bis hin zu speziellen Angeboten von Frauen f\u00fcr Frauen ist f\u00fcr alle etwas dabei.<\/p>\n<p>\u201eDie Frauenkulturtage stehen beispielhaft f\u00fcr das vielf\u00e4ltige Engagement unserer Stadt\u201c, betont B\u00fcrgermeister Fred Toplak. \u201eDas Programm setzt viele politische Akzente. Da k\u00f6nnen wir stolz drauf sein\u201c, erg\u00e4nzt Sabine Wei\u00dfenberg, von der Koordinierungs-und Fachstelle des Projektes \u201eDemokratie leben!\u201c aus der VHS.<\/p>\n<p>Die Journalistin Sonia Seymour Mikich spricht bei den Frauengespr\u00e4chen am 3. M\u00e4rz \u00fcber ihren Werdegang von der Kriegsreporterin zur #MeToo-Aufkl\u00e4rerin. Sowohl M\u00e4nner als auch Frauen sind eingeladen bei dem Thema mitzudiskutieren. Um Anmeldung bei der VHS wird gebeten.<\/p>\n<p><strong>Weiterer Programmpunkte:<\/strong><\/p>\n<ul>\n<li>Frauendarstellungen in Werbung und auf Postkarten \u2013 in der Ludothek gibt es am 4. M\u00e4rz, von 18.30 bis 21 Uhr die Ausstellung \u201eWeibs-Bilder\u201c.<\/li>\n<li>Das beliebte \u201eSpeed Dating mit Politikerinnen aus Herten\u201c findet am 5. M\u00e4rz, von 17 bis 18.30 Uhr im Glashaus statt. Eine Anmeldung bei der VHS ist erforderlich.<\/li>\n<li>Im Rahmen der Reihe \u201eCartoons im Pott\u201c findet am 7. M\u00e4rz, ab 20 Uhr die Er\u00f6ffnung der Ausstellung \u201eMeine Frau ist auf Dienstreise \u2013 Cartoons \u00fcber starke Frauen\u201c mit Til Mette am Hof Wessels statt.<\/li>\n<li>F\u00fcr das beliebte Frauenfr\u00fchst\u00fcck mit Kultur am 8. M\u00e4rz gibt es ab sofort Karten im Glashaus.<\/li>\n<li>Im NaturErlebnisGarten richtet sich die Veranstaltung \u201ePrinzessin Minta und der Drachentrunk\u201c am 13. M\u00e4rz, von 15 bis 17.30 Uhr an Vorschulkinder und ihre M\u00fctter.<\/li>\n<li>Auf dem Kunsthof Westerholt veranstaltet Monika Knoop-Tausch am 14. M\u00e4rz, von 10 bis 13 Uhr \u201eAction Painting\u201c.<\/li>\n<li>Holz bearbeiten durch Schleifen, S\u00e4gen, Bohren oder Lasieren. \u201eFrauen gestalten Holz\u201c am 14. M\u00e4rz von 11 bis 14 Uhr in der Franz-Hahn-Werkstatt.<\/li>\n<li>Am 17. M\u00e4rz ist \u201eEqual Pay Day\u201c, darum wird um 16 Uhr die Fahne vor dem Rathaus gehisst. Danach l\u00e4dt die Frauenarbeitsgemeinschaft Emscher-Lippe ins Magazin in Gladbeck ein.<\/li>\n<li>Die Lesung \u201eAchterbahn ins Leben\u201c von Claudia Lauer findet am 17. M\u00e4rz im VHS-Haus statt.<\/li>\n<li>Anl\u00e4sslich der Kommunalwahl 2020 l\u00e4dt das Fraueninformationsnetzwerk am 18. M\u00e4rz, von 18 bis 22 Uhr zum gemeinsamen Kochen, Kl\u00f6nen und Essen mit Kandidatinnen und Kandidaten in die Familienbildungsst\u00e4tte ein.<\/li>\n<li>\u201eF\u00fcr eine neue Streitkultur\u201c: Die Veranstaltung mit der Philosophin und Autorin Marit Rullmann, am 22. M\u00e4rz findet im VHS Kaminraum statt.<\/li>\n<li>Im Haus der Diakonie findet am 23. M\u00e4rz der \u00dcbungsabend \u201eKlar kommunizieren, besser geh\u00f6rt werden\u201c mit Karin Hester, Leiterin der Hilfen f\u00fcr Frauen beim Diakonischen Werk im Kirchenkreis Recklinghausen statt. Eine Anmeldung ist erforderlich.<\/li>\n<li>Am 25. M\u00e4rz k\u00f6nnen Interessierte eine Betriebsbesichtigung bei der Vestischen Stra\u00dfenbahn machen. Unter dem Motto \u201eWo Frauen Linie fahren \u2013 Innenansichten der Vestischen Stra\u00dfenbahnen GmbH\u201c gibt es an diesem Nachmittag viel zu sehen. Eine Anmeldung bei der Vestischen Stra\u00dfenbahnen GmbH ist zwingend erforderlich.<\/li>\n<li>Der Flohmarkt \u201eFrauen(Sachen)\u201c l\u00e4dt mit einem kreativen Begleitprogramm aus dem Kreativquartier am 29. M\u00e4rz, von 11 bis 16 Uhr zum St\u00f6bern im Glashaus ein.<\/li>\n<\/ul>\n<p>Das Programmheft mit einer \u00dcbersicht aller Termine ist in den \u00f6ffentlichen Einrichtungen im Stadtgebiet erh\u00e4ltlich. Au\u00dferdem steht die \u00dcbersicht im Internet auf der <a href=\"http:\/\/www.herten.de\" data-wpel-link=\"external\" target=\"_self\" rel=\"nofollow external noopener noreferrer\" title=\"Externer Link: Homepage der Stadt Herten\" class=\"ext-link wpel-icon-right\">Homepage der Stadt Herten<span class=\"wpel-icon wpel-image wpel-icon-6\"><\/span><\/a>. Die Frauenkulturtage 2020 werden von den Hertener Stadtwerken und der Volksbank Ruhr Mitte unterst\u00fctzt.<\/p>\n<p>(Beitragsbild s.o.: Lisa Schmidt)<\/p>\n","protected":false},"excerpt":{"rendered":"<p>Angebote und Veranstaltungen vom 3. bis zum 31. M\u00e4rz Der Monat M\u00e4rz steht wieder ganz im Zeichen der Frauenkulturtage. Passend zu den zahlreichen Veranstaltungen gibt es ab sofort das Programmheft zum Nachlesen. Los geht es am Dienstag, 3. M\u00e4rz, um 18 Uhr mit den Hertener Frauengespr\u00e4chen im Glashaus. Von Ausstellungen, Kunstworkshops, politischen Bildungsveranstaltungen bis hin&hellip; <a class=\"continue\" href=\"https:\/\/unser-quartier.de\/neustart-innenstadt\/2020\/03\/frauenkulturtage-2020\/\" data-wpel-link=\"internal\"> \u00bb weiterlesen: <span> Frauenkulturtage 2020<\/span><\/a><\/p>\n","protected":false},"author":740,"featured_media":0,"comment_status":"closed","ping_status":"closed","sticky":false,"template":"","format":"standard","meta":{"generate_page_header":"","footnotes":""},"categories":[3,4,38],"tags":[],"class_list":["post-2998","post","type-post","status-publish","format-standard","hentry","category-persoenlichkeiten","category-berichte","category-aktivitaeten"],"_links":{"self":[{"href":"https:\/\/unser-quartier.de\/neustart-innenstadt\/wp-json\/wp\/v2\/posts\/2998","targetHints":{"allow":["GET"]}}],"collection":[{"href":"https:\/\/unser-quartier.de\/neustart-innenstadt\/wp-json\/wp\/v2\/posts"}],"about":[{"href":"https:\/\/unser-quartier.de\/neustart-innenstadt\/wp-json\/wp\/v2\/types\/post"}],"author":[{"embeddable":true,"href":"https:\/\/unser-quartier.de\/neustart-innenstadt\/wp-json\/wp\/v2\/users\/740"}],"replies":[{"embeddable":true,"href":"https:\/\/unser-quartier.de\/neustart-innenstadt\/wp-json\/wp\/v2\/comments?post=2998"}],"version-history":[{"count":0,"href":"https:\/\/unser-quartier.de\/neustart-innenstadt\/wp-json\/wp\/v2\/posts\/2998\/revisions"}],"wp:attachment":[{"href":"https:\/\/unser-quartier.de\/neustart-innenstadt\/wp-json\/wp\/v2\/media?parent=2998"}],"wp:term":[{"taxonomy":"category","embeddable":true,"href":"https:\/\/unser-quartier.de\/neustart-innenstadt\/wp-json\/wp\/v2\/categories?post=2998"},{"taxonomy":"post_tag","embeddable":true,"href":"https:\/\/unser-quartier.de\/neustart-innenstadt\/wp-json\/wp\/v2\/tags?post=2998"}],"curies":[{"name":"wp","href":"https:\/\/api.w.org\/{rel}","templated":true}]}}