{"id":3004,"date":"2020-03-04T14:55:37","date_gmt":"2020-03-04T13:55:37","guid":{"rendered":"https:\/\/unser-quartier.de\/neustart-innenstadt\/?p=3004"},"modified":"2020-03-04T14:55:37","modified_gmt":"2020-03-04T13:55:37","slug":"fussverkehr-in-herten-war-auf-dem-pruefstand","status":"publish","type":"post","link":"https:\/\/unser-quartier.de\/neustart-innenstadt\/2020\/03\/fussverkehr-in-herten-war-auf-dem-pruefstand\/","title":{"rendered":"Fu\u00dfverkehr in Herten war auf dem Pr\u00fcfstand"},"content":{"rendered":"<p><strong>Herten hat viele St\u00e4rken<\/strong><\/p>\n<p>Der Fu\u00dfverkehrs-Check NRW ist vorbei. Die Ergebnisse des Projekts sind jetzt bei einem Abschlussworkshop pr\u00e4sentiert worden. Eine der wichtigsten Erkenntnisse dabei: Herten hat viele St\u00e4rken. So gibt es hier zum Beispiel das erste durchg\u00e4ngige taktile Leitsystem f\u00fcr Menschen mit Sehbehinderung.<\/p>\n<p>B\u00fcrgermeister Fred Toplak freute sich dabei \u00fcber die gute Zusammenarbeit von Verwaltung, Politik und Verb\u00e4nden sowie B\u00fcrgerinnen und B\u00fcrgern um den Fu\u00dfverkehr vor Ort unter die Lupe zu nehmen und zu diskutieren. \u201eIch glaube, dass wir insgesamt auf einem guten Weg sind\u201c, so Toplak. \u201eMit den Ergebnissen des Fu\u00dfverkehrschecks k\u00f6nnen wir jetzt aber noch besser im Sinne der B\u00fcrgerinnen und B\u00fcrger handeln.\u201c Das sieht auch das Planungsb\u00fcro VIA aus K\u00f6ln so. Die Verkehrsplanerin Andrea Fromberg betont dabei, dass sie kaum eine andere Kommune mit einem durchg\u00e4ngigen taktilen Leitsystem f\u00fcr Menschen mit Sehbehinderung kennt. Herten sei hier bereits einen Schritt weiter. \u201eViele wissen aber gar nicht, dass die Rillen im Boden in der Fu\u00dfg\u00e4ngerzone eben genau das sind: ein Leitsystem\u201c, so Fromberg.<\/p>\n<figure id=\"attachment_3006\" aria-describedby=\"caption-attachment-3006\" style=\"width: 447px\" class=\"wp-caption aligncenter\"><a href=\"https:\/\/unser-quartier.de\/neustart-innenstadt\/files\/2020\/03\/214122P.jpg\" data-wpel-link=\"internal\"><img loading=\"lazy\" decoding=\"async\" id=\"longdesc-return-3006\" class=\" wp-image-3006\" tabindex=\"-1\" src=\"https:\/\/unser-quartier.de\/neustart-innenstadt\/files\/2020\/03\/214122P.jpg\" alt=\"Anja Thomas (Stadt Herten), B\u00fcrgermeister Fred Toplak, Lars Thede (Stadt Herten), Kirsten Niklas, Andrea Fromberg und Helena Bauer vom Planungsb\u00fcro VIA aus K\u00f6ln und Dr. Inga Molenda vom Zukunftsnetz Mobilit\u00e4t zusammen beim Abschlussworkshop des Fu\u00dfverkehrs-Checks NRW. \" width=\"457\" height=\"304\" longdesc=\"https:\/\/unser-quartier.de\/neustart-innenstadt?longdesc=3006&amp;referrer=3004\" \/><\/a><figcaption id=\"caption-attachment-3006\" class=\"wp-caption-text\">Anja Thomas (Stadt Herten), B\u00fcrgermeister Fred Toplak, Lars Thede (Stadt Herten), Kirsten Niklas, Andrea Fromberg und Helena Bauer vom Planungsb\u00fcro VIA aus K\u00f6ln und Dr. Inga Molenda vom Zukunftsnetz Mobilit\u00e4t zusammen beim Abschlussworkshop des Fu\u00dfverkehrs-Checks NRW. (\u00a9 Stadt Herten)<\/figcaption><\/figure>\n<p>Eine konkrete Ma\u00dfnahme zur Verbesserung ist in diesem Fall zum Beispiel mehr Information an alle. Nur wenn jeder wei\u00df, dass es sich bei den Rillen um eine konkrete Hilfe f\u00fcr andere Menschen handelt, kann ein einzelner auch darauf achten, zum Beispiel keine Schilder oder \u00e4hnliches darauf zu stellen. Jetzt wird vom Planungsb\u00fcro ein Endbericht erstellt. Im Anschluss wird die Verwaltung die Empfehlungen und Anregungen pr\u00fcfen. Gegebenenfalls muss dann ein politischer Auftrag durch die Fachaussch\u00fcsse zur Umsetzung und zur Bereitstellung von finanziellen Mitteln eingeholt werden.<\/p>\n<p>Das Projekt wird gef\u00f6rdert durch das Ministerium f\u00fcr Verkehr des Landes Nordrhein-Westfalen und das Zukunftsnetz Mobilit\u00e4t NRW. Das Zukunftsnetz Mobilit\u00e4t NRW unterst\u00fctzt in diesem Jahr zehn Mitgliedskommunen in NRW bei der Fu\u00dfverkehrsf\u00f6rderung. Allgemeine Informationen gibt auf der <a href=\"http:\/\/www.zukunftsnetz-mobilitaet.nrw.de\/fussverkehrs-checks\" data-wpel-link=\"external\" target=\"_self\" rel=\"nofollow external noopener noreferrer\" title=\"Externer Link: Homepage des Zukunftsnetzes Mobilit\u00e4t\" class=\"ext-link wpel-icon-right\">Homepage des Zukunftsnetzes Mobilit\u00e4t<span class=\"wpel-icon wpel-image wpel-icon-6\"><\/span><\/a>.<\/p>\n","protected":false},"excerpt":{"rendered":"<p>Herten hat viele St\u00e4rken Der Fu\u00dfverkehrs-Check NRW ist vorbei. Die Ergebnisse des Projekts sind jetzt bei einem Abschlussworkshop pr\u00e4sentiert worden. Eine der wichtigsten Erkenntnisse dabei: Herten hat viele St\u00e4rken. So gibt es hier zum Beispiel das erste durchg\u00e4ngige taktile Leitsystem f\u00fcr Menschen mit Sehbehinderung. B\u00fcrgermeister Fred Toplak freute sich dabei \u00fcber die gute Zusammenarbeit von&hellip; <a class=\"continue\" href=\"https:\/\/unser-quartier.de\/neustart-innenstadt\/2020\/03\/fussverkehr-in-herten-war-auf-dem-pruefstand\/\" data-wpel-link=\"internal\"> \u00bb weiterlesen: <span> Fu\u00dfverkehr in Herten war auf dem Pr\u00fcfstand<\/span><\/a><\/p>\n","protected":false},"author":740,"featured_media":0,"comment_status":"closed","ping_status":"closed","sticky":false,"template":"","format":"standard","meta":{"generate_page_header":"","footnotes":""},"categories":[1,38],"tags":[],"class_list":["post-3004","post","type-post","status-publish","format-standard","hentry","category-dies-und-das","category-aktivitaeten"],"_links":{"self":[{"href":"https:\/\/unser-quartier.de\/neustart-innenstadt\/wp-json\/wp\/v2\/posts\/3004","targetHints":{"allow":["GET"]}}],"collection":[{"href":"https:\/\/unser-quartier.de\/neustart-innenstadt\/wp-json\/wp\/v2\/posts"}],"about":[{"href":"https:\/\/unser-quartier.de\/neustart-innenstadt\/wp-json\/wp\/v2\/types\/post"}],"author":[{"embeddable":true,"href":"https:\/\/unser-quartier.de\/neustart-innenstadt\/wp-json\/wp\/v2\/users\/740"}],"replies":[{"embeddable":true,"href":"https:\/\/unser-quartier.de\/neustart-innenstadt\/wp-json\/wp\/v2\/comments?post=3004"}],"version-history":[{"count":0,"href":"https:\/\/unser-quartier.de\/neustart-innenstadt\/wp-json\/wp\/v2\/posts\/3004\/revisions"}],"wp:attachment":[{"href":"https:\/\/unser-quartier.de\/neustart-innenstadt\/wp-json\/wp\/v2\/media?parent=3004"}],"wp:term":[{"taxonomy":"category","embeddable":true,"href":"https:\/\/unser-quartier.de\/neustart-innenstadt\/wp-json\/wp\/v2\/categories?post=3004"},{"taxonomy":"post_tag","embeddable":true,"href":"https:\/\/unser-quartier.de\/neustart-innenstadt\/wp-json\/wp\/v2\/tags?post=3004"}],"curies":[{"name":"wp","href":"https:\/\/api.w.org\/{rel}","templated":true}]}}