{"id":4432,"date":"2021-01-22T13:28:30","date_gmt":"2021-01-22T12:28:30","guid":{"rendered":"https:\/\/unser-quartier.de\/neustart-innenstadt\/?p=4432"},"modified":"2021-01-27T11:46:18","modified_gmt":"2021-01-27T10:46:18","slug":"gesteine-aus-aller-welt-in-der-innenstadt","status":"publish","type":"post","link":"https:\/\/unser-quartier.de\/neustart-innenstadt\/2021\/01\/gesteine-aus-aller-welt-in-der-innenstadt\/","title":{"rendered":"Gesteine aus aller Welt in der Innenstadt"},"content":{"rendered":"<h2>Mineralien-Ausstellung \u201eUnter uns\u201c \u00a0im Projektraum des \u201eNeustart Innenstadt\u201c<\/h2>\n<figure id=\"attachment_4435\" aria-describedby=\"caption-attachment-4435\" style=\"width: 274px\" class=\"wp-caption alignleft\"><a href=\"https:\/\/unser-quartier.de\/neustart-innenstadt\/files\/2021\/01\/Foto-21.01.21-16-13-35.jpg\" data-wpel-link=\"internal\"><img loading=\"lazy\" decoding=\"async\" id=\"longdesc-return-4435\" class=\" wp-image-4435\" tabindex=\"-1\" src=\"https:\/\/unser-quartier.de\/neustart-innenstadt\/files\/2021\/01\/Foto-21.01.21-16-13-35.jpg\" alt=\"Mineralien-Ausstellung &quot;Unter uns&quot;\" width=\"284\" height=\"213\" longdesc=\"https:\/\/unser-quartier.de\/neustart-innenstadt?longdesc=4435&amp;referrer=4432\" \/><\/a><figcaption id=\"caption-attachment-4435\" class=\"wp-caption-text\">Mineralien-Ausstellung &#8222;Unter uns&#8220;<\/figcaption><\/figure>\n<p>Ob Bleiglanz, L\u00f6llingit oder Schnitzereien aus K\u00e4nnelkohle, Mineralien-LiebhaberInnen und alle Interessierten k\u00f6nnen ab sofort die Mineralien-Ausstellung im neuen Projektraum des \u201eNeustart Innenstadt\u201c im Ladenlokal der Theodor-Heuss-Stra\u00dfe 26 (direkt am Place d\u00b4Arras) bestaunen. \u00dcber 400 Exemplare von unterschiedlichen Gesteinsarten hat der Geschichtskreis Schl\u00e4gel &amp; Eisen von Herrn Roshol aus Dortmund als Spende erhalten. Der Mineralien-Experte und Hobby-Sammler baute diese erstaunliche Sammlung seit fast 60 Jahren auf. \u201eHerr Roshol, dem wir an dieser Stelle noch einmal herzlich danken m\u00f6chten, hat die Gesteine und Mineralien teilweise bei seiner Arbeit unter Tage selbst gefunden, auf Mineralienb\u00f6rsen erstanden oder durch Tauschgesch\u00e4fte in seine Sammlung aufgenommen\u201c, zeigt Uwe Hauschild, Vorsitzender des Geschichtskreises, sich begeistert.<\/p>\n<h3>Die ganze Welt ist vertreten<\/h3>\n<figure id=\"attachment_4436\" aria-describedby=\"caption-attachment-4436\" style=\"width: 217px\" class=\"wp-caption alignright\"><a href=\"https:\/\/unser-quartier.de\/neustart-innenstadt\/files\/2021\/01\/Foto-21.01.21-15-52-48.jpg\" data-wpel-link=\"internal\"><img loading=\"lazy\" decoding=\"async\" id=\"longdesc-return-4436\" class=\" wp-image-4436\" tabindex=\"-1\" src=\"https:\/\/unser-quartier.de\/neustart-innenstadt\/files\/2021\/01\/Foto-21.01.21-15-52-48.jpg\" alt=\"Exemplar aus der Mineralien-Ausstellung &quot;Unter uns&quot;\" width=\"227\" height=\"302\" longdesc=\"https:\/\/unser-quartier.de\/neustart-innenstadt?longdesc=4436&amp;referrer=4432\" \/><\/a><figcaption id=\"caption-attachment-4436\" class=\"wp-caption-text\">Exemplar aus der Mineralien-Ausstellung &#8222;Unter uns&#8220;<\/figcaption><\/figure>\n<p>Aus aller Herren L\u00e4nder und von allen Kontinenten, vom Ruhrgebiet bis nach Peru, kamen nach und nach unterschiedlichste Arten von Gesteinen dazu. Auch \u00e4u\u00dferst bemerkenswerte Exemplare wie die Versteinerung eines Reptils in Schiefergestein sind dabei. \u201eDie Auswahl ist echt riesig. Herr Roshol hat die Funde zum Gl\u00fcck zum gr\u00f6\u00dften Teil bereits katalogisiert und beschriftet. Wir werden nat\u00fcrlich nicht alle Exemplare auf einmal im Projektraum ausstellen k\u00f6nnen. Wir werden die Ausstellung aber stetig neu gestalten, damit die Interessierten einen gr\u00f6\u00dftm\u00f6glichen Einblick in die Sammlung bekommen k\u00f6nnen. Mehrmalige Besuche und Blicke ins Schaufenster lohnen sich also\u201c, so Georg Maier vom Geschichtskreis.<\/p>\n<p>Ab Februar werden die Ausstellungsst\u00fccke durch Lichtinstallationen weiter besser in Szene gesetzt. \u201eWenn jemand noch eine schicke Vitrine hat und uns diese tempor\u00e4r oder dauerhaft f\u00fcr die Ausstellung zur Verf\u00fcgung stellen m\u00f6chte, w\u00e4ren wir sehr dankbar. Auch interessierte Personen, die uns bei der Katalogisierung der noch nicht n\u00e4her bestimmten Exemplare unterst\u00fctzen m\u00f6chten und ggf. bereits ein Vorwissen haben, sind immer herzlich willkommen\u201c, richtet sich Uwe Hauschild an alle Mineralien-Begeisterte.<\/p>\n<p>Als erste Besucher hat sich das Team von Cityinfo die au\u00dfergew\u00f6hnliche Ausstellung im Projektraum angeschaut. Einen Bericht \u00fcber den Besuch finden Sie auf der <a href=\"https:\/\/www.cityinfo.tv\/herten-neuer-projektraum-startet-mit-seltenen-bergbau-schaetzen\" data-wpel-link=\"external\" target=\"_self\" rel=\"nofollow external noopener noreferrer\" title=\"Externer Link: Homepage von Cityinfo\" class=\"ext-link wpel-icon-right\">Homepage von Cityinfo<span class=\"wpel-icon wpel-image wpel-icon-6\"><\/span><\/a>.<\/p>\n<p>Solange der Projektraum des \u201eNeustart Innenstadt\u201c coronabedingt noch nicht in einer regelm\u00e4\u00dfigen Nutzung ist, wird die Gesteinssammlung im Schaufenster des Ladenlokals ausgestellt werden. Zuk\u00fcnftig wird der Projektraum kostenfrei allen Vereinen, Initiativen, Einrichtungen oder B\u00fcrgerschaftsgruppen f\u00fcr innenstadtst\u00e4rkende Aktionen zur Verf\u00fcgung stehen. Wer an einer Nutzung des Raums Interesse hat, kann sich gerne mit dem Team des Innenstadtb\u00fcros in Verbindung setzen. Zusammen mit einer weiteren Mineraliensammlung des Sammlers Joachim Loos wird die Zeche Schl\u00e4gel &amp; Eisen die endg\u00fcltige Heimat der Ausstellung werden.<\/p>\n<h3>Ansprechperson<\/h3>\n<p>Alle Interessierten und Unterst\u00fctzerInnen rund um die Ausstellung k\u00f6nnen sich an Uwe Hauschild vom Geschichtskreis Schl\u00e4gel &amp; Eisen wenden.<\/p>\n<p>Mail: <a href=\"mailto:Info@schlaegelundeisen-herten.de\">info@schlaegelundeisen-herten.de<\/a><\/p>\n<div id='gallery-1' class='gallery galleryid-4432 gallery-columns-3 gallery-size-thumbnail'><figure class='gallery-item'>\n\t\t\t<div class='gallery-icon '>\n\t\t\t\t<a href=\"https:\/\/unser-quartier.de\/neustart-innenstadt\/2021\/01\/gesteine-aus-aller-welt-in-der-innenstadt\/foto-21-01-21-16-03-12\/\" data-wpel-link=\"internal\">20210122_Mineralienausstellung5<\/a>\n\t\t\t<\/div>\n\t\t\t\t<figcaption class='wp-caption-text gallery-caption' id='gallery-1-4438'>\n\t\t\t\tMineralien-Ausstellung &#8222;Unter uns&#8220;\n\t\t\t\t<\/figcaption><\/figure><figure class='gallery-item'>\n\t\t\t<div class='gallery-icon '>\n\t\t\t\t<a href=\"https:\/\/unser-quartier.de\/neustart-innenstadt\/2021\/01\/gesteine-aus-aller-welt-in-der-innenstadt\/foto-21-01-21-16-02-58\/\" data-wpel-link=\"internal\">20210122_Mineralienausstellung4<\/a>\n\t\t\t<\/div>\n\t\t\t\t<figcaption class='wp-caption-text gallery-caption' id='gallery-1-4437'>\n\t\t\t\tUwe Hauschild pr\u00e4sentiert die Mineralien-Ausstellung &#8222;Unter uns&#8220;\n\t\t\t\t<\/figcaption><\/figure><figure class='gallery-item'>\n\t\t\t<div class='gallery-icon '>\n\t\t\t\t<a href=\"https:\/\/unser-quartier.de\/neustart-innenstadt\/2021\/01\/gesteine-aus-aller-welt-in-der-innenstadt\/foto-21-01-21-16-04-35\/\" data-wpel-link=\"internal\">20210122_Mineralienausstellung6<\/a>\n\t\t\t<\/div>\n\t\t\t\t<figcaption class='wp-caption-text gallery-caption' id='gallery-1-4439'>\n\t\t\t\tExemplare der Mineralien-Ausstellung &#8222;Unter uns&#8220;\n\t\t\t\t<\/figcaption><\/figure><figure class='gallery-item'>\n\t\t\t<div class='gallery-icon '>\n\t\t\t\t<a href=\"https:\/\/unser-quartier.de\/neustart-innenstadt\/2021\/01\/gesteine-aus-aller-welt-in-der-innenstadt\/foto-21-01-21-16-04-43\/\" data-wpel-link=\"internal\">20210122_Mineralienausstellung7<\/a>\n\t\t\t<\/div>\n\t\t\t\t<figcaption class='wp-caption-text gallery-caption' id='gallery-1-4440'>\n\t\t\t\tExemplar der Mineralien-Ausstellung &#8222;Unter uns&#8220;\n\t\t\t\t<\/figcaption><\/figure><figure class='gallery-item'>\n\t\t\t<div class='gallery-icon '>\n\t\t\t\t<a href=\"https:\/\/unser-quartier.de\/neustart-innenstadt\/2021\/01\/gesteine-aus-aller-welt-in-der-innenstadt\/foto-21-01-21-16-04-55\/\" data-wpel-link=\"internal\">20210122_Mineralienausstellung9<\/a>\n\t\t\t<\/div>\n\t\t\t\t<figcaption class='wp-caption-text gallery-caption' id='gallery-1-4441'>\n\t\t\t\tExemplar der Mineralien-Ausstellung &#8222;Unter uns&#8220;\n\t\t\t\t<\/figcaption><\/figure><figure class='gallery-item'>\n\t\t\t<div class='gallery-icon '>\n\t\t\t\t<a href=\"https:\/\/unser-quartier.de\/neustart-innenstadt\/2021\/01\/gesteine-aus-aller-welt-in-der-innenstadt\/foto-21-01-21-16-05-20\/\" data-wpel-link=\"internal\">20210122_Mineralienausstellung10<\/a>\n\t\t\t<\/div>\n\t\t\t\t<figcaption class='wp-caption-text gallery-caption' id='gallery-1-4442'>\n\t\t\t\tHerr Maier pr\u00e4sentiert die Mineralien-Ausstellung &#8222;Unter uns&#8220;\n\t\t\t\t<\/figcaption><\/figure><figure class='gallery-item'>\n\t\t\t<div class='gallery-icon '>\n\t\t\t\t<a href=\"https:\/\/unser-quartier.de\/neustart-innenstadt\/2021\/01\/gesteine-aus-aller-welt-in-der-innenstadt\/foto-21-01-21-16-13-45\/\" data-wpel-link=\"internal\">20210122_Mineralienausstellung11<\/a>\n\t\t\t<\/div>\n\t\t\t\t<figcaption class='wp-caption-text gallery-caption' id='gallery-1-4443'>\n\t\t\t\tMineralien-Ausstellung &#8222;Unter uns&#8220;\n\t\t\t\t<\/figcaption><\/figure>\n\t\t<\/div>\n\n","protected":false},"excerpt":{"rendered":"<p>Mineralien-Ausstellung \u201eUnter uns\u201c \u00a0im Projektraum des \u201eNeustart Innenstadt\u201c Ob Bleiglanz, L\u00f6llingit oder Schnitzereien aus K\u00e4nnelkohle, Mineralien-LiebhaberInnen und alle Interessierten k\u00f6nnen ab sofort die Mineralien-Ausstellung im neuen Projektraum des \u201eNeustart Innenstadt\u201c im Ladenlokal der Theodor-Heuss-Stra\u00dfe 26 (direkt am Place d\u00b4Arras) bestaunen. \u00dcber 400 Exemplare von unterschiedlichen Gesteinsarten hat der Geschichtskreis Schl\u00e4gel &amp; Eisen von Herrn Roshol&hellip; <a class=\"continue\" href=\"https:\/\/unser-quartier.de\/neustart-innenstadt\/2021\/01\/gesteine-aus-aller-welt-in-der-innenstadt\/\" data-wpel-link=\"internal\"> \u00bb weiterlesen: <span> Gesteine aus aller Welt in der Innenstadt<\/span><\/a><\/p>\n","protected":false},"author":740,"featured_media":0,"comment_status":"closed","ping_status":"closed","sticky":false,"template":"","format":"standard","meta":{"generate_page_header":"","footnotes":""},"categories":[4,38],"tags":[200,199,198,201,202,203],"class_list":["post-4432","post","type-post","status-publish","format-standard","hentry","category-berichte","category-aktivitaeten","tag-ausstellung","tag-gesteine","tag-mineralien","tag-projektraum","tag-schlaegel-eisen","tag-theodor-heuss-str-26"],"_links":{"self":[{"href":"https:\/\/unser-quartier.de\/neustart-innenstadt\/wp-json\/wp\/v2\/posts\/4432","targetHints":{"allow":["GET"]}}],"collection":[{"href":"https:\/\/unser-quartier.de\/neustart-innenstadt\/wp-json\/wp\/v2\/posts"}],"about":[{"href":"https:\/\/unser-quartier.de\/neustart-innenstadt\/wp-json\/wp\/v2\/types\/post"}],"author":[{"embeddable":true,"href":"https:\/\/unser-quartier.de\/neustart-innenstadt\/wp-json\/wp\/v2\/users\/740"}],"replies":[{"embeddable":true,"href":"https:\/\/unser-quartier.de\/neustart-innenstadt\/wp-json\/wp\/v2\/comments?post=4432"}],"version-history":[{"count":0,"href":"https:\/\/unser-quartier.de\/neustart-innenstadt\/wp-json\/wp\/v2\/posts\/4432\/revisions"}],"wp:attachment":[{"href":"https:\/\/unser-quartier.de\/neustart-innenstadt\/wp-json\/wp\/v2\/media?parent=4432"}],"wp:term":[{"taxonomy":"category","embeddable":true,"href":"https:\/\/unser-quartier.de\/neustart-innenstadt\/wp-json\/wp\/v2\/categories?post=4432"},{"taxonomy":"post_tag","embeddable":true,"href":"https:\/\/unser-quartier.de\/neustart-innenstadt\/wp-json\/wp\/v2\/tags?post=4432"}],"curies":[{"name":"wp","href":"https:\/\/api.w.org\/{rel}","templated":true}]}}