{"id":5599,"date":"2021-11-17T11:48:56","date_gmt":"2021-11-17T10:48:56","guid":{"rendered":"https:\/\/unser-quartier.de\/neustart-innenstadt\/?p=5599"},"modified":"2021-11-17T11:48:56","modified_gmt":"2021-11-17T10:48:56","slug":"freitag-ist-es-soweit-lichter-an-zum-kinderspass","status":"publish","type":"post","link":"https:\/\/unser-quartier.de\/neustart-innenstadt\/2021\/11\/freitag-ist-es-soweit-lichter-an-zum-kinderspass\/","title":{"rendered":"Freitag ist es soweit: Lichter an zum Kinderspa\u00df!"},"content":{"rendered":"<p>Nur noch zwei Tage:\u00a0 dann warten von 15.00 bis 19.00 Uhr in der s\u00fcdlichen Ewaldstra\u00dfe tolle und spannende Angebote auf Kinder und ihre Familien. Das Projektb\u00fcro NEUSTART INNENSTADT richtet zusammen mit zahlreichen Kinder-, Jugend- und Bildungseinrichtungen aus der Hertener Innenstadt das Fest \u201eLichter an zum Kinderspa\u00df!\u201c aus.<\/p>\n<p>Ob spannende Vorlesegeschichten, tolle Konzerte, das kreative Gestalten von Windlichtern, Pappfiguren oder Traumf\u00e4ngern, aktive Spielangebote zum Beispiel mit Robotern sowie viele weitere Kreativangebote, f\u00fcr jedes Kind ist etwas dabei. An insgesamt f\u00fcnf Standorten, angefangen vom Demokratiefenster und dem Jugendtreff der Waldritter, \u00fcber das Projektb\u00fcro NEUSTART INNENSTADT und die Ludothek der Waldritter bis hin zum Projektraum am Place d\u00b4Arras werden die Angebote in unmittelbarer N\u00e4he in der Ewaldstra\u00dfe stattfinden.<\/p>\n<p>Im zuletzt genannten Projektraum am Place d\u2019Arras gibt es ein buntes Programm aus kleinen Konzerten der Musikschule Herten und spannende Vorleseangebote des F\u00f6rdervereins der Stadtbibliothek, die zum Zuh\u00f6ren einladen:<\/p>\n<p><strong>15.00 bis 16.00 Uhr \u2013 Lesungen<\/strong><\/p>\n<p>Ein Fest f\u00fcr Marie (Cornelia Funke);<\/p>\n<p>Vom Maulwurf, der wissen wollte, wer ihm auf den Kopf gemacht hatte (Grimms M\u00e4rchen)<\/p>\n<p><strong>16.00 bis 16.20 Uhr \u2013 Konzert<\/strong><\/p>\n<p>Tischharfengruppe der Musikschule Herten (Leitung: Susanne Monka)<\/p>\n<p><strong>16.30 bis 17.00 Uhr \u2013 Lesung<\/strong><\/p>\n<p>Ein V\u00f6gelchen zieht in die Welt hinaus (Grimms M\u00e4rchen)<\/p>\n<p><strong>17.00 bis 17.20 Uhr \u2013 Konzert<\/strong><\/p>\n<p>Saxophonensemble der Musikschule Herten (Leitung: Rainer Ptassek)<\/p>\n<p><strong>17.20 bis 17.40 Uhr \u2013 Konzert<\/strong><\/p>\n<p>Querfl\u00f6tenensemble der Musikschule Herten (Leitung: Sascha Schiefer)<\/p>\n<p><strong>17.40 bis 18.00 Uhr \u2013 Konzert<\/strong><\/p>\n<p>Baglamasch\u00fcler*innen der Musikschule Herten (Leitung: Alpay Bozkurt)<\/p>\n<p><strong>18.00 bis 18.30 Uhr \u2013 Lesung<\/strong><\/p>\n<p>Ein Rabe im Schnee (Gute-Nacht-Geschichten)<\/p>\n<p>Ein weiteres musikalisches Angebot gibt es vor dem Demokratiefenster in der Ewaldstra\u00dfe 9-11. Dort tritt die <strong>Musikgruppe\u00a0\u201eKaribuni\u201c<\/strong> zwischen 1<strong>5.30 und 16.00 Uhr<\/strong> sowie zwischen <strong>17.00 und 17.30 Uhr<\/strong> mit Ihrer <em>Weltmusik f\u00fcr Kinder<\/em> auf.<\/p>\n<p>Zus\u00e4tzlich gibt es kleine Leckereien, die vom dm-drogerie Markt in der Hermannstra\u00dfe gespendet wurden.<\/p>\n<div>\n<p>Nat\u00fcrlich m\u00fcssen auch die Corona-Regeln befolgt werden. In allen R\u00e4umlichkeiten besteht Maskenpflicht und der Zutritt f\u00fcr Erwachsene erfolgt nur nach der 3G-Regel (geimpft, genesen oder getestet). Der Test darf in diesem Zusammenhang nicht \u00e4lter als 24 Stunden sein.\u00a0<\/p>\n<\/div>\n<div>\n<p><strong>Teilnehmende Einrichtungen:<\/strong><\/p>\n<\/div>\n<div>\n<p><em>Demokratie Leben!, Falkentreff Herten, Haus der Kulturen, Kinder- und\u00a0Jugendf\u00f6rderung der Stadt Herten (Cliquentreff Sch\u00fcrmannswiese,\u00a0Elternmitarbeit, Kinder- &amp; Jugendschutz, Kinderfreunde, Spielk\u00e4fer),\u00a0Musikschule Herten, Stadtbibliothek, Ti\u00f6ns-Koben e.V.,\u00a0Verein zur\u00a0F\u00f6rderung der Stadtbibliothek e.V., Waldritter e.V.)<\/em><\/p>\n<\/div>\n","protected":false},"excerpt":{"rendered":"<p>Nur noch zwei Tage:\u00a0 dann warten von 15.00 bis 19.00 Uhr in der s\u00fcdlichen Ewaldstra\u00dfe tolle und spannende Angebote auf Kinder und ihre Familien. Das Projektb\u00fcro NEUSTART INNENSTADT richtet zusammen mit zahlreichen Kinder-, Jugend- und Bildungseinrichtungen aus der Hertener Innenstadt das Fest \u201eLichter an zum Kinderspa\u00df!\u201c aus. Ob spannende Vorlesegeschichten, tolle Konzerte, das kreative Gestalten&hellip; <a class=\"continue\" href=\"https:\/\/unser-quartier.de\/neustart-innenstadt\/2021\/11\/freitag-ist-es-soweit-lichter-an-zum-kinderspass\/\" data-wpel-link=\"internal\"> \u00bb weiterlesen: <span> Freitag ist es soweit: Lichter an zum Kinderspa\u00df!<\/span><\/a><\/p>\n","protected":false},"author":740,"featured_media":0,"comment_status":"closed","ping_status":"closed","sticky":false,"template":"","format":"standard","meta":{"generate_page_header":"","footnotes":""},"categories":[4],"tags":[],"class_list":["post-5599","post","type-post","status-publish","format-standard","hentry","category-berichte"],"_links":{"self":[{"href":"https:\/\/unser-quartier.de\/neustart-innenstadt\/wp-json\/wp\/v2\/posts\/5599","targetHints":{"allow":["GET"]}}],"collection":[{"href":"https:\/\/unser-quartier.de\/neustart-innenstadt\/wp-json\/wp\/v2\/posts"}],"about":[{"href":"https:\/\/unser-quartier.de\/neustart-innenstadt\/wp-json\/wp\/v2\/types\/post"}],"author":[{"embeddable":true,"href":"https:\/\/unser-quartier.de\/neustart-innenstadt\/wp-json\/wp\/v2\/users\/740"}],"replies":[{"embeddable":true,"href":"https:\/\/unser-quartier.de\/neustart-innenstadt\/wp-json\/wp\/v2\/comments?post=5599"}],"version-history":[{"count":0,"href":"https:\/\/unser-quartier.de\/neustart-innenstadt\/wp-json\/wp\/v2\/posts\/5599\/revisions"}],"wp:attachment":[{"href":"https:\/\/unser-quartier.de\/neustart-innenstadt\/wp-json\/wp\/v2\/media?parent=5599"}],"wp:term":[{"taxonomy":"category","embeddable":true,"href":"https:\/\/unser-quartier.de\/neustart-innenstadt\/wp-json\/wp\/v2\/categories?post=5599"},{"taxonomy":"post_tag","embeddable":true,"href":"https:\/\/unser-quartier.de\/neustart-innenstadt\/wp-json\/wp\/v2\/tags?post=5599"}],"curies":[{"name":"wp","href":"https:\/\/api.w.org\/{rel}","templated":true}]}}