{"id":5602,"date":"2021-11-22T13:26:43","date_gmt":"2021-11-22T12:26:43","guid":{"rendered":"https:\/\/unser-quartier.de\/neustart-innenstadt\/?p=5602"},"modified":"2021-11-22T14:31:09","modified_gmt":"2021-11-22T13:31:09","slug":"lichter-an-zum-kinderspass-ein-voller-erfolg","status":"publish","type":"post","link":"https:\/\/unser-quartier.de\/neustart-innenstadt\/2021\/11\/lichter-an-zum-kinderspass-ein-voller-erfolg\/","title":{"rendered":"&#8222;Lichter an zum Kinderspa\u00df!&#8220; &#8211; Ein voller Erfolg"},"content":{"rendered":"<figure id=\"attachment_5608\" aria-describedby=\"caption-attachment-5608\" style=\"width: 300px\" class=\"wp-caption alignleft\"><img loading=\"lazy\" decoding=\"async\" id=\"longdesc-return-5608\" class=\" wp-image-5608\" tabindex=\"-1\" src=\"https:\/\/unser-quartier.de\/neustart-innenstadt\/files\/2021\/11\/ISB_Hert_KF_149-300x200.jpg\" alt=\"Gestaltung von M\u00fctzen und Rucks\u00e4cken im Projektb\u00fcro\" width=\"310\" height=\"206\" longdesc=\"https:\/\/unser-quartier.de\/neustart-innenstadt?longdesc=5608&amp;referrer=5602\" \/><figcaption id=\"caption-attachment-5608\" class=\"wp-caption-text\">Gestaltung von M\u00fctzen und Rucks\u00e4cken im Projektb\u00fcro<\/figcaption><\/figure>\n<p>Am vergangenen Freitag war es endlich so weit: zusammen mit zahlreichen Kinder-, Jugend- und Bildungseinrichtungen richtete das Projektb\u00fcro NEUSTADT INNENSTADT erstmalig das Herbstfest &#8222;Lichter an zum Kinderspa\u00df!&#8220; aus. An insgesamt f\u00fcnf bunt beleuchteten Standorten in der Ewaldstra\u00dfe, angefangen vom Demokratiefenster und dem Jugendtreff der Waldritter, \u00fcber das Projektb\u00fcro NEUSTART INNENSTADT und die Ludothek der Waldritter bis hin zum Projektraum am Place d\u00b4Arras wurden tolle Aktionen f\u00fcr Kinder angeboten. &#8222;Ob Basteln, Malen, Gestalten oder Spielen, die Kinder hatten richtig Spa\u00df!&#8220;, freut sich Martin Pricken vom Projektb\u00fcro NEUSTART INNENSTADT. So wurde dieses an dem Tag von der Jugendf\u00f6rderung der Stadt Herten (Kinderfreunde, Cliquentreff Sch\u00fcrmannswiese, Spielek\u00e4fer) \u00fcbernommen: Kreide-Tattoos, die Gestaltung von M\u00fctzen und Rucks\u00e4cken sowie coole Reflektoren kamen bei allen Kindern sehr gut an.\u00a0<\/p>\n<p>Gegen\u00fcber des Projektb\u00fcros, in der Ludothek sowie dem Jugendtreff der Waldritter haben die Falken, der Ti\u00f6ns Koben sowie die Waldritter wie am Flie\u00dfband Traumf\u00e4nger, Windlichter und au\u00dfergew\u00f6hnliche Pappfiguren mit den Kindern gebastelt. &#8222;Sch\u00f6n, dass so viele Kinder da waren. Manche haben so viel gebastelt, dass sie nun die ganze Wohnung damit dekorieren k\u00f6nnen&#8220;, zeigt sich auch Carmen Muhs von den Waldrittern begeistert.\u00a0<\/p>\n<figure id=\"attachment_5607\" aria-describedby=\"caption-attachment-5607\" style=\"width: 305px\" class=\"wp-caption alignright\"><img loading=\"lazy\" decoding=\"async\" class=\" wp-image-5607\" src=\"https:\/\/unser-quartier.de\/neustart-innenstadt\/files\/2021\/11\/ISB_Hert_KF_283-300x200.jpg\" alt=\"Malen mit fluoreszierenden Farben im Demokratiefenster\" width=\"315\" height=\"210\" \/><figcaption id=\"caption-attachment-5607\" class=\"wp-caption-text\">Malen mit fluoreszierenden Farben im Demokratiefenster<\/figcaption><\/figure>\n<p>Bunt wurde es auch im Demokratiefenster. Das Haus der Kulturen hat hier zusammen mit den Kindern mit fluoreszierenden Farben &#8211; die also bei Dunkelheit leuchten &#8211; gemalt. &#8222;Das kam super an!&#8220;, so Daniela Franken-Vahrenholt vom Haus der Kulturen. Dar\u00fcber hinaus konnten sich die Kinder an einem kleinen Roboter der Stadtbibliothek begeistern. Ein absolutes Highlight fand zudem direkt vor dem Demokratiefenster statt: Das musikalische Duo &#8222;Karibuni&#8220;, gef\u00f6rdert durch Demokratie leben!, \u00a0lockte durch ihre &#8222;Weltmusik f\u00fcr Kinder&#8220; eine Vielzahl von Besucher*innen an. Es wurde fr\u00f6hlich mitgesungen und mitgetanzt.\u00a0<\/p>\n<figure id=\"attachment_5610\" aria-describedby=\"caption-attachment-5610\" style=\"width: 217px\" class=\"wp-caption alignleft\"><img loading=\"lazy\" decoding=\"async\" id=\"longdesc-return-5610\" class=\" wp-image-5610\" tabindex=\"-1\" src=\"https:\/\/unser-quartier.de\/neustart-innenstadt\/files\/2021\/11\/ISB_Hert_KF_180-300x200.jpg\" alt=\"Konzert im Projektraum\" width=\"227\" height=\"151\" longdesc=\"https:\/\/unser-quartier.de\/neustart-innenstadt?longdesc=5610&amp;referrer=5602\" \/><figcaption id=\"caption-attachment-5610\" class=\"wp-caption-text\">Konzert im Projektraum<\/figcaption><\/figure>\n<p>Musikalisch wurde es auch im Projektraum des NEUSTART INNENSTADT am Place d\u00b4Arras. Die Musikschule Herten pr\u00e4sentierte dort u.a. ihr Saxophon- und Querfl\u00f6tenensemble. In den musikalischen Pausen lauschten die Kinder dann den Vorlesungen des F\u00f6rdervereins der Stadtbibliothek.\u00a0<\/p>\n<p>&#8222;Wir sind sehr gl\u00fccklich, dass wir 150 bis 200 Kinder einen sch\u00f6nen Nachmittag bereiten konnten. Wir schauten nur in strahlende Gesichter&#8220;, zieht Julian Kundel-F\u00fcth vom Projektb\u00fcro \u00a0NEUSTART INNENSTADT ein durchweg positives Res\u00fcmee. Seine Kollegin Lisa Vinnytska erg\u00e4nzt: &#8222;Manche Kinder haben uns sogar gefragt, wann die Aktion wieder stattfindet.&#8220; Einen besseren Grund f\u00fcr eine Wiederholung im n\u00e4chsten Jahr gibt es nicht.\u00a0<\/p>\n","protected":false},"excerpt":{"rendered":"<p>Am vergangenen Freitag war es endlich so weit: zusammen mit zahlreichen Kinder-, Jugend- und Bildungseinrichtungen richtete das Projektb\u00fcro NEUSTADT INNENSTADT erstmalig das Herbstfest &#8222;Lichter an zum Kinderspa\u00df!&#8220; aus. An insgesamt f\u00fcnf bunt beleuchteten Standorten in der Ewaldstra\u00dfe, angefangen vom Demokratiefenster und dem Jugendtreff der Waldritter, \u00fcber das Projektb\u00fcro NEUSTART INNENSTADT und die Ludothek der Waldritter&hellip; <a class=\"continue\" href=\"https:\/\/unser-quartier.de\/neustart-innenstadt\/2021\/11\/lichter-an-zum-kinderspass-ein-voller-erfolg\/\" data-wpel-link=\"internal\"> \u00bb weiterlesen: <span> &#8222;Lichter an zum Kinderspa\u00df!&#8220; &#8211; Ein voller Erfolg<\/span><\/a><\/p>\n","protected":false},"author":740,"featured_media":0,"comment_status":"closed","ping_status":"closed","sticky":false,"template":"","format":"standard","meta":{"generate_page_header":"","footnotes":""},"categories":[3,4],"tags":[],"class_list":["post-5602","post","type-post","status-publish","format-standard","hentry","category-persoenlichkeiten","category-berichte"],"_links":{"self":[{"href":"https:\/\/unser-quartier.de\/neustart-innenstadt\/wp-json\/wp\/v2\/posts\/5602","targetHints":{"allow":["GET"]}}],"collection":[{"href":"https:\/\/unser-quartier.de\/neustart-innenstadt\/wp-json\/wp\/v2\/posts"}],"about":[{"href":"https:\/\/unser-quartier.de\/neustart-innenstadt\/wp-json\/wp\/v2\/types\/post"}],"author":[{"embeddable":true,"href":"https:\/\/unser-quartier.de\/neustart-innenstadt\/wp-json\/wp\/v2\/users\/740"}],"replies":[{"embeddable":true,"href":"https:\/\/unser-quartier.de\/neustart-innenstadt\/wp-json\/wp\/v2\/comments?post=5602"}],"version-history":[{"count":0,"href":"https:\/\/unser-quartier.de\/neustart-innenstadt\/wp-json\/wp\/v2\/posts\/5602\/revisions"}],"wp:attachment":[{"href":"https:\/\/unser-quartier.de\/neustart-innenstadt\/wp-json\/wp\/v2\/media?parent=5602"}],"wp:term":[{"taxonomy":"category","embeddable":true,"href":"https:\/\/unser-quartier.de\/neustart-innenstadt\/wp-json\/wp\/v2\/categories?post=5602"},{"taxonomy":"post_tag","embeddable":true,"href":"https:\/\/unser-quartier.de\/neustart-innenstadt\/wp-json\/wp\/v2\/tags?post=5602"}],"curies":[{"name":"wp","href":"https:\/\/api.w.org\/{rel}","templated":true}]}}