{"id":5626,"date":"2021-11-24T14:32:26","date_gmt":"2021-11-24T13:32:26","guid":{"rendered":"https:\/\/unser-quartier.de\/neustart-innenstadt\/?p=5626"},"modified":"2021-11-24T14:32:26","modified_gmt":"2021-11-24T13:32:26","slug":"dezemberaktion-in-der-stadtbibliothek-bilderbuchkino-und-bastelaktion","status":"publish","type":"post","link":"https:\/\/unser-quartier.de\/neustart-innenstadt\/2021\/11\/dezemberaktion-in-der-stadtbibliothek-bilderbuchkino-und-bastelaktion\/","title":{"rendered":"Dezemberaktion in der Stadtbibliothek: Bilderbuchkino und Bastelaktion"},"content":{"rendered":"<p>Damit die Wartezeit auf die Weihnachtstage f\u00fcr die kleinen Leserinnen und Leser nicht so lang wird, hat sich das kreative Team der Stadtbibliothek eine neue Vorleseaktion einfallen lassen.\u00a0Ab Dezember findet jeden Donnerstag um 15 Uhr ein Bilderbuchkino statt. Geschichten rund um Weihnachten werden vorgelesen. Ein Familienerlebnis f\u00fcr Ohren und Augen, denn auf einer gro\u00dfen Leinwand werden zur Geschichte die Bilder gezeigt. Wie sehen wohl die Figuren aus\u00a0 \u2026?!<\/p>\n<p>Doch damit nicht genug! Im Anschluss gibt es eine bunte, flauschige und klebrige Bastelaktion. Die sch\u00f6nste Lieblingskleidung sollte demnach nicht angelegt werden! Die Materialien sind bereit gelegt und warten nur darauf von den Kindern \u201everbastelt\u201c zu werden.<\/p>\n<p>Damit gen\u00fcgend Platz zum Austoben zur Verf\u00fcgung ist, wird die Aktion auf 10 Kinder begrenzt.<\/p>\n<p><strong>Die Anmeldung erfolgt ab dem 23.11.2021\u00a0 in der Kinder- und Jugendbibliothek.<\/strong> Hier gibt es spezielle Karten, die bei der Veranstaltung wieder eingesammelt werden.<\/p>\n<p>Achtung: Es wird nur f\u00fcr die n\u00e4chste Vorleseaktion und f\u00fcr das eigene Kind eine Karte ausgegeben!\u00a0Die Stadtbibliothek m\u00f6chte jedem Kind die M\u00f6glichkeit geben, an der Veranstaltung teilzunehmen.\u00a0Die Mitnahme von Karten f\u00fcr mehrere Weihnachtsaktionen sowie f\u00fcr Freunde der Kinder ist daher nicht m\u00f6glich.\u00a0Die Karten f\u00fcr die n\u00e4chste Veranstaltung werden immer am Folgetag des letzten Bilderbuchkinos herausgegeben.<\/p>\n<p>Der F\u00f6rderverein der\u00a0 Stadtbibliothek\u00a0 unterst\u00fctzt die Dezemberaktion und freut sich auf die n\u00e4chste Idee des kreativen Teams der Stadtbibliothek im Glashaus.<\/p>\n<p><em>Foto: (von links nach rechts) Nadine Hen\u00dfen, Karoline Schmied, Katharina Kirschner, (Stadtbibliothek im Glashaus) haben die Dezemberaktion vorbereitet und freuen sich auf die Durchf\u00fchrung mit den Kindern<\/em><\/p>\n","protected":false},"excerpt":{"rendered":"<p>Damit die Wartezeit auf die Weihnachtstage f\u00fcr die kleinen Leserinnen und Leser nicht so lang wird, hat sich das kreative Team der Stadtbibliothek eine neue Vorleseaktion einfallen lassen.\u00a0Ab Dezember findet jeden Donnerstag um 15 Uhr ein Bilderbuchkino statt. Geschichten rund um Weihnachten werden vorgelesen. Ein Familienerlebnis f\u00fcr Ohren und Augen, denn auf einer gro\u00dfen Leinwand&hellip; <a class=\"continue\" href=\"https:\/\/unser-quartier.de\/neustart-innenstadt\/2021\/11\/dezemberaktion-in-der-stadtbibliothek-bilderbuchkino-und-bastelaktion\/\" data-wpel-link=\"internal\"> \u00bb weiterlesen: <span> Dezemberaktion in der Stadtbibliothek: Bilderbuchkino und Bastelaktion<\/span><\/a><\/p>\n","protected":false},"author":740,"featured_media":0,"comment_status":"closed","ping_status":"closed","sticky":false,"template":"","format":"standard","meta":{"generate_page_header":"","footnotes":""},"categories":[1,4],"tags":[],"class_list":["post-5626","post","type-post","status-publish","format-standard","hentry","category-dies-und-das","category-berichte"],"_links":{"self":[{"href":"https:\/\/unser-quartier.de\/neustart-innenstadt\/wp-json\/wp\/v2\/posts\/5626","targetHints":{"allow":["GET"]}}],"collection":[{"href":"https:\/\/unser-quartier.de\/neustart-innenstadt\/wp-json\/wp\/v2\/posts"}],"about":[{"href":"https:\/\/unser-quartier.de\/neustart-innenstadt\/wp-json\/wp\/v2\/types\/post"}],"author":[{"embeddable":true,"href":"https:\/\/unser-quartier.de\/neustart-innenstadt\/wp-json\/wp\/v2\/users\/740"}],"replies":[{"embeddable":true,"href":"https:\/\/unser-quartier.de\/neustart-innenstadt\/wp-json\/wp\/v2\/comments?post=5626"}],"version-history":[{"count":0,"href":"https:\/\/unser-quartier.de\/neustart-innenstadt\/wp-json\/wp\/v2\/posts\/5626\/revisions"}],"wp:attachment":[{"href":"https:\/\/unser-quartier.de\/neustart-innenstadt\/wp-json\/wp\/v2\/media?parent=5626"}],"wp:term":[{"taxonomy":"category","embeddable":true,"href":"https:\/\/unser-quartier.de\/neustart-innenstadt\/wp-json\/wp\/v2\/categories?post=5626"},{"taxonomy":"post_tag","embeddable":true,"href":"https:\/\/unser-quartier.de\/neustart-innenstadt\/wp-json\/wp\/v2\/tags?post=5626"}],"curies":[{"name":"wp","href":"https:\/\/api.w.org\/{rel}","templated":true}]}}