{"id":5634,"date":"2021-11-26T11:17:58","date_gmt":"2021-11-26T10:17:58","guid":{"rendered":"https:\/\/unser-quartier.de\/neustart-innenstadt\/?p=5634"},"modified":"2021-11-26T11:17:58","modified_gmt":"2021-11-26T10:17:58","slug":"wieder-da-der-kalender-mit-historischen-fotos-aus-der-hertener-innenstadt","status":"publish","type":"post","link":"https:\/\/unser-quartier.de\/neustart-innenstadt\/2021\/11\/wieder-da-der-kalender-mit-historischen-fotos-aus-der-hertener-innenstadt\/","title":{"rendered":"Wieder da: der Kalender mit historischen Fotos aus der Hertener Innenstadt"},"content":{"rendered":"<p>Das Jahr neigt sich dem Ende, 2022 steht in den Startl\u00f6chern \u2013 jetzt muss ein neuer Kalender her \u2026 Beliebt ist er schon seit vielen Jahren der Fotokalender mit historischen Motiven aus der Hertener Innenstadt, und auch in diesem Jahr gibt es ihn wieder!<\/p>\n<p>In diesem Jahr wurde der Kalender aus dem Verf\u00fcgungsfonds des Projektes NEUSTART INNENSTADT mitfinanziert. J\u00f6rg M\u00fcller, Inhaber der Antonius-Apotheke, sowie sechs weitere Unternehmer*innen der Hertener Innenstadt erkl\u00e4rten sich bereit, den 50-prozentigen Eigenanteil f\u00fcr einen Verf\u00fcgungsfondsantrag zu erbringen, sodass nun doppelt so viele Exemplare wie im letzten Jahr, insgesamt 1.000 St\u00fcck, gedruckt werden konnten.<\/p>\n<p>Die tollen historischen Fotos f\u00fcr den Spiralkalender wurden wieder von Hans-Henning D\u00fcdder und Willi Vogel zusammengestellt und bieten spannende Einblicke in die Geschichte der Hertener Innenstadt. Interessierte k\u00f6nnen sich ihr Kalenderexemplar kostenlos ab Montag, 22.11.2021, bei den beteiligten Unternehmen abholen: In der Antonius-Apotheke, bei Bajrami Friseure, im Kaiserhof, beim Verkehrsverein Herten, in der B\u00e4ren-Apotheke, bei Bestattungen K\u00f6ller und bei der M\u00fchle Eppert.<\/p>\n","protected":false},"excerpt":{"rendered":"<p>Der neue Kalender mit historischen Fotos aus der Hertener Innenstadt ist da und ab sofort in einigen Gesch\u00e4ften der Innenstadt erh\u00e4ltlich.  <a class=\"continue\" href=\"https:\/\/unser-quartier.de\/neustart-innenstadt\/2021\/11\/wieder-da-der-kalender-mit-historischen-fotos-aus-der-hertener-innenstadt\/\" data-wpel-link=\"internal\"> \u00bb weiterlesen: <span> Wieder da: der Kalender mit historischen Fotos aus der Hertener Innenstadt<\/span><\/a><\/p>\n","protected":false},"author":740,"featured_media":0,"comment_status":"closed","ping_status":"closed","sticky":false,"template":"","format":"standard","meta":{"generate_page_header":"","footnotes":""},"categories":[1],"tags":[],"class_list":["post-5634","post","type-post","status-publish","format-standard","hentry","category-dies-und-das"],"_links":{"self":[{"href":"https:\/\/unser-quartier.de\/neustart-innenstadt\/wp-json\/wp\/v2\/posts\/5634","targetHints":{"allow":["GET"]}}],"collection":[{"href":"https:\/\/unser-quartier.de\/neustart-innenstadt\/wp-json\/wp\/v2\/posts"}],"about":[{"href":"https:\/\/unser-quartier.de\/neustart-innenstadt\/wp-json\/wp\/v2\/types\/post"}],"author":[{"embeddable":true,"href":"https:\/\/unser-quartier.de\/neustart-innenstadt\/wp-json\/wp\/v2\/users\/740"}],"replies":[{"embeddable":true,"href":"https:\/\/unser-quartier.de\/neustart-innenstadt\/wp-json\/wp\/v2\/comments?post=5634"}],"version-history":[{"count":0,"href":"https:\/\/unser-quartier.de\/neustart-innenstadt\/wp-json\/wp\/v2\/posts\/5634\/revisions"}],"wp:attachment":[{"href":"https:\/\/unser-quartier.de\/neustart-innenstadt\/wp-json\/wp\/v2\/media?parent=5634"}],"wp:term":[{"taxonomy":"category","embeddable":true,"href":"https:\/\/unser-quartier.de\/neustart-innenstadt\/wp-json\/wp\/v2\/categories?post=5634"},{"taxonomy":"post_tag","embeddable":true,"href":"https:\/\/unser-quartier.de\/neustart-innenstadt\/wp-json\/wp\/v2\/tags?post=5634"}],"curies":[{"name":"wp","href":"https:\/\/api.w.org\/{rel}","templated":true}]}}