{"id":5638,"date":"2021-11-29T10:33:56","date_gmt":"2021-11-29T09:33:56","guid":{"rendered":"https:\/\/unser-quartier.de\/neustart-innenstadt\/?p=5638"},"modified":"2021-11-29T10:33:56","modified_gmt":"2021-11-29T09:33:56","slug":"erster-spatenstich-fuer-bauprojekt-hertener-hoefe","status":"publish","type":"post","link":"https:\/\/unser-quartier.de\/neustart-innenstadt\/2021\/11\/erster-spatenstich-fuer-bauprojekt-hertener-hoefe\/","title":{"rendered":"Erster Spatenstich f\u00fcr Bauprojekt \u201eHertener H\u00f6fe\u201c"},"content":{"rendered":"<p>Es geht endlich los: Am Mittwoch, 24. November, haben B\u00fcrgermeister Matthias M\u00fcller, Stadtbaur\u00e4tin Janine Feldmann, Landrat Bodo Klimpel und Dr. Stephan Schnitzler, Gesch\u00e4ftsf\u00fchrer von Phoenix development, den Spaten geschwungen und mit dem Bau der \u201eHertener H\u00f6fe\u201c symbolisch begonnen. Beim Spatenstich \u00fcberreichte der B\u00fcrgermeister auch die offizielle Baugenehmigung und w\u00fcnschte dem Investor sowie dem zust\u00e4ndigen Generalunternehmen Kubus K\u00f6ln viel Erfolg bei der Umsetzung des Gro\u00dfprojekts.<\/p>\n<p>\u201eIch freue mich, dass wir diesen wichtigen Schritt jetzt gehen k\u00f6nnen und wir so schnell Fortschritte auf diesem Platz sehen werden\u201c, so B\u00fcrgermeister Matthias M\u00fcller. \u201eDer neue Komplex wird ein Ort, an dem die Hertener B\u00fcrgerinnen und B\u00fcrger das N\u00fctzliche mit dem Angenehmen verbinden k\u00f6nnen. Ich bin zuversichtlich, dass dabei eine Br\u00fccke zum restlichen Teil der Hertener Innenstadt geschlagen wird.\u201c Auch Stadtbaur\u00e4tin Janine Feldmann zeigte sich erfreut \u00fcber die neuesten Entwicklungen.<\/p>\n<p>Insgesamt setzt die Phoenix development GmbH eine Bauzeit von rund 18 Monaten an. Dann sollen die 20.000 Quadratmeter mit Jobcenter, Einzelhandel und Gastronomie f\u00fcr die B\u00fcrgerinnen und B\u00fcrger zur Verf\u00fcgung stehen. Das zentral in der Innenstadt von Herten gelegene Grundst\u00fcck hat Phoenix development im Dezember 2018 erworben. Zu diesem Zeitpunkt befand sich noch das weitgehend leerstehende Einkaufs- und Freizeitzentrum Herten Forum, eine Weiterentwicklung des ehemaligen Karstadt-Geb\u00e4udes, auf dem Gel\u00e4nde. Phoenix hat diesen gesamten Bestand mittlerweile vollst\u00e4ndig zur\u00fcckgebaut.<\/p>\n<p><em>Foto: \u00a0(v.l.n.r.) Faim Sal\u010din (Inhaber von Kubus K\u00f6ln), Phoenix Gesch\u00e4ftsf\u00fchrer Dr. Stephan Schnitzler, Stadtbaur\u00e4tin Janine Feldmann, Landrat Bodo Klimpel und B\u00fcrgermeister Matthias M\u00fcller t\u00e4tigten den ersten Spatenstich an der Gro\u00dfbaustelle f\u00fcr die zuk\u00fcnftigen \u201eHertener H\u00f6fe\u201c.<\/em><\/p>\n","protected":false},"excerpt":{"rendered":"<p>Es geht endlich los: Am Mittwoch, 24. November, haben B\u00fcrgermeister Matthias M\u00fcller, Stadtbaur\u00e4tin Janine Feldmann, Landrat Bodo Klimpel und Dr. Stephan Schnitzler, Gesch\u00e4ftsf\u00fchrer von Phoenix development, den Spaten geschwungen und mit dem Bau der \u201eHertener H\u00f6fe\u201c symbolisch begonnen. Beim Spatenstich \u00fcberreichte der B\u00fcrgermeister auch die offizielle Baugenehmigung und w\u00fcnschte dem Investor sowie dem zust\u00e4ndigen Generalunternehmen&hellip; <a class=\"continue\" href=\"https:\/\/unser-quartier.de\/neustart-innenstadt\/2021\/11\/erster-spatenstich-fuer-bauprojekt-hertener-hoefe\/\" data-wpel-link=\"internal\"> \u00bb weiterlesen: <span> Erster Spatenstich f\u00fcr Bauprojekt \u201eHertener H\u00f6fe\u201c<\/span><\/a><\/p>\n","protected":false},"author":740,"featured_media":0,"comment_status":"closed","ping_status":"closed","sticky":false,"template":"","format":"standard","meta":{"generate_page_header":"","footnotes":""},"categories":[1],"tags":[],"class_list":["post-5638","post","type-post","status-publish","format-standard","hentry","category-dies-und-das"],"_links":{"self":[{"href":"https:\/\/unser-quartier.de\/neustart-innenstadt\/wp-json\/wp\/v2\/posts\/5638","targetHints":{"allow":["GET"]}}],"collection":[{"href":"https:\/\/unser-quartier.de\/neustart-innenstadt\/wp-json\/wp\/v2\/posts"}],"about":[{"href":"https:\/\/unser-quartier.de\/neustart-innenstadt\/wp-json\/wp\/v2\/types\/post"}],"author":[{"embeddable":true,"href":"https:\/\/unser-quartier.de\/neustart-innenstadt\/wp-json\/wp\/v2\/users\/740"}],"replies":[{"embeddable":true,"href":"https:\/\/unser-quartier.de\/neustart-innenstadt\/wp-json\/wp\/v2\/comments?post=5638"}],"version-history":[{"count":0,"href":"https:\/\/unser-quartier.de\/neustart-innenstadt\/wp-json\/wp\/v2\/posts\/5638\/revisions"}],"wp:attachment":[{"href":"https:\/\/unser-quartier.de\/neustart-innenstadt\/wp-json\/wp\/v2\/media?parent=5638"}],"wp:term":[{"taxonomy":"category","embeddable":true,"href":"https:\/\/unser-quartier.de\/neustart-innenstadt\/wp-json\/wp\/v2\/categories?post=5638"},{"taxonomy":"post_tag","embeddable":true,"href":"https:\/\/unser-quartier.de\/neustart-innenstadt\/wp-json\/wp\/v2\/tags?post=5638"}],"curies":[{"name":"wp","href":"https:\/\/api.w.org\/{rel}","templated":true}]}}