{"id":6115,"date":"2022-07-27T17:43:04","date_gmt":"2022-07-27T15:43:04","guid":{"rendered":"https:\/\/unser-quartier.de\/neustart-innenstadt\/?p=6115"},"modified":"2022-07-27T17:47:11","modified_gmt":"2022-07-27T15:47:11","slug":"das-projektbuero-neustart-innenstadt-sucht-spannende-projekte-zur-staerkung-der-hertener-innenstadt","status":"publish","type":"post","link":"https:\/\/unser-quartier.de\/neustart-innenstadt\/2022\/07\/das-projektbuero-neustart-innenstadt-sucht-spannende-projekte-zur-staerkung-der-hertener-innenstadt\/","title":{"rendered":"Das Projektb\u00fcro NEUSTART INNENSTADT sucht spannende Projekte zur St\u00e4rkung der Hertener Innenstadt!"},"content":{"rendered":"<p>Haben Sie eine Idee f\u00fcr b\u00fcrgerschaftliche und nicht-kommerzielle Aktionen, Veranstaltungen oder Projekte? Mit den Mitteln des F\u00f6rdertopfes Aktionsfonds NEUSTART INNENSTADT k\u00f6nnen Ihre Ideen finanziell unterst\u00fctzt werden. In diesem Jahr stehen noch 20.000 \u20ac f\u00fcr die Projekte zur Verf\u00fcgung, die der Innenstadtentwicklung, dem Image der Innenstadt und den Bewohnerinnen und Bewohnern zugutekommen. Es kann ein breites Spektrum an Projekten mit bis zu 100 % der anfallenden Kosten gef\u00f6rdert werden, z. B. aus den Bereichen Sport, Kultur, Bildung, Kunst, Natur oder Integration.<\/p>\n<p>Um mehr Informationen \u00fcber den Aktionsfonds NEUSTART INNENSTADT und die Unterst\u00fctzung bei der Antragstellung zu erhalten, nehmen Sie einfach Kontakt mit dem Team des Projektb\u00fcros in der Ewaldstra\u00dfe 15\u00a0(Telefon:\u00a002366 \u2013 9360620, E-Mail:\u00a0<a href=\"https:\/\/unser-quartier.de\/neustart-innenstadt\/2022\/01\/ihre-projektideen-fuer-den-aktionsfonds\/innenstadtbuero@innenstadt-herten.de\" data-wpel-link=\"internal\">innenstadtbuero@innenstadt-herten.de<\/a>) auf. Das Team des Projektb\u00fcros unterst\u00fctzt gerne bei der Antragstellung und Umsetzung der Projekte.<\/p>\n<p>\u00dcber die Bewilligung der Antr\u00e4ge entscheidet dann der Innenstadtbeirat, der sich als Begleitgremium des NEUSTART INNENSTADT aus 27 Mitgliedern aus der Bewohnerschaft, von Einrichtungen und Vereinen sowie der Politik zusammensetzt und sich im viertelj\u00e4hrlich trifft. Die n\u00e4chste Sitzung des Beirats findet am 22. August 2022 statt.Projektantr\u00e4ge m\u00fcssen rechtzeitig beim Projektb\u00fcro eingereicht werden.<\/p>\n<p>Der Aktionsfonds NEUSTART INNENSTADT wurde in den letzten Jahren bereits sehr gut in Anspruch genommen, so dass inzwischen \u00fcber 20 tolle Projekte in der Innenstadt umgesetzt werden konnten. Hierzu z\u00e4hlen u.a. die Kulturbaustellen, das Projekt \u201eHerten bei der Nacht\u201c, das Modell Grubengeb\u00e4ude Innenstadt, ein Schach-Projekt in der Innenstadt oder zwei Projekte auf der Gartenfl\u00e4che am Wittkamp. Realisieren Sie jetzt auch Ihre Projektidee!<\/p>\n","protected":false},"excerpt":{"rendered":"<p>Haben Sie eine Idee f\u00fcr b\u00fcrgerschaftliche und nicht-kommerzielle Aktionen, Veranstaltungen oder Projekte? Mit den Mitteln des F\u00f6rdertopfes Aktionsfonds NEUSTART INNENSTADT k\u00f6nnen Ihre Ideen finanziell unterst\u00fctzt werden. In diesem Jahr stehen noch 20.000 \u20ac f\u00fcr die Projekte zur Verf\u00fcgung, die der Innenstadtentwicklung, dem Image der Innenstadt und den Bewohnerinnen und Bewohnern zugutekommen. Es kann ein breites&hellip; <a class=\"continue\" href=\"https:\/\/unser-quartier.de\/neustart-innenstadt\/2022\/07\/das-projektbuero-neustart-innenstadt-sucht-spannende-projekte-zur-staerkung-der-hertener-innenstadt\/\" data-wpel-link=\"internal\"> \u00bb weiterlesen: <span> Das Projektb\u00fcro NEUSTART INNENSTADT sucht spannende Projekte zur St\u00e4rkung der Hertener Innenstadt!<\/span><\/a><\/p>\n","protected":false},"author":740,"featured_media":0,"comment_status":"closed","ping_status":"closed","sticky":false,"template":"","format":"standard","meta":{"generate_page_header":"","footnotes":""},"categories":[1],"tags":[],"class_list":["post-6115","post","type-post","status-publish","format-standard","hentry","category-dies-und-das"],"_links":{"self":[{"href":"https:\/\/unser-quartier.de\/neustart-innenstadt\/wp-json\/wp\/v2\/posts\/6115","targetHints":{"allow":["GET"]}}],"collection":[{"href":"https:\/\/unser-quartier.de\/neustart-innenstadt\/wp-json\/wp\/v2\/posts"}],"about":[{"href":"https:\/\/unser-quartier.de\/neustart-innenstadt\/wp-json\/wp\/v2\/types\/post"}],"author":[{"embeddable":true,"href":"https:\/\/unser-quartier.de\/neustart-innenstadt\/wp-json\/wp\/v2\/users\/740"}],"replies":[{"embeddable":true,"href":"https:\/\/unser-quartier.de\/neustart-innenstadt\/wp-json\/wp\/v2\/comments?post=6115"}],"version-history":[{"count":0,"href":"https:\/\/unser-quartier.de\/neustart-innenstadt\/wp-json\/wp\/v2\/posts\/6115\/revisions"}],"wp:attachment":[{"href":"https:\/\/unser-quartier.de\/neustart-innenstadt\/wp-json\/wp\/v2\/media?parent=6115"}],"wp:term":[{"taxonomy":"category","embeddable":true,"href":"https:\/\/unser-quartier.de\/neustart-innenstadt\/wp-json\/wp\/v2\/categories?post=6115"},{"taxonomy":"post_tag","embeddable":true,"href":"https:\/\/unser-quartier.de\/neustart-innenstadt\/wp-json\/wp\/v2\/tags?post=6115"}],"curies":[{"name":"wp","href":"https:\/\/api.w.org\/{rel}","templated":true}]}}